{"id":460317,"date":"2025-10-13T16:52:15","date_gmt":"2025-10-13T16:52:15","guid":{"rendered":"https:\/\/www.europesays.com\/fr\/460317\/"},"modified":"2025-10-13T16:52:15","modified_gmt":"2025-10-13T16:52:15","slug":"selon-larchitecte-rudy-ricciotti-il-faut-conserver-le-bati-comme-un-patrimoine","status":"publish","type":"post","link":"https:\/\/www.europesays.com\/fr\/460317\/","title":{"rendered":"selon l&rsquo;architecte Rudy Ricciotti, il faut \u00ab\u00a0conserver le b\u00e2ti comme un patrimoine\u00a0\u00bb"},"content":{"rendered":"<p><strong>Si on vous donnait les cl\u00e9s de Marseille, d&rsquo;un espace public \u00e0 transformer, lequel choisiriez-vous\u00a0?<\/strong>&#13;\n<\/p>\n<p>Il ne s&rsquo;agit pas de changer, il s&rsquo;agit juste d&rsquo;entretenir, d<a href=\"https:\/\/www.laprovence.com\/actu\/en-direct\/6234376\/rudy-ricciotti-auteur-du-mucem-de-marseille-retenu-pour-remodeler-le-musee-des-tissus-de-lyon.html\" target=\"_blank\" rel=\"nofollow noopener\">&lsquo;am\u00e9liorer<\/a> ces espaces publics, de les r\u00e9nover. Marseille, c&rsquo;est une ville qui respire et qui n&rsquo;est pas si malheureuse que \u00e7a. Allez vivre dans des villes du nord qui sont sinistr\u00e9es \u00e9conomiquement, et vous verrez ce que sont la pauvret\u00e9 et la mis\u00e8re.<\/p>\n<p><strong>La crise climatique modifie nos mani\u00e8res d&rsquo;habiter. Face \u00e0 l&rsquo;intensification des \u00e9pisodes de chaleur, de s\u00e9cheresse, Marseille est-elle pr\u00eate \u00e0 affronter ces bouleversements\u00a0?<\/strong>&#13;\n<\/p>\n<p>\u00c9coutez, vous savez que dans l&rsquo;immeuble dans lequel nous sommes, il n&rsquo;y a pas de climatisation. Vous avez chaud\u00a0? Non. S&rsquo;il fait chaud, on ouvre les fen\u00eatres. La r\u00e9alit\u00e9, elle est l\u00e0. Il faut aussi s&rsquo;adapter et arr\u00eater de demander \u00e0 \u00eatre prot\u00e9g\u00e9 comme des enfants.<\/p>\n<p><strong>Est-ce que l&rsquo;adaptation au r\u00e9chauffement climatique passe par une architecture vernaculaire\u00a0?<\/strong>&#13;\n<\/p>\n<p>Non, je ne crois pas. On est dans une ville europ\u00e9enne du XIXe\u00a0si\u00e8cle avec des valeurs urbaines. On ne va pas commencer \u00e0 faire une ville \u00ab\u00a0guignol\u00a0\u00bb\u00a0: \u00e7a ne marche pas comme \u00e7a\u00a0! Ce qu&rsquo;il faut, c&rsquo;est trouver des solutions pour limiter les <a href=\"https:\/\/www.laprovence.com\/article\/ecoplanete\/2851780882575614\/emissions-carbone-en-france-agnes-pannier-runacher-appelle-a-un-sursaut-collectif\" target=\"_blank\" rel=\"nofollow noopener\">\u00e9missions de c<\/a>&#8230;<\/p>\n","protected":false},"excerpt":{"rendered":"Si on vous donnait les cl\u00e9s de Marseille, d&rsquo;un espace public \u00e0 transformer, lequel choisiriez-vous\u00a0?&#13; Il ne s&rsquo;agit&hellip;\n","protected":false},"author":2,"featured_media":460318,"comment_status":"","ping_status":"","sticky":false,"template":"","format":"standard","meta":{"footnotes":""},"categories":[1358],"tags":[17,1348,1384,1385,12351,1386,58,59,1011,27,58488,48063,58490,58489,15298,104,4824],"class_list":{"0":"post-460317","1":"post","2":"type-post","3":"status-publish","4":"format-standard","5":"has-post-thumbnail","7":"category-arts-et-design","8":"tag-17","9":"tag-arts","10":"tag-arts-and-design","11":"tag-arts-et-design","12":"tag-demain","13":"tag-design","14":"tag-divertissement","15":"tag-entertainment","16":"tag-fr","17":"tag-france","18":"tag-imaginait","19":"tag-larchitecte","20":"tag-ricciotti","21":"tag-rudy","22":"tag-selon","23":"tag-societe","24":"tag-ville"},"share_on_mastodon":{"url":"https:\/\/pubeurope.com\/@fr\/115367899634007956","error":""},"_links":{"self":[{"href":"https:\/\/www.europesays.com\/fr\/wp-json\/wp\/v2\/posts\/460317","targetHints":{"allow":["GET"]}}],"collection":[{"href":"https:\/\/www.europesays.com\/fr\/wp-json\/wp\/v2\/posts"}],"about":[{"href":"https:\/\/www.europesays.com\/fr\/wp-json\/wp\/v2\/types\/post"}],"author":[{"embeddable":true,"href":"https:\/\/www.europesays.com\/fr\/wp-json\/wp\/v2\/users\/2"}],"replies":[{"embeddable":true,"href":"https:\/\/www.europesays.com\/fr\/wp-json\/wp\/v2\/comments?post=460317"}],"version-history":[{"count":0,"href":"https:\/\/www.europesays.com\/fr\/wp-json\/wp\/v2\/posts\/460317\/revisions"}],"wp:featuredmedia":[{"embeddable":true,"href":"https:\/\/www.europesays.com\/fr\/wp-json\/wp\/v2\/media\/460318"}],"wp:attachment":[{"href":"https:\/\/www.europesays.com\/fr\/wp-json\/wp\/v2\/media?parent=460317"}],"wp:term":[{"taxonomy":"category","embeddable":true,"href":"https:\/\/www.europesays.com\/fr\/wp-json\/wp\/v2\/categories?post=460317"},{"taxonomy":"post_tag","embeddable":true,"href":"https:\/\/www.europesays.com\/fr\/wp-json\/wp\/v2\/tags?post=460317"}],"curies":[{"name":"wp","href":"https:\/\/api.w.org\/{rel}","templated":true}]}}