{"id":460319,"date":"2025-10-13T16:53:12","date_gmt":"2025-10-13T16:53:12","guid":{"rendered":"https:\/\/www.europesays.com\/fr\/460319\/"},"modified":"2025-10-13T16:53:12","modified_gmt":"2025-10-13T16:53:12","slug":"une-edition-des-puces-aux-livres-plus-calme-cette-annee","status":"publish","type":"post","link":"https:\/\/www.europesays.com\/fr\/460319\/","title":{"rendered":"une \u00e9dition des puces aux livres plus calme cette ann\u00e9e"},"content":{"rendered":"<p>Ce dimanche, la salle des f\u00eates de Bulgn\u00e9ville accueillait une nouvelle \u00e9dition des puces aux livres. L\u2019\u00e9v\u00e9nement, devenu un rendez-vous annuel pour les amateurs de lecture, permet \u00e0 chacun de chiner romans, BD ou ouvrages anciens \u00e0 petits prix. \u00ab Le but est de d\u00e9barrasser les \u00e9tag\u00e8res \u00bb, souriaient plusieurs particuliers derri\u00e8re leur stand, heureux de donner une seconde vie \u00e0 leurs livres. <a href=\"https:\/\/www.vosgesmatin.fr\/culture-loisirs\/2025\/10\/08\/les-puces-du-livre-reviennent-a-bulgneville-ce-dimanche\" target=\"_blank\" rel=\"noopener\">Pr\u00e8s d\u2019une vingtaine d\u2019exposants avaient r\u00e9pondu pr\u00e9sent<\/a> , l\u2019ambiance se voulait, comme \u00e0 son habitude, conviviale mais cette fois plus tranquille que les ann\u00e9es pr\u00e9c\u00e9dentes.<\/p>\n<p>Ce contenu est bloqu\u00e9 car vous n&rsquo;avez pas accept\u00e9 les cookies et autres traceurs.<\/p>\n<p>En cliquant sur \u00ab J\u2019accepte \u00bb, les cookies et autres traceurs seront d\u00e9pos\u00e9s et vous pourrez visualiser les contenus  (<a href=\"\" class=\"consentModule_policy\" target=\"_blank\" title=\"Consulter la politique de protection des donn\u00e9es du fournisseur\">plus d&rsquo;informations<\/a>).<\/p>\n<p>En cliquant sur \u00ab J\u2019accepte tous les cookies \u00bb, vous autorisez des d\u00e9p\u00f4ts de cookies et autres traceurs pour le stockage de vos donn\u00e9es sur nos sites et applications \u00e0 des fins de personnalisation et de ciblage publicitaire.<\/p>\n<p class=\"consentModule_secondaryText\">Vous gardez la possibilit\u00e9 de retirer votre consentement \u00e0 tout moment en consultant notre <a href=\"https:\/\/www.vosgesmatin.fr\/protection-des-donnees\" target=\"_blank\" title=\"Consulter notre politique de protection des donn\u00e9es\" rel=\"noopener\">politique de protection des donn\u00e9es<\/a>. <br \/>&#13;<br \/>\n            <a href=\"https:\/\/www.vosgesmatin.fr\/culture-loisirs\/2025\/10\/13\/javascript:Didomi.notice.show()\" class=\"consentModule_cmp\" target=\"_blank\" rel=\"noopener\">G\u00e9rer mes choix<\/a>&#13;\n        <\/p>\n<p>&#13;<br \/>\n                        J&rsquo;accepte&#13;<br \/>\n            J&rsquo;accepte tous les cookies&#13;\n        <\/p>\n<p>Dans les all\u00e9es, Monique, Maryse et Nadine, fid\u00e8les participantes, constataient la baisse de fr\u00e9quentation. \u00ab C\u2019est plus calme, on vend moyennement mais on est l\u00e0 surtout pour \u00e9changer \u00bb, confiaient-elles.<\/p>\n<p>Tous esp\u00e9raient que l\u2019apr\u00e8s-midi verrait venir quelques promeneurs curieux, attir\u00e9s par l\u2019envie d\u2019une bonne affaire ou le plaisir de feuilleter un roman oubli\u00e9.<\/p>\n<p>Ce contenu est bloqu\u00e9 car vous n&rsquo;avez pas accept\u00e9 les cookies et autres traceurs.<\/p>\n<p>En cliquant sur \u00ab J\u2019accepte \u00bb, les cookies et autres traceurs seront d\u00e9pos\u00e9s et vous pourrez visualiser les contenus  (<a href=\"\" class=\"consentModule_policy\" target=\"_blank\" title=\"Consulter la politique de protection des donn\u00e9es du fournisseur\">plus d&rsquo;informations<\/a>).<\/p>\n<p>En cliquant sur \u00ab J\u2019accepte tous les cookies \u00bb, vous autorisez des d\u00e9p\u00f4ts de cookies et autres traceurs pour le stockage de vos donn\u00e9es sur nos sites et applications \u00e0 des fins de personnalisation et de ciblage publicitaire.<\/p>\n<p class=\"consentModule_secondaryText\">Vous gardez la possibilit\u00e9 de retirer votre consentement \u00e0 tout moment en consultant notre <a href=\"https:\/\/www.vosgesmatin.fr\/protection-des-donnees\" target=\"_blank\" title=\"Consulter notre politique de protection des donn\u00e9es\" rel=\"noopener\">politique de protection des donn\u00e9es<\/a>. <br \/>&#13;<br \/>\n            <a href=\"https:\/\/www.vosgesmatin.fr\/culture-loisirs\/2025\/10\/13\/javascript:Didomi.notice.show()\" class=\"consentModule_cmp\" target=\"_blank\" rel=\"noopener\">G\u00e9rer mes choix<\/a>&#13;\n        <\/p>\n<p>&#13;<br \/>\n                        J&rsquo;accepte&#13;<br \/>\n            J&rsquo;accepte tous les cookies&#13;\n        <\/p>\n<p>Certains pensaient que la belle m\u00e9t\u00e9o pourrait leur porter pr\u00e9judice, d\u2019autres les diff\u00e9rentes animations du week-end. Malgr\u00e9 la timide affluence, la convivialit\u00e9 et la passion du livre restaient au c\u0153ur de cette journ\u00e9e.<\/p>\n","protected":false},"excerpt":{"rendered":"Ce dimanche, la salle des f\u00eates de Bulgn\u00e9ville accueillait une nouvelle \u00e9dition des puces aux livres. L\u2019\u00e9v\u00e9nement, devenu&hellip;\n","protected":false},"author":2,"featured_media":460320,"comment_status":"","ping_status":"","sticky":false,"template":"","format":"standard","meta":{"footnotes":""},"categories":[1357],"tags":[1379,5738,11679,57848,35156,1687,58,1797,59,1011,27,1380,2410,104,3365,1631],"class_list":{"0":"post-460319","1":"post","2":"type-post","3":"status-publish","4":"format-standard","5":"has-post-thumbnail","7":"category-livres","8":"tag-books","9":"tag-bourses","10":"tag-brocantes","11":"tag-bulgneville","12":"tag-cc-terre-deau-88a","13":"tag-culture-loisirs","14":"tag-divertissement","15":"tag-edition-la-plaine","16":"tag-entertainment","17":"tag-fr","18":"tag-france","19":"tag-livres","20":"tag-livres-bd","21":"tag-societe","22":"tag-vide-greniers","23":"tag-vie-associative"},"share_on_mastodon":{"url":"https:\/\/pubeurope.com\/@fr\/115367903529666263","error":""},"_links":{"self":[{"href":"https:\/\/www.europesays.com\/fr\/wp-json\/wp\/v2\/posts\/460319","targetHints":{"allow":["GET"]}}],"collection":[{"href":"https:\/\/www.europesays.com\/fr\/wp-json\/wp\/v2\/posts"}],"about":[{"href":"https:\/\/www.europesays.com\/fr\/wp-json\/wp\/v2\/types\/post"}],"author":[{"embeddable":true,"href":"https:\/\/www.europesays.com\/fr\/wp-json\/wp\/v2\/users\/2"}],"replies":[{"embeddable":true,"href":"https:\/\/www.europesays.com\/fr\/wp-json\/wp\/v2\/comments?post=460319"}],"version-history":[{"count":0,"href":"https:\/\/www.europesays.com\/fr\/wp-json\/wp\/v2\/posts\/460319\/revisions"}],"wp:featuredmedia":[{"embeddable":true,"href":"https:\/\/www.europesays.com\/fr\/wp-json\/wp\/v2\/media\/460320"}],"wp:attachment":[{"href":"https:\/\/www.europesays.com\/fr\/wp-json\/wp\/v2\/media?parent=460319"}],"wp:term":[{"taxonomy":"category","embeddable":true,"href":"https:\/\/www.europesays.com\/fr\/wp-json\/wp\/v2\/categories?post=460319"},{"taxonomy":"post_tag","embeddable":true,"href":"https:\/\/www.europesays.com\/fr\/wp-json\/wp\/v2\/tags?post=460319"}],"curies":[{"name":"wp","href":"https:\/\/api.w.org\/{rel}","templated":true}]}}