{"id":460336,"date":"2025-10-13T17:02:14","date_gmt":"2025-10-13T17:02:14","guid":{"rendered":"https:\/\/www.europesays.com\/fr\/460336\/"},"modified":"2025-10-13T17:02:14","modified_gmt":"2025-10-13T17:02:14","slug":"apres-la-liberation-des-20-derniers-otages-vivants-israel-dit-avoir-relache-1-968-prisonniers-palestiniens","status":"publish","type":"post","link":"https:\/\/www.europesays.com\/fr\/460336\/","title":{"rendered":"apr\u00e8s la lib\u00e9ration des 20\u00a0derniers otages vivants, Isra\u00ebl dit avoir rel\u00e2ch\u00e9 1\u00a0968\u00a0prisonniers palestiniens"},"content":{"rendered":"<p>   De Ramallah \u00e0 Khan Youn\u00e8s, des foules en liesse pour accueillir les prisonniers palestiniens             <\/p>\n<p class=\"post__live-container--answer-text post__space-node\">Plusieurs bus transportant les prisonniers lib\u00e9r\u00e9s ont \u00e9t\u00e9 accueillis par une foule en liesse \u00e0 Ramallah, en Cisjordanie occup\u00e9e, et \u00e0 Khan Youn\u00e8s, dans le sud de la bande de Gaza.<\/p>\n<p class=\"post__live-container--answer-text post__space-node\">A Ramallah, une explosion de joie a accompagn\u00e9 l\u2019arriv\u00e9e des premiers v\u00e9hicules. Pour beaucoup, ces retrouvailles \u00e9taient les premi\u00e8res en libert\u00e9 depuis des ann\u00e9es, voire des d\u00e9cennies. \u00ab\u00a0C\u2019est un sentiment indescriptible, une renaissance\u00a0\u00bb, a confi\u00e9 \u00e0 l\u2019Agence France-Presse Mahdi Ramadan, un d\u00e9tenu tout juste lib\u00e9r\u00e9, encadr\u00e9 par ses parents.<\/p>\n<p class=\"post__live-container--answer-text post__space-node\">Plusieurs bus ont ensuite gagn\u00e9 Khan Youn\u00e8s, dans le sud de la bande de Gaza, accueillis par des milliers de personnes qui agitaient le drapeau palestinien et celui du Hamas. A leur descente, certains prisonniers sont chancelants, d\u2019autres rayonnent en regardant tout autour d\u2019eux ou s\u2019agenouillent pour embrasser le sol, en pleurs.<\/p>\n<p class=\"post__live-container--answer-text post__space-node\">Puis, \u00e0 pied, en fauteuil roulant ou \u00e9paul\u00e9s par des membres du Comit\u00e9 international de la Croix-Rouge (CICR) \u00e0 la chasuble blanche, ils rejoignent la cour du complexe hospitalier Nasser de Khan Youn\u00e8s, une grande ville de la partie m\u00e9ridionale du territoire palestinien, presque enti\u00e8rement d\u00e9truite par la guerre.<\/p>\n<p>                 <img decoding=\"async\" class=\"post__live-container--img post__space-node\"  src=\"https:\/\/www.europesays.com\/fr\/wp-content\/uploads\/2025\/10\/f0155ce_ftp-import-images-1-sotmddlzmagh-2665cfd7d49f4bad8625f1566d390af4-1-09ee2af1868643859ce29722.jpeg\" data- alt=\"Sc\u00e8ne de joie \u00e0 Ramallah, o\u00f9 les prisonniers palestiniens lib\u00e9r\u00e9s par Isra\u00ebl sont accueillis par leurs proches, en Cisjordanie occup\u00e9e, le 13\u00a0octobre 2025.\"\/>   Sc\u00e8ne de joie \u00e0 Ramallah, o\u00f9 les prisonniers palestiniens lib\u00e9r\u00e9s par Isra\u00ebl sont accueillis par leurs proches, en Cisjordanie occup\u00e9e, le 13\u00a0octobre 2025. MAHMOUD ILLEAN \/ AP                 <img decoding=\"async\" class=\"post__live-container--img post__space-node\"  src=\"https:\/\/www.europesays.com\/fr\/wp-content\/uploads\/2025\/10\/837f69b_ftp-import-images-1-mxnmgmvg3wtt-2025-10-13t104712z-845439677-rc2xaha55q1h-rtrmadp-3-israel-.jpeg\" data- alt=\"Des personnes se rassemblent pour accueillir des prisonniers palestiniens lib\u00e9r\u00e9s \u00e0 leur sortie d\u2019une prison isra\u00e9lienne, \u00e0 Ramallah, le 13\u00a0octobre 2025.\"\/>   Des personnes se rassemblent pour accueillir des prisonniers palestiniens lib\u00e9r\u00e9s \u00e0 leur sortie d\u2019une prison isra\u00e9lienne, \u00e0 Ramallah, le 13\u00a0octobre 2025. MOHAMAD TOROKMAN \/ REUTERS                 <img decoding=\"async\" class=\"post__live-container--img post__space-node\"  src=\"https:\/\/www.europesays.com\/fr\/wp-content\/uploads\/2025\/10\/958ec1d_ftp-import-images-1-qorpw25qgo02-f7e1c160b8f644a49654b218ef6ead37-0-19a2b7944af8492ab6d886b8.jpeg\" data- alt=\"Un rassemblement pour accueillir les d\u00e9tenus palestiniens lib\u00e9r\u00e9s qui arrivent en bus dans la bande de Gaza, \u00e0 Khan Youn\u00e8s, le lundi\u00a013\u00a0octobre\u00a02025.\"\/>   Un rassemblement pour accueillir les d\u00e9tenus palestiniens lib\u00e9r\u00e9s qui arrivent en bus dans la bande de Gaza, \u00e0 Khan Youn\u00e8s, le lundi\u00a013\u00a0octobre\u00a02025. JEHAD ALSHRAFI \/ AP                 <img decoding=\"async\" class=\"post__live-container--img post__space-node\"  src=\"https:\/\/www.europesays.com\/fr\/wp-content\/uploads\/2025\/10\/c17f520_ftp-import-images-1-npdg8zi7qgfn-2025-10-13t125525z-1341743811-rc20bha6dwv6-rtrmadp-3-israel.jpeg\" data- alt=\"Un homme salue un prisonnier palestinien lib\u00e9r\u00e9 par Isra\u00ebl \u00e0 Khan Youn\u00e8s, le 13\u00a0octobre\u00a02025.\"\/>   Un homme salue un prisonnier palestinien lib\u00e9r\u00e9 par Isra\u00ebl \u00e0 Khan Youn\u00e8s, le 13\u00a0octobre\u00a02025. MAHMOUD ISSA \/ REUTERS         <\/p>\n","protected":false},"excerpt":{"rendered":"De Ramallah \u00e0 Khan Youn\u00e8s, des foules en liesse pour accueillir les prisonniers palestiniens Plusieurs bus transportant les&hellip;\n","protected":false},"author":2,"featured_media":460337,"comment_status":"","ping_status":"","sticky":false,"template":"","format":"standard","meta":{"footnotes":""},"categories":[5],"tags":[11,1011,27,14,12,28],"class_list":{"0":"post-460336","1":"post","2":"type-post","3":"status-publish","4":"format-standard","5":"has-post-thumbnail","7":"category-international","8":"tag-actualites","9":"tag-fr","10":"tag-france","11":"tag-international","12":"tag-news","13":"tag-world"},"share_on_mastodon":{"url":"https:\/\/pubeurope.com\/@fr\/115367939461503617","error":""},"_links":{"self":[{"href":"https:\/\/www.europesays.com\/fr\/wp-json\/wp\/v2\/posts\/460336","targetHints":{"allow":["GET"]}}],"collection":[{"href":"https:\/\/www.europesays.com\/fr\/wp-json\/wp\/v2\/posts"}],"about":[{"href":"https:\/\/www.europesays.com\/fr\/wp-json\/wp\/v2\/types\/post"}],"author":[{"embeddable":true,"href":"https:\/\/www.europesays.com\/fr\/wp-json\/wp\/v2\/users\/2"}],"replies":[{"embeddable":true,"href":"https:\/\/www.europesays.com\/fr\/wp-json\/wp\/v2\/comments?post=460336"}],"version-history":[{"count":0,"href":"https:\/\/www.europesays.com\/fr\/wp-json\/wp\/v2\/posts\/460336\/revisions"}],"wp:featuredmedia":[{"embeddable":true,"href":"https:\/\/www.europesays.com\/fr\/wp-json\/wp\/v2\/media\/460337"}],"wp:attachment":[{"href":"https:\/\/www.europesays.com\/fr\/wp-json\/wp\/v2\/media?parent=460336"}],"wp:term":[{"taxonomy":"category","embeddable":true,"href":"https:\/\/www.europesays.com\/fr\/wp-json\/wp\/v2\/categories?post=460336"},{"taxonomy":"post_tag","embeddable":true,"href":"https:\/\/www.europesays.com\/fr\/wp-json\/wp\/v2\/tags?post=460336"}],"curies":[{"name":"wp","href":"https:\/\/api.w.org\/{rel}","templated":true}]}}