{"id":460350,"date":"2025-10-13T17:09:13","date_gmt":"2025-10-13T17:09:13","guid":{"rendered":"https:\/\/www.europesays.com\/fr\/460350\/"},"modified":"2025-10-13T17:09:13","modified_gmt":"2025-10-13T17:09:13","slug":"toulon-honore-salvador-nunez-maitre-doeuvre-de-la57","status":"publish","type":"post","link":"https:\/\/www.europesays.com\/fr\/460350\/","title":{"rendered":"Toulon honore Salvador Nunez, ma\u00eetre d\u2019\u0153uvre de l\u2019A57"},"content":{"rendered":"<p>                    <img loading=\"lazy\" decoding=\"async\" src=\"https:\/\/www.europesays.com\/fr\/wp-content\/uploads\/2025\/10\/5d34ed81b92e1d48077b28f316154c.jpg\" class=\"img-responsive post-image\" width=\"680\" height=\"510\" alt=\"Toulon honore Salvador\" title=\"Toulon honore Salvador Nunez, ma\u00eetre d'\u0153uvre de l'A57\"\/><\/p>\n<p class=\"chapo\">Salvador Nunez a \u00e9t\u00e9 honor\u00e9 pour son travail exceptionnel sur le chantier de l\u2019A57.<\/p>\n<p>Aussi,<strong> Jos\u00e9e Massi, <\/strong> maire de Toulon, lui a rendu un vibrant hommage, en lui remettant la m\u00e9daille de la Ville. Un hommage appuy\u00e9, \u00e0 la hauteur du chantier hors norme qu\u2019il a dirig\u00e9 pendant quatre ans.<\/p>\n<p>Ce geste symbolique fort a conclu le chantier les plus embl\u00e9matiques de la m\u00e9tropole, \u00e0 savoir l\u2019\u00e9largissement de l\u2019autoroute A57.<\/p>\n<p>\u00ab\u00a0Tout le monde sait ce que la ville de Toulon lui doit mais \u00e0 l\u2019heure o\u00f9 sa mission prend fin dans notre m\u00e9tropole, il \u00e9tait important de prendre le temps de le remercier et de rappeler que durant ces quatre ans de travaux, ce dernier \u00e9tait plus que le directeur du plus gros chantier de la m\u00e9tropole. Il a \u00e9t\u00e9 un v\u00e9ritable partenaire de nos institutions, un interlocuteur attentif et r\u00e9actif \u00a0\u00bb, a lanc\u00e9 Jos\u00e9e Massi, lors de la c\u00e9r\u00e9monie organis\u00e9e en son honneur.<\/p>\n<p>\u00ab\u00a0D\u00e8s que l\u2019opportunit\u00e9 s\u2019est pr\u00e9sent\u00e9e, vous \u00eates venu travailler dans le Sud. Comme vous aimez relever les d\u00e9fis, vous \u00eates devenu chez VINCI, le sp\u00e9cialiste des chantiers difficiles et complexes, ce qui \u00e9tait le cas de l\u2019\u00e9largissement de notre A57. Vous \u00eates un ing\u00e9nieur de talent mais ceux qui travaillent avec vous, sous vos ordres, vous d\u00e9finissent avant tout comme un homme de terrain. L\u2019ambiance feutr\u00e9e des bureaux n\u2019est pas votre univers \u00a0\u00bb, a soulign\u00e9 la maire de Toulon.<\/p>\n<p>En effet, durant 4 ans, Salvador Nunez a dirig\u00e9 les travaux de ce projet titanesque pour le compte de VINCI Autoroutes. Si son nom est bien connu des acteurs du territoire, c\u2019est autant pour ses comp\u00e9tences techniques que pour sa proximit\u00e9 avec les \u00e9lus, les riverains et les usagers.<\/p>\n<p>HOMME DE D\u00c9FIS ET DE PROXIMIT\u00c9<\/p>\n<p>\u00ab\u00a0Salvador Nunez a \u00e9t\u00e9 bien plus que le directeur d\u2019un grand chantier, il a \u00e9t\u00e9 un v\u00e9ritable partenaire \u00a0\u00bb, a soulign\u00e9 Jos\u00e9e Massi.<\/p>\n<p>Ing\u00e9nieur en g\u00e9nie civil, sp\u00e9cialiste reconnu des projets complexes, l\u2019Andalou d\u2019origine n\u2019a jamais perdu son go\u00fbt pour le terrain o\u00f9 il se distingue par son style inimitable et son sens du contact. Ainsi, sous sa direction, le chantier de l\u2019A57 a permis la cr\u00e9ation de 7 kilom\u00e8tres de voies suppl\u00e9mentaires, la construction de six ouvrages d\u2019art (sept en comptant la passerelle), dans une zone urbaine dense avec 110 000 v\u00e9hicules par jour, une prouesse rarement r\u00e9alis\u00e9e.<\/p>\n<p>\u00ab\u00a0 Votre passion, depuis tout petit, c\u2019est de construire des ponts, ce qui a influenc\u00e9 vos \u00e9tudes et d\u00e9termin\u00e9 votre carri\u00e8re. Vous \u00e9tiez pr\u00e9destin\u00e9 au g\u00e9nie civil et avec le temps et l\u2019exp\u00e9rience, vous \u00eates devenu sp\u00e9cialiste des chantiers complexes. Vous dirigez depuis plus de 20 ans les grands travaux d\u2019ASF &#8211; Autoroutes du Sud de la France pour Vinci Autoroutes\u00a0\u00bb, a fait remarquer la premi\u00e8re magistrate.<\/p>\n<p>Par exemple, d\u00e8s le d\u00e9but des travaux, des agents de liaison ont \u00e9t\u00e9 mobilis\u00e9s pour r\u00e9pondre aux pr\u00e9occupations des habitants. Plus encore que la technicit\u00e9, c\u2019est la gestion humaine du projet et sa capacit\u00e9 d\u2019adaptation qui ont marqu\u00e9 les esprits. Le directeur op\u00e9rationnel de l\u2019A57 a mis en place un dialogue constant avec les habitants et les institutions, allant jusqu\u2019\u00e0 adapter les plannings de fermetures autorouti\u00e8res pour respecter le calendrier du RCT ou pour trouver des compromis sur des dossiers sensibles, comme celui du quartier Californie.<\/p>\n<p>Photo de Une\u00a0: \u00a9Ville de Toulon.<\/p>\n","protected":false},"excerpt":{"rendered":"Salvador Nunez a \u00e9t\u00e9 honor\u00e9 pour son travail exceptionnel sur le chantier de l\u2019A57. Aussi, Jos\u00e9e Massi, maire&hellip;\n","protected":false},"author":2,"featured_media":460351,"comment_status":"","ping_status":"","sticky":false,"template":"","format":"standard","meta":{"footnotes":""},"categories":[9619],"tags":[1111,11,2408,1777,674,1011,27,12,882,25,2310],"class_list":{"0":"post-460350","1":"post","2":"type-post","3":"status-publish","4":"format-standard","5":"has-post-thumbnail","7":"category-toulon","8":"tag-actu","9":"tag-actualites","10":"tag-appels-d","11":"tag-eu","12":"tag-europe","13":"tag-fr","14":"tag-france","15":"tag-news","16":"tag-provence-alpes-cote-dazur","17":"tag-republique-francaise","18":"tag-toulon"},"share_on_mastodon":{"url":"https:\/\/pubeurope.com\/@fr\/115367966959895118","error":""},"_links":{"self":[{"href":"https:\/\/www.europesays.com\/fr\/wp-json\/wp\/v2\/posts\/460350","targetHints":{"allow":["GET"]}}],"collection":[{"href":"https:\/\/www.europesays.com\/fr\/wp-json\/wp\/v2\/posts"}],"about":[{"href":"https:\/\/www.europesays.com\/fr\/wp-json\/wp\/v2\/types\/post"}],"author":[{"embeddable":true,"href":"https:\/\/www.europesays.com\/fr\/wp-json\/wp\/v2\/users\/2"}],"replies":[{"embeddable":true,"href":"https:\/\/www.europesays.com\/fr\/wp-json\/wp\/v2\/comments?post=460350"}],"version-history":[{"count":0,"href":"https:\/\/www.europesays.com\/fr\/wp-json\/wp\/v2\/posts\/460350\/revisions"}],"wp:featuredmedia":[{"embeddable":true,"href":"https:\/\/www.europesays.com\/fr\/wp-json\/wp\/v2\/media\/460351"}],"wp:attachment":[{"href":"https:\/\/www.europesays.com\/fr\/wp-json\/wp\/v2\/media?parent=460350"}],"wp:term":[{"taxonomy":"category","embeddable":true,"href":"https:\/\/www.europesays.com\/fr\/wp-json\/wp\/v2\/categories?post=460350"},{"taxonomy":"post_tag","embeddable":true,"href":"https:\/\/www.europesays.com\/fr\/wp-json\/wp\/v2\/tags?post=460350"}],"curies":[{"name":"wp","href":"https:\/\/api.w.org\/{rel}","templated":true}]}}