{"id":460357,"date":"2025-10-13T17:13:11","date_gmt":"2025-10-13T17:13:11","guid":{"rendered":"https:\/\/www.europesays.com\/fr\/460357\/"},"modified":"2025-10-13T17:13:11","modified_gmt":"2025-10-13T17:13:11","slug":"etancheite-isolation-accueil-du-public-gros-travaux-en-perspective-au-rive-gauche-dans-lagglo-de-rouen","status":"publish","type":"post","link":"https:\/\/www.europesays.com\/fr\/460357\/","title":{"rendered":"\u00c9tanch\u00e9it\u00e9, isolation, accueil du public&#8230; Gros travaux en perspective au Rive Gauche dans l&rsquo;agglo de Rouen"},"content":{"rendered":"<p>            Par<br \/>\n        <strong><br \/>\n            <a href=\"https:\/\/actu.fr\/auteur\/fmass\" title=\"Consulter tous les articles de Fabien Massin\" target=\"_blank\" rel=\"noopener\">Fabien Massin<\/a><br \/>\n        <\/strong><\/p>\n<p>        Publi\u00e9 le<\/p>\n<p>            13 oct. 2025 \u00e0 18h14        <\/p>\n<p>C\u2019est une salle de spectacles majeure de l\u2019agglo de <a href=\"https:\/\/actu.fr\/normandie\/rouen_76540\" target=\"_blank\" rel=\"noopener\">Rouen (Seine-Maritime)<\/a>\u2009: <strong>le Rive Gauche<\/strong>, <strong>th\u00e9\u00e2tre de la ville de Saint-\u00c9tienne-du-Rouvray<\/strong>. Cr\u00e9\u00e9 en 1993, le lieu va faire l\u2019objet d\u2019importants travaux (\u00e9tanch\u00e9it\u00e9, isolation, am\u00e9lioration de l\u2019accueil du public et des artistes\u2026) au cours de la saison 2027-2028, pour un montant de pr\u00e8s de 4\u00a0millions d\u2019euros.<\/p>\n<p>Une salle conventionn\u00e9e pour la danse<\/p>\n<p class=\" wall-content\">Le Rive Gauche, c\u2019est une salle de 650 places, une programmation d\u2019une quarantaine de spectacles par an, dont 30\u2009% autour de la <a href=\"https:\/\/actu.fr\/loisirs-culture\/danse\" target=\"_blank\" rel=\"noopener\">danse<\/a> (<strong>la salle est conventionn\u00e9e avec l\u2019\u00c9tat<\/strong> pour la promotion de cette discipline), pour une fr\u00e9quentation de 20\u2009000\u00a0spectateurs par an.<\/p>\n<p class=\" wall-content\">\u00ab\u2009Le Rive Gauche est devenu un centre culturel dont les actions d\u00e9passent largement ses murs\u2009\u00bb, souligne le maire Joachim Moyse. \u00ab\u2009Et il rayonne bien au-del\u00e0 de la commune de Saint-\u00c9tienne-du-Rouvray, <strong>30\u2009% des spectateurs sont st\u00e9phanais<\/strong>. Mais aujourd\u2019hui, le b\u00e2timent a vieilli et n\u00e9cessite d\u2019\u00eatre r\u00e9nov\u00e9.\u2009\u00bb<\/p>\n<p class=\" wall-content\">Il s\u2019agit ainsi de r\u00e9soudre des probl\u00e8mes d\u2019\u00e9tanch\u00e9it\u00e9 et d\u2019isolation, mais aussi d\u2019am\u00e9liorer la qualit\u00e9 de l\u2019accueil, en rempla\u00e7ant les fauteuils, en r\u00e9novant les sanitaires et les loges, etc.<\/p>\n<p>Une saison 2027-2028 hors-les-murs<\/p>\n<p class=\" wall-content\">\u00ab\u2009Tout n\u2019est pas encore cal\u00e9, la prochaine \u00e9quipe municipale devra faire les derniers arbitrages au printemps \u00bb, indique Joachim Moyse. \u00ab\u2009\u00c0 l\u2019heure actuelle, le plafond haut de l\u2019investissement <strong>serait de 3,8\u00a0millions d\u2019euros<\/strong>, financ\u00e9s \u00e0 part \u00e9gale par la commune et la M\u00e9tropole.\u2009\u00bb<\/p>\n<blockquote class=\"ac-article-quote wall-content\">\n<p>On peut envisager un d\u00e9marrage des travaux \u00e0 l&rsquo;\u00e9t\u00e9 2027 pour une r\u00e9ception en 2028, apr\u00e8s peut-\u00eatre 10 mois de travaux. Ce qui impliquera que la saison se fera en grande partie hors-les-murs.<\/p>\n<p>    <strong>Joachim Moyse<\/strong>\n            <\/p><\/blockquote>\n<p class=\" wall-content\">Les spectacles seront ainsi relocalis\u00e9s dans d\u2019autres salles de la commune, <strong>comme les centres socioculturels<\/strong> (dans des jauges donc plus petites). Certains pourraient \u00e9galement \u00eatre jou\u00e9s en ext\u00e9rieur.<\/p>\n<p>Votre r\u00e9gion, votre actu !<\/p>\n<p>Recevez chaque jour les infos qui comptent pour vous.<\/p>\n<p>\t<a href=\"https:\/\/actu.fr\/newsletter\" class=\"ac-btn ac-btn--corner ac-btn--medium ac-btn--blue800\" target=\"_blank\" rel=\"noopener\">S&rsquo;incrire<\/a><br \/>\nSuivez l\u2019actualit\u00e9 de Rouen sur notre <a href=\"https:\/\/www.whatsapp.com\/channel\/0029VaKfnf99hXF2ddApFB1D\" target=\"_blank\" rel=\"noopener\">cha\u00eene WhatsApp<\/a> et sur notre <a href=\"https:\/\/www.tiktok.com\/@76actu.fr?lang=fr\" target=\"_blank\" rel=\"noopener\">compte TikTok<\/a><\/p>\n<p class=\" wall-content\">Personnalisez votre actualit\u00e9 en ajoutant vos villes et m\u00e9dias en favori avec <a href=\"https:\/\/moncompte.actu.fr\" title=\"D\u00e9couvez Mon Actu\" rel=\"nofollow noopener\" data-trk=\"{&quot;cta&quot;:{&quot;action&quot;:&quot;https:\\\/\\\/moncompte.actu.fr&quot;,&quot;category&quot;:&quot;mon compte&quot;,&quot;from&quot;:&quot;article footer&quot;,&quot;name&quot;:&quot;Mon actu&quot;,&quot;type&quot;:&quot;cta&quot;}}\" target=\"_blank\">Mon Actu<\/a>.<\/p>\n<p>                    <script async src=\"\/\/www.tiktok.com\/embed.js\"><\/script><\/p>\n","protected":false},"excerpt":{"rendered":"Par Fabien Massin Publi\u00e9 le 13 oct. 2025 \u00e0 18h14 C\u2019est une salle de spectacles majeure de l\u2019agglo&hellip;\n","protected":false},"author":2,"featured_media":460358,"comment_status":"","ping_status":"","sticky":false,"template":"","format":"standard","meta":{"footnotes":""},"categories":[9587],"tags":[1111,11,5972,1777,674,1011,27,1652,9725,12,5161,25,9590,853],"class_list":{"0":"post-460357","1":"post","2":"type-post","3":"status-publish","4":"format-standard","5":"has-post-thumbnail","7":"category-rouen","8":"tag-actu","9":"tag-actualites","10":"tag-danse","11":"tag-eu","12":"tag-europe","13":"tag-fr","14":"tag-france","15":"tag-loisirs-culture","16":"tag-metropole-rouen","17":"tag-news","18":"tag-normandie","19":"tag-republique-francaise","20":"tag-rouen","21":"tag-spectacles"},"share_on_mastodon":{"url":"https:\/\/pubeurope.com\/@fr\/115367982251067664","error":""},"_links":{"self":[{"href":"https:\/\/www.europesays.com\/fr\/wp-json\/wp\/v2\/posts\/460357","targetHints":{"allow":["GET"]}}],"collection":[{"href":"https:\/\/www.europesays.com\/fr\/wp-json\/wp\/v2\/posts"}],"about":[{"href":"https:\/\/www.europesays.com\/fr\/wp-json\/wp\/v2\/types\/post"}],"author":[{"embeddable":true,"href":"https:\/\/www.europesays.com\/fr\/wp-json\/wp\/v2\/users\/2"}],"replies":[{"embeddable":true,"href":"https:\/\/www.europesays.com\/fr\/wp-json\/wp\/v2\/comments?post=460357"}],"version-history":[{"count":0,"href":"https:\/\/www.europesays.com\/fr\/wp-json\/wp\/v2\/posts\/460357\/revisions"}],"wp:featuredmedia":[{"embeddable":true,"href":"https:\/\/www.europesays.com\/fr\/wp-json\/wp\/v2\/media\/460358"}],"wp:attachment":[{"href":"https:\/\/www.europesays.com\/fr\/wp-json\/wp\/v2\/media?parent=460357"}],"wp:term":[{"taxonomy":"category","embeddable":true,"href":"https:\/\/www.europesays.com\/fr\/wp-json\/wp\/v2\/categories?post=460357"},{"taxonomy":"post_tag","embeddable":true,"href":"https:\/\/www.europesays.com\/fr\/wp-json\/wp\/v2\/tags?post=460357"}],"curies":[{"name":"wp","href":"https:\/\/api.w.org\/{rel}","templated":true}]}}