{"id":460365,"date":"2025-10-13T17:17:27","date_gmt":"2025-10-13T17:17:27","guid":{"rendered":"https:\/\/www.europesays.com\/fr\/460365\/"},"modified":"2025-10-13T17:17:27","modified_gmt":"2025-10-13T17:17:27","slug":"un-jeune-motard-percute-une-fourgonnette-en-ille-et-vilaine-son-pronostic-vital-est-engage","status":"publish","type":"post","link":"https:\/\/www.europesays.com\/fr\/460365\/","title":{"rendered":"Un jeune motard percute une fourgonnette en Ille-et-Vilaine\u00a0: son pronostic vital est engag\u00e9"},"content":{"rendered":"<tr wp_automatic_readability=\"5.8853503184713\">\n<td valign=\"middle\" align=\"center\" class=\"col-logo\" wp_automatic_readability=\"5\">\n    <img decoding=\"async\" src=\"https:\/\/maville.com\/design\/images\/logo-of-monetise.svg?version=20130627\" alt=\"logo Ouest-France\" height=\"66\"\/><\/p>\n<p>Contenu r\u00e9serv\u00e9 aux abonn\u00e9s<\/p>\n<\/td>\n<td class=\"col-titre\">\n\t\t\tLundi 13 octobre 2025 09:48<br \/>\n\t\t\t<a class=\"icon-bulle sizeL count\" href=\"#ancreAvis\"><br \/>\n\t&#8230;<br \/>\n<\/a><\/td>\n<\/tr>\n<p>\t\t<a class=\"mavillebox2 elmt-photo\" href=\"https:\/\/maville.com\/photosmvi\/2025\/10\/13\/P35519371D7017073G.jpg\" title=\" Ce dimanche 12\u00a0octobre 2025, un jeune motard de 18\u00a0ans s\u2019est lourdement bless\u00e9 \u00e0 la jambe apr\u00e8s avoir percut\u00e9 une fourgonnette sur la D776 \u00e0 Lassy (Ille-et-Vilaine).  \u00a9  Archives Ouest-France  &lt;!--TAG-BLC credit--&gt;\" rel=\"galerie_actu noopener\" target=\"_blank\"><br \/>\n\t<img decoding=\"async\" src=\"https:\/\/www.europesays.com\/fr\/wp-content\/uploads\/2025\/10\/P35519371D7017073G_crop_640-330_.jpg\" alt=\"photo  ce dimanche 12\u00a0octobre 2025, un jeune motard de 18\u00a0ans s\u2019est lourdement bless\u00e9 \u00e0 la jambe apr\u00e8s avoir percut\u00e9 une fourgonnette sur la d776 \u00e0 lassy (ille-et-vilaine).  \u00a9  archives ouest-france \"\/><br \/>\n\t1<br \/>\n<\/a><\/p>\n<p class=\"elmt-legende\"> Ce dimanche 12\u00a0octobre 2025, un jeune motard de 18\u00a0ans s\u2019est lourdement bless\u00e9 \u00e0 la jambe apr\u00e8s avoir percut\u00e9 une fourgonnette sur la D776 \u00e0 Lassy (Ille-et-Vilaine).  \u00a9  Archives Ouest-France  <\/p>\n<p>\t\tCe dimanche 12\u00a0octobre 2025, un motard \u00e2g\u00e9 de 18\u00a0ans a percut\u00e9 une fourgonnette au niveau de la D776 \u00e0 Lassy, pr\u00e8s de Guichen (Ille-et-Vilaine). Lourdement bless\u00e9 \u00e0 la jambe, le jeune homme, dont le pronostic vital est engag\u00e9, a \u00e9t\u00e9 transport\u00e9 au CHU de Rennes.<\/p>\n<p><b>Cet article est r\u00e9serv\u00e9 aux abonn\u00e9s<\/b><\/p>\n<p>Pour un acc\u00e8s imm\u00e9diat, abonnez-vous<\/p>\n<p><b>1\u00e8re semaine offerte<\/b><\/p>\n<p>\t\tOuest-France<\/p>\n<p>Retrouvez d&rsquo;autres actus sur les communes de :<\/p>\n<p>\t\t&#13;<\/p>\n","protected":false},"excerpt":{"rendered":"Contenu r\u00e9serv\u00e9 aux abonn\u00e9s Lundi 13 octobre 2025 09:48 &#8230; 1 Ce dimanche 12\u00a0octobre 2025, un jeune motard&hellip;\n","protected":false},"author":2,"featured_media":459465,"comment_status":"","ping_status":"","sticky":false,"template":"","format":"standard","meta":{"footnotes":""},"categories":[2821],"tags":[1111,11,3450,829,12708,1777,674,58429,1011,27,848,3913,3914,12,22602,1817,584,25,39231],"class_list":{"0":"post-460365","1":"post","2":"type-post","3":"status-publish","4":"format-standard","5":"has-post-thumbnail","7":"category-rennes","8":"tag-actu","9":"tag-actualites","10":"tag-brest","11":"tag-bretagne","12":"tag-engage","13":"tag-eu","14":"tag-europe","15":"tag-fourgonnette","16":"tag-fr","17":"tag-france","18":"tag-ille-et-vilaine","19":"tag-jeune","20":"tag-motard","21":"tag-news","22":"tag-percute","23":"tag-pronostic","24":"tag-rennes","25":"tag-republique-francaise","26":"tag-vital"},"share_on_mastodon":{"url":"https:\/\/pubeurope.com\/@fr\/115367998514884192","error":""},"_links":{"self":[{"href":"https:\/\/www.europesays.com\/fr\/wp-json\/wp\/v2\/posts\/460365","targetHints":{"allow":["GET"]}}],"collection":[{"href":"https:\/\/www.europesays.com\/fr\/wp-json\/wp\/v2\/posts"}],"about":[{"href":"https:\/\/www.europesays.com\/fr\/wp-json\/wp\/v2\/types\/post"}],"author":[{"embeddable":true,"href":"https:\/\/www.europesays.com\/fr\/wp-json\/wp\/v2\/users\/2"}],"replies":[{"embeddable":true,"href":"https:\/\/www.europesays.com\/fr\/wp-json\/wp\/v2\/comments?post=460365"}],"version-history":[{"count":0,"href":"https:\/\/www.europesays.com\/fr\/wp-json\/wp\/v2\/posts\/460365\/revisions"}],"wp:featuredmedia":[{"embeddable":true,"href":"https:\/\/www.europesays.com\/fr\/wp-json\/wp\/v2\/media\/459465"}],"wp:attachment":[{"href":"https:\/\/www.europesays.com\/fr\/wp-json\/wp\/v2\/media?parent=460365"}],"wp:term":[{"taxonomy":"category","embeddable":true,"href":"https:\/\/www.europesays.com\/fr\/wp-json\/wp\/v2\/categories?post=460365"},{"taxonomy":"post_tag","embeddable":true,"href":"https:\/\/www.europesays.com\/fr\/wp-json\/wp\/v2\/tags?post=460365"}],"curies":[{"name":"wp","href":"https:\/\/api.w.org\/{rel}","templated":true}]}}