{"id":460370,"date":"2025-10-13T17:20:17","date_gmt":"2025-10-13T17:20:17","guid":{"rendered":"https:\/\/www.europesays.com\/fr\/460370\/"},"modified":"2025-10-13T17:20:17","modified_gmt":"2025-10-13T17:20:17","slug":"reouverture-dune-enquete-sur-la-mort-dun-ado-qui-setait-noye-en-fuyant-la-police-en-2023","status":"publish","type":"post","link":"https:\/\/www.europesays.com\/fr\/460370\/","title":{"rendered":"r\u00e9ouverture d\u2019une enqu\u00eate sur la mort d&rsquo;un ado qui s\u2019\u00e9tait noy\u00e9 en fuyant la police en 2023"},"content":{"rendered":"<p class=\"fig-paragraph\">Un compl\u00e9ment d\u2019enqu\u00eate sur la mort d\u2019un adolescent de 17 ans qui s\u2019\u00e9tait\u00a0<a href=\"http:\/\/www.lefigaro.fr\/actualite-france\/noyade-quels-sont-les-profils-les-plus-a-risque-20250930\" target=\"_blank\" data-fig-type=\"NewsFlash\" rel=\"noopener nofollow\" data-gtm-custom-categorie=\"navigation\" data-gtm-custom-action=\"crossclick\" data-gtm-custom-label=\"Contextuel\" data-gtm-event=\"customEventSPE\" data-fig-domain=\"LEFIGARO\">noy\u00e9<\/a>\u00a0dans une rivi\u00e8re en avril 2023 en tentant de fuir la police, a \u00e9t\u00e9 ouvert par procureure de\u00a0<a href=\"http:\/\/www.lefigaro.fr\/flash-eco\/strasbourg-la-maire-ecologiste-fait-un-pas-vers-un-tram-menageant-les-voitures-20251010\" target=\"_blank\" data-fig-type=\"NewsFlash\" rel=\"noopener nofollow\" data-gtm-custom-categorie=\"navigation\" data-gtm-custom-action=\"crossclick\" data-gtm-custom-label=\"Contextuel\" data-gtm-event=\"customEventSPE\" data-fig-domain=\"LEFIGARO\">Strasbourg<\/a>, a appris l&rsquo;AFP lundi.\u00a0<a href=\"http:\/\/www.lefigaro.fr\/faits-divers\/disparition-d-enzo-un-corps-sans-vie-repeche-20230420\" target=\"_blank\" data-fig-type=\"NewsFlash\" rel=\"noopener nofollow\" data-gtm-custom-categorie=\"navigation\" data-gtm-custom-action=\"crossclick\" data-gtm-custom-label=\"Contextuel\" data-gtm-event=\"customEventSPE\" data-fig-domain=\"LEFIGARO\">Enzo Weiss<\/a>\u00a0circulait de nuit, le 2 avril 2023, avec deux de ses cousins \u00e0 bord d&rsquo;un v\u00e9hicule vol\u00e9 dans le quartier populaire de la cit\u00e9 de l&rsquo;Ill, et avait pris la fuite pour \u00e9viter un contr\u00f4le de police.<\/p>\n<p class=\"fig-paragraph\">Il avait saut\u00e9 dans la rivi\u00e8re Ill pour tenter d&rsquo;\u00e9chapper aux agents, et disparu. Son corps avait \u00e9t\u00e9 retrouv\u00e9 deux semaines plus tard, quelques centaines de m\u00e8tres en aval du lieu de sa disparition. La m\u00e8re du jeune homme avait port\u00e9 plainte pour \u00abnon-assistance \u00e0 personne en danger\u00bb, contre X mais visant le policier ayant vu son fils se jeter \u00e0 l&rsquo;eau sans r\u00e9agir, selon la procureure d&rsquo;alors. Sa plainte avait \u00e9t\u00e9 class\u00e9e sans suite, mais l&rsquo;enqu\u00eate a r\u00e9cemment \u00e9t\u00e9 rouverte, pour les m\u00eames chefs, a indiqu\u00e9 la procureure de Strasbourg, Clarisse Taron.<\/p>\n<p>                                    <a class=\"fig-a11y-skip a11y-hidden\" href=\"#fig-a11y-skip-main-inarticle\"><br \/>\n        Passer la publicit\u00e9<br \/>\n    <\/a><\/p>\n<p>\u00abOn trouve \u00e7a injuste et on exige justice et v\u00e9rit\u00e9\u00bb<\/p>\n<p class=\"fig-paragraph\">Selon le d\u00e9put\u00e9 LFI de la circonscription, Emmanuel Fernandes, qui soutient la famille dans ses d\u00e9marches, l&rsquo;\u00e9l\u00e9ment qui a conduit \u00e0 cette r\u00e9ouverture est la prise en compte d&rsquo;images de vid\u00e9osurveillance saisies \u00e0 l&rsquo;\u00e9poque et non exploit\u00e9es. \u00abOn nous a class\u00e9 un dossier sans suite alors qu&rsquo;ils n&rsquo;ont m\u00eame pas exploit\u00e9 les cam\u00e9ras, on trouve \u00e7a injuste et on exige justice et v\u00e9rit\u00e9\u00bb, a d\u00e9clar\u00e9 lors d&rsquo;une conf\u00e9rence de presse Angelo Weiss, oncle de l&rsquo;adolescent disparu, s&rsquo;exprimant au nom de la famille. \u00abOn n&rsquo;est pas l\u00e0 pour dire qu&rsquo;il y a eu une bavure polici\u00e8re, on veut juste comprendre ce qui s&rsquo;est pass\u00e9 et pouvoir faire notre deuil\u00bb, a-t-il ajout\u00e9.<\/p>\n","protected":false},"excerpt":{"rendered":"Un compl\u00e9ment d\u2019enqu\u00eate sur la mort d\u2019un adolescent de 17 ans qui s\u2019\u00e9tait\u00a0noy\u00e9\u00a0dans une rivi\u00e8re en avril 2023&hellip;\n","protected":false},"author":2,"featured_media":460371,"comment_status":"","ping_status":"","sticky":false,"template":"","format":"standard","meta":{"footnotes":""},"categories":[2820],"tags":[1111,11,1777,674,1011,27,775,12,7781,1072,25,640],"class_list":{"0":"post-460370","1":"post","2":"type-post","3":"status-publish","4":"format-standard","5":"has-post-thumbnail","7":"category-strasbourg","8":"tag-actu","9":"tag-actualites","10":"tag-eu","11":"tag-europe","12":"tag-fr","13":"tag-france","14":"tag-grand-est","15":"tag-news","16":"tag-noyade","17":"tag-police","18":"tag-republique-francaise","19":"tag-strasbourg"},"share_on_mastodon":{"url":"https:\/\/pubeurope.com\/@fr\/115368009718454526","error":""},"_links":{"self":[{"href":"https:\/\/www.europesays.com\/fr\/wp-json\/wp\/v2\/posts\/460370","targetHints":{"allow":["GET"]}}],"collection":[{"href":"https:\/\/www.europesays.com\/fr\/wp-json\/wp\/v2\/posts"}],"about":[{"href":"https:\/\/www.europesays.com\/fr\/wp-json\/wp\/v2\/types\/post"}],"author":[{"embeddable":true,"href":"https:\/\/www.europesays.com\/fr\/wp-json\/wp\/v2\/users\/2"}],"replies":[{"embeddable":true,"href":"https:\/\/www.europesays.com\/fr\/wp-json\/wp\/v2\/comments?post=460370"}],"version-history":[{"count":0,"href":"https:\/\/www.europesays.com\/fr\/wp-json\/wp\/v2\/posts\/460370\/revisions"}],"wp:featuredmedia":[{"embeddable":true,"href":"https:\/\/www.europesays.com\/fr\/wp-json\/wp\/v2\/media\/460371"}],"wp:attachment":[{"href":"https:\/\/www.europesays.com\/fr\/wp-json\/wp\/v2\/media?parent=460370"}],"wp:term":[{"taxonomy":"category","embeddable":true,"href":"https:\/\/www.europesays.com\/fr\/wp-json\/wp\/v2\/categories?post=460370"},{"taxonomy":"post_tag","embeddable":true,"href":"https:\/\/www.europesays.com\/fr\/wp-json\/wp\/v2\/tags?post=460370"}],"curies":[{"name":"wp","href":"https:\/\/api.w.org\/{rel}","templated":true}]}}