{"id":460383,"date":"2025-10-13T17:27:10","date_gmt":"2025-10-13T17:27:10","guid":{"rendered":"https:\/\/www.europesays.com\/fr\/460383\/"},"modified":"2025-10-13T17:27:10","modified_gmt":"2025-10-13T17:27:10","slug":"bonne-nouvelle-les-magasins-pourront-ouvrir-tous-les-dimanches-avant-noel-a-toulouse","status":"publish","type":"post","link":"https:\/\/www.europesays.com\/fr\/460383\/","title":{"rendered":"Bonne nouvelle\u00a0: les magasins pourront ouvrir tous les dimanches avant No\u00ebl \u00e0 Toulouse"},"content":{"rendered":"<p>Cette ann\u00e9e, le Conseil d\u00e9partemental du commerce a d\u00e9cid\u00e9 d\u2019harmoniser les dates d\u2019ouverture pour que tout le monde s\u2019y retrouve (toi, ton banquier et les vendeurs). R\u00e9sultat\u00a0: <b>les commerces de d\u00e9tail pourront lever le rideau les 7, 14, 21 et 28 d\u00e9cembre 2025<\/b>. Oui\u00a0: m\u00eame le dernier dimanche de l\u2019ann\u00e9e\u00a0! Histoire de te sauver si tu as oubli\u00e9 le cadeau de Mamie.<\/p>\n<p>&#13;<\/p>\n<blockquote class=\"instagram-media\" data-instgrm-permalink=\"https:\/\/www.instagram.com\/p\/Cmd8JdAK4gF\/?utm_source=ig_embed&amp;utm_campaign=loading\" data-instgrm-version=\"14\" style=\"background: #FFF; border: 0; border-radius: 3px; box-shadow: 0 0 1px 0 rgba(0,0,0,0.5),0 1px 10px 0 rgba(0,0,0,0.15); margin: 1px; max-width: 540px; min-width: 326px; padding: 0; width: calc(100% - 2px);\"><p>&#13;<br \/>\n&#13;\n<\/p><\/blockquote>\n<p>&#13;<br \/>\n&#13;<br \/>\n<b>Quatre dimanches pour shopper sans stress avant No\u00ebl<\/b>&#13;<\/p>\n<p><b>Les grandes surfaces alimentaires de plus de 400m\u00b2 sont aussi concern\u00e9es. <\/b>Et pour les plus motiv\u00e9s, les pros de l\u2019ameublement joueront \u00e9galement le jeu avec ces m\u00eames dimanches d\u2019ouverture. En gros\u00a0: entre deux march\u00e9s de No\u00ebl et une raclette party, t\u2019as de quoi tout boucler sans panique\u00a0!<\/p>\n<p>&#13;<\/p>\n<p>Alors, que tu sois du genre \u00e0 tout acheter en novembre ou \u00e0 courir apr\u00e8s le dernier coffret beaut\u00e9 le 24 d\u00e9cembre \u00e0 18h, tu pourras cette ann\u00e9e te balader en centre-ville, un caf\u00e9 chaud \u00e0 la main, sans le stress du \u00ab\u00a0tout est ferm\u00e9\u00a0\u00bb. Merci Toulouse\u00a0!<\/p>\n<p>&#13;<\/p>\n<p><strong><a href=\"https:\/\/metropole.toulouse.fr\/actualites\/ouverture-des-commerces-le-dimanche-toulouse\" rel=\"nofollow noopener noreferrer\" target=\"_blank\">Plus d&rsquo;infos<\/a><\/strong><\/p>\n<p><script async src=\"\/\/www.instagram.com\/embed.js\"><\/script><\/p>\n","protected":false},"excerpt":{"rendered":"Cette ann\u00e9e, le Conseil d\u00e9partemental du commerce a d\u00e9cid\u00e9 d\u2019harmoniser les dates d\u2019ouverture pour que tout le monde&hellip;\n","protected":false},"author":2,"featured_media":460384,"comment_status":"","ping_status":"","sticky":false,"template":"","format":"standard","meta":{"footnotes":""},"categories":[2816],"tags":[1111,11,1777,674,1011,27,12,2680,25,2312],"class_list":{"0":"post-460383","1":"post","2":"type-post","3":"status-publish","4":"format-standard","5":"has-post-thumbnail","7":"category-toulouse","8":"tag-actu","9":"tag-actualites","10":"tag-eu","11":"tag-europe","12":"tag-fr","13":"tag-france","14":"tag-news","15":"tag-occitanie","16":"tag-republique-francaise","17":"tag-toulouse"},"share_on_mastodon":{"url":"https:\/\/pubeurope.com\/@fr\/115368037180680435","error":""},"_links":{"self":[{"href":"https:\/\/www.europesays.com\/fr\/wp-json\/wp\/v2\/posts\/460383","targetHints":{"allow":["GET"]}}],"collection":[{"href":"https:\/\/www.europesays.com\/fr\/wp-json\/wp\/v2\/posts"}],"about":[{"href":"https:\/\/www.europesays.com\/fr\/wp-json\/wp\/v2\/types\/post"}],"author":[{"embeddable":true,"href":"https:\/\/www.europesays.com\/fr\/wp-json\/wp\/v2\/users\/2"}],"replies":[{"embeddable":true,"href":"https:\/\/www.europesays.com\/fr\/wp-json\/wp\/v2\/comments?post=460383"}],"version-history":[{"count":0,"href":"https:\/\/www.europesays.com\/fr\/wp-json\/wp\/v2\/posts\/460383\/revisions"}],"wp:featuredmedia":[{"embeddable":true,"href":"https:\/\/www.europesays.com\/fr\/wp-json\/wp\/v2\/media\/460384"}],"wp:attachment":[{"href":"https:\/\/www.europesays.com\/fr\/wp-json\/wp\/v2\/media?parent=460383"}],"wp:term":[{"taxonomy":"category","embeddable":true,"href":"https:\/\/www.europesays.com\/fr\/wp-json\/wp\/v2\/categories?post=460383"},{"taxonomy":"post_tag","embeddable":true,"href":"https:\/\/www.europesays.com\/fr\/wp-json\/wp\/v2\/tags?post=460383"}],"curies":[{"name":"wp","href":"https:\/\/api.w.org\/{rel}","templated":true}]}}