{"id":460387,"date":"2025-10-13T17:29:13","date_gmt":"2025-10-13T17:29:13","guid":{"rendered":"https:\/\/www.europesays.com\/fr\/460387\/"},"modified":"2025-10-13T17:29:13","modified_gmt":"2025-10-13T17:29:13","slug":"une-incroyable-vente-de-vaisselle-de-grands-chefs-a-prix-mini-arrive-en-decembre-a-lille","status":"publish","type":"post","link":"https:\/\/www.europesays.com\/fr\/460387\/","title":{"rendered":"Une incroyable vente de vaisselle de grands chefs \u00e0 prix mini arrive en d\u00e9cembre \u00e0 Lille"},"content":{"rendered":"<p><b>Les assiettes des plus grands restos entre tes mains<\/b>&#13;<\/p>\n<p>Ce week-end-l\u00e0, <a href=\"https:\/\/www.lebonbon.fr\/lille\/pepites\/restaurants-garage-lille\/\" rel=\"nofollow noopener\" target=\"_blank\"><b>Garage Les Lillois<\/b><\/a> devient le paradis de la belle vaisselle.<br \/>On y retrouvera\u00a0: <b>plus de 10 000 pi\u00e8ces<\/b> (assiettes, couverts, verres, argenterie, plats de service) tout droit venues des cuisines de <b>grandes maisons fran\u00e7aises<\/b>, dont des restaurants \u00e9toil\u00e9s et des brasseries embl\u00e9matiques.<br \/>Et pour cette premi\u00e8re \u00e9dition lilloise, <b>des tables locales<\/b> participent aussi \u00e0 la f\u00eate\u00a0: le <a href=\"https:\/\/www.lebonbon.fr\/lille\/les-tops-food-et-drink\/meilleures-adresses-bistronomiques-tester-autour-lille\/\" rel=\"nofollow noopener\" target=\"_blank\"><b>Club-Marot<\/b><\/a>, men\u00e9 par les cousins Augustin et Antoine Marot, ou encore <a href=\"https:\/\/www.lebonbon.fr\/lille\/les-tops-food-et-drink\/meilleures-adresses-bistronomiques-tester-autour-lille\/\" rel=\"nofollow noopener\" target=\"_blank\"><b>Aux Enfants Terribles<\/b><\/a>.<\/p>\n<p>&#13;<\/p>\n<blockquote class=\"instagram-media\" data-instgrm-permalink=\"https:\/\/www.instagram.com\/p\/DF-J2iTqkjf\/?utm_source=ig_embed&amp;utm_campaign=loading\" data-instgrm-version=\"14\" style=\"background: #FFF; border: 0; border-radius: 3px; box-shadow: 0 0 1px 0 rgba(0,0,0,0.5),0 1px 10px 0 rgba(0,0,0,0.15); margin: 1px; max-width: 540px; min-width: 326px; padding: 0; width: calc(100% - 2px);\"><p>&#13;<br \/>\n&#13;\n<\/p><\/blockquote>\n<p>&#13;<br \/>\n&#13;<br \/>\n<b>Le bon plan parfait pour No\u00ebl (et les fans de seconde main)<\/b>&#13;<\/p>\n<p>La tendance \u201cvaisselle vintage et r\u00e9cup chic\u201d n\u2019a jamais \u00e9t\u00e9 aussi forte\u00a0: et ici, elle s\u2019allie \u00e0 une vraie d\u00e9marche durable.<br \/>Chaque pi\u00e8ce a v\u00e9cu sa vie dans un grand restaurant avant de venir briller sur ta table. Un moyen malin de <b>donner une seconde vie<\/b> \u00e0 des tr\u00e9sors de l\u2019art de la table, tout en <b>soutenant une belle cause<\/b>\u00a0: une partie des b\u00e9n\u00e9fices sera revers\u00e9e aux <b>Apprentis d\u2019Auteuil<\/b>, pour aider \u00e0 la formation de jeunes en difficult\u00e9.<\/p>\n<p>&#13;<br \/>\n<b>De l\u2019\u00e9co-responsable, du beau, et du bon go\u00fbt<\/b>&#13;<\/p>\n<p>N\u00e9e il y a 15 ans \u00e0 Lyon, <b>La Vaisselle des Chefs<\/b> a d\u00e9j\u00e0 conquis Paris, Bordeaux et Strasbourg. L\u2019\u00e9v\u00e9nement m\u00eale <a href=\"https:\/\/www.lebonbon.fr\/lille\/good-news\/seul-restaurant-region-classe-parmi-50-meilleurs-ecoresponsables-france\/\" rel=\"nofollow noopener\" target=\"_blank\"><b>consommation responsable<\/b><\/a> et <b>passion pour la gastronomie<\/b>, dans une ambiance conviviale o\u00f9 l\u2019on croise autant des collectionneurs de porcelaine que des foodies \u00e0 la recherche du parfait bol pour leurs soupes d\u2019hiver.<br \/>Le petit plus\u00a0? Les prix sont <b>tr\u00e8s accessibles<\/b>, parfaits pour refaire ta table avant les f\u00eates ou d\u00e9nicher un cadeau original pour les fans de cuisine.<\/p>\n<p>&#13;<\/p>\n<p><b>Garage Les Lillois, 34 boulevard Carnot, Lille<br \/>Samedi 6 d\u00e9cembre (10h\u201319h) &amp; dimanche 7 d\u00e9cembre (10h\u201317h)<br \/>R\u00e9servations \u00e0 partir du 3 novembre <a href=\"https:\/\/www.lebonbon.fr\/lille\/bons-plans\/incroyable-vente-vaisselle-grands-chefs-prix-mini-arrive-decembre-lille\/lavaisselledeschefs.com\" rel=\"nofollow noopener noreferrer\" target=\"_blank\">ici<\/a><\/b><a href=\"https:\/\/www.lavaisselledeschefs.com\/\" rel=\"nofollow noopener\" target=\"_blank\"><b\/><\/a><\/p>\n<p><script async src=\"\/\/www.instagram.com\/embed.js\"><\/script><\/p>\n","protected":false},"excerpt":{"rendered":"Les assiettes des plus grands restos entre tes mains&#13; Ce week-end-l\u00e0, Garage Les Lillois devient le paradis de&hellip;\n","protected":false},"author":2,"featured_media":460388,"comment_status":"","ping_status":"","sticky":false,"template":"","format":"standard","meta":{"footnotes":""},"categories":[2815],"tags":[1111,11,1777,674,1011,27,811,1307,12,25],"class_list":{"0":"post-460387","1":"post","2":"type-post","3":"status-publish","4":"format-standard","5":"has-post-thumbnail","7":"category-lille","8":"tag-actu","9":"tag-actualites","10":"tag-eu","11":"tag-europe","12":"tag-fr","13":"tag-france","14":"tag-hauts-de-france","15":"tag-lille","16":"tag-news","17":"tag-republique-francaise"},"share_on_mastodon":{"url":"https:\/\/pubeurope.com\/@fr\/115368045057552473","error":""},"_links":{"self":[{"href":"https:\/\/www.europesays.com\/fr\/wp-json\/wp\/v2\/posts\/460387","targetHints":{"allow":["GET"]}}],"collection":[{"href":"https:\/\/www.europesays.com\/fr\/wp-json\/wp\/v2\/posts"}],"about":[{"href":"https:\/\/www.europesays.com\/fr\/wp-json\/wp\/v2\/types\/post"}],"author":[{"embeddable":true,"href":"https:\/\/www.europesays.com\/fr\/wp-json\/wp\/v2\/users\/2"}],"replies":[{"embeddable":true,"href":"https:\/\/www.europesays.com\/fr\/wp-json\/wp\/v2\/comments?post=460387"}],"version-history":[{"count":0,"href":"https:\/\/www.europesays.com\/fr\/wp-json\/wp\/v2\/posts\/460387\/revisions"}],"wp:featuredmedia":[{"embeddable":true,"href":"https:\/\/www.europesays.com\/fr\/wp-json\/wp\/v2\/media\/460388"}],"wp:attachment":[{"href":"https:\/\/www.europesays.com\/fr\/wp-json\/wp\/v2\/media?parent=460387"}],"wp:term":[{"taxonomy":"category","embeddable":true,"href":"https:\/\/www.europesays.com\/fr\/wp-json\/wp\/v2\/categories?post=460387"},{"taxonomy":"post_tag","embeddable":true,"href":"https:\/\/www.europesays.com\/fr\/wp-json\/wp\/v2\/tags?post=460387"}],"curies":[{"name":"wp","href":"https:\/\/api.w.org\/{rel}","templated":true}]}}