{"id":460389,"date":"2025-10-13T17:30:23","date_gmt":"2025-10-13T17:30:23","guid":{"rendered":"https:\/\/www.europesays.com\/fr\/460389\/"},"modified":"2025-10-13T17:30:23","modified_gmt":"2025-10-13T17:30:23","slug":"le-journal-de-18h-du-lundi-13-octobre-2025","status":"publish","type":"post","link":"https:\/\/www.europesays.com\/fr\/460389\/","title":{"rendered":"Le journal de 18h du lundi 13 octobre 2025"},"content":{"rendered":"<p><img loading=\"lazy\" decoding=\"async\" src=\"https:\/\/www.europesays.com\/fr\/wp-content\/uploads\/2025\/10\/Le-journal-de-18h-du-lundi-13-octobre-2025-2154358.webp.webp\" width=\"1200\" height=\"675\" alt=\"placeholder video\"\/><\/p>\n<p>Bonsoir Lille, pr\u00e9sent\u00e9 par Gabrielle Gonthier, accompagne les t\u00e9l\u00e9spectateurs de BFM Lille dans leur soir\u00e9e avec un focus sur l&rsquo;actualit\u00e9 locale : infos, m\u00e9t\u00e9o, sport, trafic. Au sommaire : hommage \u00e0 Dominique Bernard, deux ans apr\u00e8s. Nord : une proposition de loi sur l&rsquo;amiante. Les pav\u00e9s du Paris-Roubaix vont \u00eatre class\u00e9s.<\/p>\n<p>Aujourd&rsquo;hui \u00e0 18h42 | Dur\u00e9e : 12:11<\/p>\n","protected":false},"excerpt":{"rendered":"Bonsoir Lille, pr\u00e9sent\u00e9 par Gabrielle Gonthier, accompagne les t\u00e9l\u00e9spectateurs de BFM Lille dans leur soir\u00e9e avec un focus&hellip;\n","protected":false},"author":2,"featured_media":460390,"comment_status":"","ping_status":"","sticky":false,"template":"","format":"standard","meta":{"footnotes":""},"categories":[2815],"tags":[1111,11,1777,674,1011,27,811,1307,12,25],"class_list":{"0":"post-460389","1":"post","2":"type-post","3":"status-publish","4":"format-standard","5":"has-post-thumbnail","7":"category-lille","8":"tag-actu","9":"tag-actualites","10":"tag-eu","11":"tag-europe","12":"tag-fr","13":"tag-france","14":"tag-hauts-de-france","15":"tag-lille","16":"tag-news","17":"tag-republique-francaise"},"share_on_mastodon":{"url":"https:\/\/pubeurope.com\/@fr\/115368049255754313","error":""},"_links":{"self":[{"href":"https:\/\/www.europesays.com\/fr\/wp-json\/wp\/v2\/posts\/460389","targetHints":{"allow":["GET"]}}],"collection":[{"href":"https:\/\/www.europesays.com\/fr\/wp-json\/wp\/v2\/posts"}],"about":[{"href":"https:\/\/www.europesays.com\/fr\/wp-json\/wp\/v2\/types\/post"}],"author":[{"embeddable":true,"href":"https:\/\/www.europesays.com\/fr\/wp-json\/wp\/v2\/users\/2"}],"replies":[{"embeddable":true,"href":"https:\/\/www.europesays.com\/fr\/wp-json\/wp\/v2\/comments?post=460389"}],"version-history":[{"count":0,"href":"https:\/\/www.europesays.com\/fr\/wp-json\/wp\/v2\/posts\/460389\/revisions"}],"wp:featuredmedia":[{"embeddable":true,"href":"https:\/\/www.europesays.com\/fr\/wp-json\/wp\/v2\/media\/460390"}],"wp:attachment":[{"href":"https:\/\/www.europesays.com\/fr\/wp-json\/wp\/v2\/media?parent=460389"}],"wp:term":[{"taxonomy":"category","embeddable":true,"href":"https:\/\/www.europesays.com\/fr\/wp-json\/wp\/v2\/categories?post=460389"},{"taxonomy":"post_tag","embeddable":true,"href":"https:\/\/www.europesays.com\/fr\/wp-json\/wp\/v2\/tags?post=460389"}],"curies":[{"name":"wp","href":"https:\/\/api.w.org\/{rel}","templated":true}]}}