{"id":460393,"date":"2025-10-13T17:32:15","date_gmt":"2025-10-13T17:32:15","guid":{"rendered":"https:\/\/www.europesays.com\/fr\/460393\/"},"modified":"2025-10-13T17:32:15","modified_gmt":"2025-10-13T17:32:15","slug":"sur-le-vieux-port-a-marseille-les-cars-de-tourisme-sont-desormais-bannis","status":"publish","type":"post","link":"https:\/\/www.europesays.com\/fr\/460393\/","title":{"rendered":"Sur le Vieux-Port \u00e0 Marseille, les cars de tourisme sont d\u00e9sormais bannis"},"content":{"rendered":"<p>Les cars de tourisme sont d\u00e9sormais interdits de circuler et de stationner sur une grande partie du Vieux-Port de Marseille et dans plusieurs rues toutes proches. La mesure de la mairie divise.<\/p>\n<p>Les cars de tourisme sont d\u00e9sormais <strong>interdits de circuler et de stationner<\/strong> sur une grande partie du Vieux-Port de Marseille et dans plusieurs \u00e0 proximit\u00e9. La mesure a \u00e9t\u00e9 prise par arr\u00eat\u00e9 municipal et elle est applicable depuis vendredi dernier. Elle n&rsquo;\u00e9tait en vigueur jusqu&rsquo;\u00e0 pr\u00e9sent que durant la saison estivale. <strong>Elle devient d\u00e9sormais permanente.<\/strong><\/p>\n<p>Selon la mairie de Marseille, il s\u2019agit de <strong>r\u00e9duire\u00a0la pollution et les nuisances sonores<\/strong> dans ce secteur tr\u00e8s fr\u00e9quent\u00e9 par les touristes. Marie Batoux, l\u2019adjointe au maire de Marseille en charge des mobilit\u00e9s pr\u00e9cise que \u00ab\u00a0cet acte permet quand m\u00eame aux cars de venir jusqu&rsquo;au niveau de la passerelle du Mucem et de faire demi-tour. Mais cela les emp\u00eache de stationner et de circuler autour du Vieux-Port. <strong>56 cars par jour<\/strong>,\u00a0vous imaginez bien que c&rsquo;est une moyenne et qu&rsquo;il y a des pics les jours de croisi\u00e8re. Pour nous, l\u2019id\u00e9e est de d\u00e9placer les cars de tourisme vers le Mucem. Ce n\u2019est pas un emp\u00eachement au tourisme sur le Vieux-Port , on va r\u00e9cup\u00e9rer les personnes\u00a0via le petit train touristique.\u00a0\u00bb<\/p>\n<p>Des r\u00e9actions tr\u00e8s partag\u00e9es sur le Vieux-Port<\/p>\n<p><strong>La mesure suscite des r\u00e9actions tr\u00e8s partag\u00e9es des professionnels mais aussi des habitants de ce quartier.<\/strong> Ce lundi matin, plusieurs centaines de touristes sont en visite sur le Vieux-Port et pas uniquement des croisi\u00e9ristes. <strong>Ils ont march\u00e9 pour certains de 300 \u00e0 400 m\u00e8tres<\/strong> pour notamment envahir les boutiques de souvenirs, en particulier celle de Sofiane\u00a0:\u00a0\u00ab\u00a0je suis peu inquiet \u00e0 propos de cette interdiction, il faut s\u2019adapter \u00e0 l&rsquo;\u00e9cologie et c&rsquo;est normal, le MUCEM n&rsquo;est pas loin, je ne pense pas avoir une baisse de mon chiffre d&rsquo;affaires\u00a0\u00bb.<\/p>\n<p>R\u00e9gine habite juste derri\u00e8re le Vieux-Port, elle affirme qu&rsquo;il y a \u00ab\u00a0trop de circulation sur le le Vieux Port\u00a0\u00bb. \u00ab\u00a0Tout ce qui peut contribuer \u00e0 la limitation ou \u00e0 la diminution ou \u00e0 carr\u00e9ment supprimer la pollution dans le centre-ville est bienvenu\u00a0\u00bb, explique la Marseillaise.<\/p>\n<p>Commer\u00e7ants et guides touristiques m\u00e9contents<\/p>\n<p><strong>La mesure, selon certains commer\u00e7ants, a \u00e9t\u00e9 d\u00e9cid\u00e9e sans concertation.<\/strong> Et elle inqui\u00e8te Alain Chabot, patron de la boutique Les Beaux Proven\u00e7aux sur le Vieux-Port\u00a0:\u00a0\u00ab\u00a0pourquoi on emp\u00eache les cars de passer sur le quai du Port\u00a0? Ils vont se retrouver \u00e0 faire le d\u00e9tour par la rue de la R\u00e9publique et <strong>cela va cr\u00e9er des bouchons<\/strong>, ce sera abominable, la mairie d\u00e9place le probl\u00e8me et ne donne pas de solution viable\u00a0\u00bb.<\/p>\n<p><strong>Grosse col\u00e8re aussi chez une majorit\u00e9 de guides touristiques<\/strong> comme Brigitte\u00a0:\u00a0\u00ab\u00a0on ne va plus pouvoir venir sur le Vieux-Port facilement, on ne peut plus s&rsquo;arr\u00eater. Par o\u00f9 va-t-on passer? Quelle est la solution\u00a0? Tout notre travail devient tr\u00e8s compliqu\u00e9\u00a0\u00bb.<\/p>\n<p><img loading=\"lazy\" decoding=\"async\" class=\"VisualPreview svelte-1rldrkz\" src=\"data:image\/jpeg;base64,\/9j\/2wBDACgcHiMeGSgjISMtKygwPGRBPDc3PHtYXUlkkYCZlo+AjIqgtObDoKrarYqMyP\/L2u71\/\/\/\/m8H\/\/\/\/6\/+b9\/\/j\/2wBDASstLTw1PHZBQXb4pYyl+Pj4+Pj4+Pj4+Pj4+Pj4+Pj4+Pj4+Pj4+Pj4+Pj4+Pj4+Pj4+Pj4+Pj4+Pj4+Pj4+Pj\/wAARCAAfACoDASIAAhEBAxEB\/8QAFwABAAMAAAAAAAAAAAAAAAAAAgABA\/\/EABgQAQEBAQEAAAAAAAAAAAAAAAABEQIS\/8QAFgEBAQEAAAAAAAAAAAAAAAAAAQAC\/8QAFREBAQAAAAAAAAAAAAAAAAAAABH\/2gAMAwEAAhEDEQA\/AH10ztS0dCKU5WUOUQtNTQ1NEQ2DjW8q8tIJFl5TEhtVq+g0wP\/Z\" alt=\"Les boutiques de souvenirs prises d'assaut par les touristes ce lundi matin\" width=\"600\" height=\"450\"\/>  Les boutiques de souvenirs prises d&rsquo;assaut par les touristes ce lundi matin \u00a9 Radio France &#8211; Philippe BoccaraLe repr\u00e9sentant des autocaristes est inquiet<\/p>\n<p>Etienne Boire est le vice-pr\u00e9sident de la FNTV SUD, la f\u00e9d\u00e9ration nationale des transports de voyageurs, selon lui\u00a0 \u00ab\u00a0avec\u00a0des touristes de passage pour quelques heures, vous ne pouvez pas imaginer les\u00a0acheminer \u00e0 pied depuis le Grand Port de Marseille ou depuis les Terrasses du Port pour ensuite v\u00e9ritablement rentrer dans le vif du sujet de leur visite.\u00a0Nous allons\u00a0mettre \u00e0 profit les jours qui viennent pour absolument <strong>trouver une solution alternative<\/strong> mais\u00a0\u00e7a va devenir effectivement tr\u00e8s compliqu\u00e9.\u00a0\u00bb Le professionnel du tourisme assure que certains de ses coll\u00e8gues sont oblig\u00e9s de refuser certains transports parce que le stationnement \u00ab\u00a0devient impossible\u00a0\u00bb.<\/p>\n<p>La FNTV, des associations de commer\u00e7ants, des organismes de guides touristiques\u00a0demandent au plus vite <strong>une concertation avec la mairie<\/strong> afin de revenir sur cette interdiction et de trouver une autre solution \u00e0 celle d\u00e9cid\u00e9e par la ville.<\/p>\n<p><strong>Une action devant le tribunal administratif<\/strong> pourrait \u00eatre aussi envisag\u00e9e pour casser cet arr\u00eat\u00e9 municipal.<\/p>\n<p><img loading=\"lazy\" decoding=\"async\" class=\"VisualPreview svelte-1rldrkz\" src=\"data:image\/jpeg;base64,\/9j\/2wBDACgcHiMeGSgjISMtKygwPGRBPDc3PHtYXUlkkYCZlo+AjIqgtObDoKrarYqMyP\/L2u71\/\/\/\/m8H\/\/\/\/6\/+b9\/\/j\/2wBDASstLTw1PHZBQXb4pYyl+Pj4+Pj4+Pj4+Pj4+Pj4+Pj4+Pj4+Pj4+Pj4+Pj4+Pj4+Pj4+Pj4+Pj4+Pj4+Pj4+Pj\/wAARCAAfACoDASIAAhEBAxEB\/8QAFwAAAwEAAAAAAAAAAAAAAAAAAAECA\/\/EABgQAQEBAQEAAAAAAAAAAAAAAAARARIC\/8QAFgEBAQEAAAAAAAAAAAAAAAAAAAEC\/8QAFBEBAAAAAAAAAAAAAAAAAAAAAP\/aAAwDAQACEQMRAD8AuioorKqp5rOiits9K6YdH0gULWm4jcaROkelAAEOA\/\/Z\" alt=\"Ce car r\u00e9cup\u00e8re les touristes notamment rue Henri Barbusse\" width=\"600\" height=\"450\"\/>  Ce car r\u00e9cup\u00e8re les touristes notamment rue Henri Barbusse \u00a9 Radio France &#8211; Philippe Boccara<\/p>\n<p><strong>Dans le d\u00e9tail<\/strong> : la circulation est d\u00e9sormais interdite aux cars de tourisme Place de Lenche, avenue de Saint-Jean (entre la rue de la Loge et la rue Caisserie), esplanade de la Tourette, parvis Saint-Laurent, rue Bonneterie, rue Caisserie, rue Coutellerie, rue Mery, rue Saint-Laurent, rue Grande Rue , rue de la Loge (entre la rue Tasso et la rue Coutellerie) et\u00a0 quai du Port (entre la rue Tasso et la rue de la Coutellerie).<\/p>\n","protected":false},"excerpt":{"rendered":"Les cars de tourisme sont d\u00e9sormais interdits de circuler et de stationner sur une grande partie du Vieux-Port&hellip;\n","protected":false},"author":2,"featured_media":460394,"comment_status":"","ping_status":"","sticky":false,"template":"","format":"standard","meta":{"footnotes":""},"categories":[2814],"tags":[1111,11,1777,674,1011,27,884,12,882,25],"class_list":{"0":"post-460393","1":"post","2":"type-post","3":"status-publish","4":"format-standard","5":"has-post-thumbnail","7":"category-marseille","8":"tag-actu","9":"tag-actualites","10":"tag-eu","11":"tag-europe","12":"tag-fr","13":"tag-france","14":"tag-marseille","15":"tag-news","16":"tag-provence-alpes-cote-dazur","17":"tag-republique-francaise"},"share_on_mastodon":{"url":"https:\/\/pubeurope.com\/@fr\/115368056930647454","error":""},"_links":{"self":[{"href":"https:\/\/www.europesays.com\/fr\/wp-json\/wp\/v2\/posts\/460393","targetHints":{"allow":["GET"]}}],"collection":[{"href":"https:\/\/www.europesays.com\/fr\/wp-json\/wp\/v2\/posts"}],"about":[{"href":"https:\/\/www.europesays.com\/fr\/wp-json\/wp\/v2\/types\/post"}],"author":[{"embeddable":true,"href":"https:\/\/www.europesays.com\/fr\/wp-json\/wp\/v2\/users\/2"}],"replies":[{"embeddable":true,"href":"https:\/\/www.europesays.com\/fr\/wp-json\/wp\/v2\/comments?post=460393"}],"version-history":[{"count":0,"href":"https:\/\/www.europesays.com\/fr\/wp-json\/wp\/v2\/posts\/460393\/revisions"}],"wp:featuredmedia":[{"embeddable":true,"href":"https:\/\/www.europesays.com\/fr\/wp-json\/wp\/v2\/media\/460394"}],"wp:attachment":[{"href":"https:\/\/www.europesays.com\/fr\/wp-json\/wp\/v2\/media?parent=460393"}],"wp:term":[{"taxonomy":"category","embeddable":true,"href":"https:\/\/www.europesays.com\/fr\/wp-json\/wp\/v2\/categories?post=460393"},{"taxonomy":"post_tag","embeddable":true,"href":"https:\/\/www.europesays.com\/fr\/wp-json\/wp\/v2\/tags?post=460393"}],"curies":[{"name":"wp","href":"https:\/\/api.w.org\/{rel}","templated":true}]}}