{"id":460395,"date":"2025-10-13T17:33:11","date_gmt":"2025-10-13T17:33:11","guid":{"rendered":"https:\/\/www.europesays.com\/fr\/460395\/"},"modified":"2025-10-13T17:33:11","modified_gmt":"2025-10-13T17:33:11","slug":"meyzieu-la-metropole-de-lyon-engage-la-rehabilitation-des-coproprietes-des-plantees","status":"publish","type":"post","link":"https:\/\/www.europesays.com\/fr\/460395\/","title":{"rendered":"Meyzieu : la M\u00e9tropole de Lyon engage la r\u00e9habilitation des copropri\u00e9t\u00e9s des Plant\u00e9es"},"content":{"rendered":"<p>                                                        <img loading=\"lazy\" decoding=\"async\" width=\"1200\" height=\"600\" src=\"data:image\/svg+xml,%3Csvg%20xmlns=\" http:=\"\" class=\"thumb img-responsive m-x-auto block w-full\" alt=\"lyon entreprises meyzieu\" caption=\"\" data-lazy-src=\"https:\/\/www.europesays.com\/fr\/wp-content\/uploads\/2025\/10\/lyon-entreprises-meyzieu.jpg\"\/><\/p>\n<p class=\"ez-toc-title ez-toc-toggle\" style=\"cursor: pointer\">Sommaire &amp; acc\u00e8s rapide<\/p>\n<p><a href=\"#\" class=\"ez-toc-pull-right ez-toc-btn ez-toc-btn-xs ez-toc-btn-default ez-toc-toggle\" aria-label=\"Toggle Table of Content\">Toggle<\/a><\/p>\n<p><strong>La M\u00e9tropole de Lyon a valid\u00e9, lors de la commission permanente du 13 octobre 2025, son engagement dans un vaste plan de r\u00e9habilitation des sept copropri\u00e9t\u00e9s du quartier des Plant\u00e9es \u00e0 Meyzieu. Ce programme concernera 346 logements et s\u2019inscrit dans le cadre du contrat de ville m\u00e9tropolitain 2024-2030.<\/strong><\/p>\n<p>Un quartier fragilis\u00e9 depuis plusieurs d\u00e9cennies<\/p>\n<p>Situ\u00e9 \u00e0 Meyzieu, le quartier des Plant\u00e9es compte environ 1 300 habitants et se compose d\u2019immeubles construits dans les ann\u00e9es 1960. Malgr\u00e9 plusieurs op\u00e9rations d\u2019am\u00e9lioration du b\u00e2ti men\u00e9es depuis la fin des ann\u00e9es 1980, dont une OPAH (Op\u00e9ration Programm\u00e9e d\u2019Am\u00e9lioration de l\u2019Habitat), les copropri\u00e9t\u00e9s demeurent fragiles, avec un \u00e9tat du b\u00e2ti d\u00e9grad\u00e9, de nombreux impay\u00e9s et une gestion complexe.<\/p>\n<p>Face \u00e0 cette situation, la M\u00e9tropole de Lyon et la Ville de Meyzieu ont sollicit\u00e9 l\u2019\u00c9tat pour int\u00e9grer le site au plan Initiative Copropri\u00e9t\u00e9s (PIC). En 2022, les Plant\u00e9es ont ainsi \u00e9t\u00e9 retenues comme priorit\u00e9 r\u00e9gionale. Ce dispositif vise \u00e0 enrayer la d\u00e9gradation du parc immobilier et \u00e0 pr\u00e9server l\u2019acc\u00e8s au logement dans un contexte m\u00e9tropolitain tendu.<\/p>\n<p>Un plan d\u2019action global sur dix ans<\/p>\n<p>Le plan de sauvegarde des Plant\u00e9es s\u2019\u00e9tendra sur dix ans et concernera l\u2019ensemble des sept copropri\u00e9t\u00e9s. Il pr\u00e9voit des travaux de r\u00e9novation thermique, de r\u00e9fection des colonnes d\u2019eau et des toitures, ainsi qu\u2019une modernisation des installations de chauffage. Le co\u00fbt des travaux est estim\u00e9 \u00e0 65 000 \u20ac TTC par logement, avec un reste \u00e0 charge compris entre 3 000 \u20ac et 10 000 \u20ac selon les revenus des propri\u00e9taires. Les plus modestes b\u00e9n\u00e9ficieront d\u2019un reste \u00e0 charge r\u00e9duit \u00e0 4 500 \u20ac, voire 3 000 \u20ac pour les occupants tr\u00e8s modestes.<\/p>\n<p>Le passage \u00e0 un syst\u00e8me de chauffage individualis\u00e9 via le r\u00e9seau de chaleur urbain, coupl\u00e9 aux travaux de r\u00e9novation, permettra de r\u00e9duire les consommations \u00e9nerg\u00e9tiques d\u2019environ 35 % et de mieux ma\u00eetriser les charges de chauffage.<\/p>\n<p>Accompagner les copropri\u00e9taires et am\u00e9liorer la gestion<\/p>\n<p>Outre la r\u00e9habilitation du b\u00e2ti, le dispositif comprend un accompagnement social et administratif des copropri\u00e9taires. Les actions viseront \u00e0 renforcer la relation entre syndics et conseils syndicaux, \u00e0 am\u00e9liorer la gestion des charges et \u00e0 mobiliser davantage les habitants dans la vie des copropri\u00e9t\u00e9s. Un op\u00e9rateur mandat\u00e9 par la M\u00e9tropole sera pr\u00e9sent sur le terrain pour assurer ce suivi de proximit\u00e9.<\/p>\n<p>Deux bailleurs sociaux, Alliade Habitat et Lyon M\u00e9tropole Habitat, propri\u00e9taires de logements dans le quartier, participeront \u00e9galement \u00e0 la mise en \u0153uvre du dispositif.<\/p>\n<p>Un investissement majeur pour Meyzieu<\/p>\n<p>Le co\u00fbt total du plan de r\u00e9habilitation est estim\u00e9 \u00e0 27 millions d\u2019euros TTC, avant \u00e9tudes d\u00e9taill\u00e9es. La participation pr\u00e9visionnelle de la M\u00e9tropole de Lyon s\u2019\u00e9l\u00e8ve \u00e0 2,6 millions d\u2019euros, en accompagnement et en aide directe \u00e0 la r\u00e9novation. Ce plan marque une nouvelle \u00e9tape dans la strat\u00e9gie m\u00e9tropolitaine de lutte contre l\u2019habitat d\u00e9grad\u00e9 et de revitalisation des copropri\u00e9t\u00e9s en difficult\u00e9.<\/p>\n","protected":false},"excerpt":{"rendered":"Sommaire &amp; acc\u00e8s rapide Toggle La M\u00e9tropole de Lyon a valid\u00e9, lors de la commission permanente du 13&hellip;\n","protected":false},"author":2,"featured_media":460396,"comment_status":"","ping_status":"","sticky":false,"template":"","format":"standard","meta":{"footnotes":""},"categories":[1889],"tags":[1111,11,2430,1777,674,1011,27,2428,12,25],"class_list":{"0":"post-460395","1":"post","2":"type-post","3":"status-publish","4":"format-standard","5":"has-post-thumbnail","7":"category-lyon","8":"tag-actu","9":"tag-actualites","10":"tag-auvergne-rhone-alpes","11":"tag-eu","12":"tag-europe","13":"tag-fr","14":"tag-france","15":"tag-lyon","16":"tag-news","17":"tag-republique-francaise"},"share_on_mastodon":{"url":"https:\/\/pubeurope.com\/@fr\/115368060803635993","error":""},"_links":{"self":[{"href":"https:\/\/www.europesays.com\/fr\/wp-json\/wp\/v2\/posts\/460395","targetHints":{"allow":["GET"]}}],"collection":[{"href":"https:\/\/www.europesays.com\/fr\/wp-json\/wp\/v2\/posts"}],"about":[{"href":"https:\/\/www.europesays.com\/fr\/wp-json\/wp\/v2\/types\/post"}],"author":[{"embeddable":true,"href":"https:\/\/www.europesays.com\/fr\/wp-json\/wp\/v2\/users\/2"}],"replies":[{"embeddable":true,"href":"https:\/\/www.europesays.com\/fr\/wp-json\/wp\/v2\/comments?post=460395"}],"version-history":[{"count":0,"href":"https:\/\/www.europesays.com\/fr\/wp-json\/wp\/v2\/posts\/460395\/revisions"}],"wp:featuredmedia":[{"embeddable":true,"href":"https:\/\/www.europesays.com\/fr\/wp-json\/wp\/v2\/media\/460396"}],"wp:attachment":[{"href":"https:\/\/www.europesays.com\/fr\/wp-json\/wp\/v2\/media?parent=460395"}],"wp:term":[{"taxonomy":"category","embeddable":true,"href":"https:\/\/www.europesays.com\/fr\/wp-json\/wp\/v2\/categories?post=460395"},{"taxonomy":"post_tag","embeddable":true,"href":"https:\/\/www.europesays.com\/fr\/wp-json\/wp\/v2\/tags?post=460395"}],"curies":[{"name":"wp","href":"https:\/\/api.w.org\/{rel}","templated":true}]}}