{"id":460399,"date":"2025-10-13T17:36:44","date_gmt":"2025-10-13T17:36:44","guid":{"rendered":"https:\/\/www.europesays.com\/fr\/460399\/"},"modified":"2025-10-13T17:36:44","modified_gmt":"2025-10-13T17:36:44","slug":"ile-de-france-pourquoi-une-alarme-dalerte-va-sonner-mercredi-sur-les-telephones-dans-18-communes","status":"publish","type":"post","link":"https:\/\/www.europesays.com\/fr\/460399\/","title":{"rendered":"\u00cele-de-France : pourquoi une alarme d&rsquo;alerte va sonner mercredi sur les t\u00e9l\u00e9phones dans 18 communes"},"content":{"rendered":"<ul class=\"jsx-862013697 ArticleChapo__List\">\n<li class=\"jsx-862013697 ArticleChapo__List_Item flex\">Les t\u00e9l\u00e9phones de 18 communes franciliennes vont recevoir une notification sp\u00e9cifique ce mercredi.<\/li>\n<li class=\"jsx-862013697 ArticleChapo__List_Item flex\">Ce dispositif d&rsquo;urgence va \u00eatre utilis\u00e9 dans le cadre d&rsquo;un exercice de simulation de crue majeure.<\/li>\n<li class=\"jsx-862013697 ArticleChapo__List_Item flex\">Pas de panique, il s&rsquo;agit d&rsquo;un test.<\/li>\n<\/ul>\n<p data-module=\"article-paragraph\" class=\"jsx-3046738180 Paragraph Paragraph__End\">FR-Alert : c&rsquo;est le nom de la notification exceptionnelle que les Franciliens de 18 communes vont recevoir sur leur t\u00e9l\u00e9phone entre ce lundi et ce mercredi 15 octobre. <a href=\"https:\/\/www.tf1info.fr\/societe\/fr-alert-voici-comment-fonctionne-le-nouveau-systeme-d-alerte-sur-smartphone-2222299.html\" target=\"_blank\" rel=\"noopener\">Ce dispositif d&rsquo;alerte<\/a> permettant de pr\u00e9venir en temps r\u00e9el la population d&rsquo;un danger sera utilis\u00e9 pour <a href=\"https:\/\/www.tf1info.fr\/environnement-ecologie\/beaucoup-se-croient-epargnes-paris-organise-un-exercice-sur-les-inondations-avec-une-seine-a-plus-de-7-metres-2400085.html\" target=\"_blank\" rel=\"noopener\">l&rsquo;exercice r\u00e9gional de simulation d&rsquo;une crue majeure de la Seine<\/a> (HYDROS 25) mis en place cette semaine par la pr\u00e9fecture de police.<\/p>\n<p data-module=\"article-paragraph\" class=\"jsx-3046738180 Paragraph Paragraph__End\">Un signal sonore sp\u00e9cifique sera donc \u00e9mis sur tous les t\u00e9l\u00e9phones portables situ\u00e9s dans la zone concern\u00e9e, y compris sur ceux qui sont en mode silencieux. Un message pr\u00e9cisera les raisons de cette alerte, et mentionnera clairement dans le cas de cette semaine qu&rsquo;il s&rsquo;agit d&rsquo;un exercice. \u00ab\u00a0Il est important de ne pas contacter les services de secours ou les autorit\u00e9s pendant le test\u00a0\u00bb, rappelle la mairie du 15e arrondissement de Paris, pour ne pas saturer les lignes d&rsquo;urgence.<\/p>\n<blockquote data-testid=\"EmbedTwitter\" id=\"tweet-1977649707746025980-:R9acmj9n79m:\" class=\"jsx-aeff1a1c40f54d7a twitter-tweet flex justify-center items-center\"><p>\ud83d\udea8 Ce matin, le dispositif  #FRAlert sera test\u00e9 \u00e0  #LaFert\u00e9Gaucher dans le cadre de l\u2019exercice de crise  #HYDROS25 . Si vous \u00eates dans la zone concern\u00e9e, vous recevrez un message sur votre \ud83d\udcf1 avec un signal sonore. \u26a0\ufe0f Pas d\u2019inqui\u00e9tude, il s\u2019agit d\u2019un test !  pic.twitter.com\/ek2Rz3R4Wf \u2014 Pr\u00e9fecture de Police (@prefpolice)  October 13, 2025<\/p><\/blockquote>\n<p>Quelles communes sont concern\u00e9es et \u00e0 quelle heure ?<\/p>\n<p data-module=\"article-paragraph\" class=\"jsx-3046738180 Paragraph\">Voici la liste des communes concern\u00e9es par cet exercice mercredi 15 octobre :\u00a0<\/p>\n<ul data-module=\"article-paragraph\" class=\"jsx-3046738180 Paragraph Paragraph__End\">\n<li>Athis-Mons, Juvisy-sur-Orge, Vigneux-sur-Seine et Viry-Ch\u00e2tillon (Essonne) entre 10h et 11h.<\/li>\n<li>Saint-Denis, Saint-Ouen, L&rsquo;\u00eele-Saint-Denis, Neuilly-sur-Marne, Gournay-sur-Marne et Noisy-le-Grand (Seine-Saint-Denis) entre 11h et 14h.<\/li>\n<li>Alfortville, Ivry-sur-Seine, Nogent-sur-Marne, Saint-Maur-des-Foss\u00e9s, Joinville-le-Pont, Cr\u00e9teil et Orly (Val-de-Marne) entre 11h30 et 12h.<\/li>\n<li>Paris entre 13h et 13h30, dans le quartier Beaugrenelle (15e arrondissement).<\/li>\n<\/ul>\n<blockquote class=\"jsx-2786790838 Quote__Text\"><p>Tester la cha\u00eene d&rsquo;alerte et d&rsquo;information des populations en situation de crue<\/p><\/blockquote>\n<p>La pr\u00e9fecture de police<\/p>\n<p data-module=\"article-paragraph\" class=\"jsx-3046738180 Paragraph\">La commune de La Fert\u00e9-Gaucher (Seine-et-Marne) a d\u00e9j\u00e0 exp\u00e9riment\u00e9 cet exercice ce lundi 13 octobre, en fin de matin\u00e9e.\u00a0<\/p>\n<p data-module=\"article-paragraph\" class=\"jsx-3046738180 Paragraph Paragraph__End\">Le but de cet exercice est de \u00ab\u00a0tester la cha\u00eene d&rsquo;alerte et d&rsquo;information des populations en situation de crue\u00a0\u00bb, afin de \u00ab\u00a0v\u00e9rifier la bonne articulation de ces outils (\u2026) et la capacit\u00e9 \u00e0 toucher rapidement les Franciliens et les Franciliennes\u00a0\u00bb, indique la \u00a0pr\u00e9fecture de police, qui envoie \u00e9galement un questionnaire avec l&rsquo;alerte \u00ab\u00a0pour l&rsquo;am\u00e9lioration du dispositif\u00a0\u00bb.<\/p>\n<p><a href=\"https:\/\/www.tf1info.fr\/meteo\/paris-les-habitants-sensibilises-en-2025-au-risque-inondation-2333165.html\" rel=\"noopener\" class=\"jsx-3308031228 Link flex\" target=\"_blank\"><img decoding=\"async\" src=\"https:\/\/www.europesays.com\/fr\/wp-content\/uploads\/2025\/10\/la-seine-illustration-8d47b0-0@1x.jpeg\" alt=\"Getty Images\" loading=\"lazy\" importance=\"low\" fetchpriority=\"low\" class=\"\" aria-hidden=\"true\"\/><\/p>\n<p class=\"jsx-3657663356 ReadMoreArticle__Title\">Lire aussi<\/p>\n<p class=\"jsx-3657663356\">Paris : les habitants sensibilis\u00e9s en 2025 au \u00ab\u00a0risque inondation\u00a0\u00bb<\/p>\n<p><\/a><\/p>\n<p data-module=\"article-paragraph\" class=\"jsx-3046738180 Paragraph Paragraph__End\">La derni\u00e8re crue centennale, qui a un risque sur cent de se produire par an, remonte \u00e0 janvier 1910. La Seine avait alors atteint 8,62 m\u00e8tres au pont d&rsquo;Austerlitz, paralysant Paris pendant plusieurs semaines. Un sc\u00e9nario que les autorit\u00e9s veulent \u00e9viter en renfor\u00e7ant la pr\u00e9vention.<\/p>\n<p>Victor GAUTIER<\/p>\n<p><script async src=\"https:\/\/platform.twitter.com\/widgets.js\" charset=\"utf-8\"><\/script><\/p>\n","protected":false},"excerpt":{"rendered":"Les t\u00e9l\u00e9phones de 18 communes franciliennes vont recevoir une notification sp\u00e9cifique ce mercredi. Ce dispositif d&rsquo;urgence va \u00eatre&hellip;\n","protected":false},"author":2,"featured_media":460400,"comment_status":"","ping_status":"","sticky":false,"template":"","format":"standard","meta":{"footnotes":""},"categories":[1592],"tags":[1111,11,1921,1777,674,1011,27,662,1922,2839,12,626,25,13527,133,11009],"class_list":{"0":"post-460399","1":"post","2":"type-post","3":"status-publish","4":"format-standard","5":"has-post-thumbnail","7":"category-ile-de-france","8":"tag-actu","9":"tag-actualites","10":"tag-article-video","11":"tag-eu","12":"tag-europe","13":"tag-fr","14":"tag-france","15":"tag-ile-de-france","16":"tag-info","17":"tag-inondations","18":"tag-news","19":"tag-paris","20":"tag-republique-francaise","21":"tag-seine","22":"tag-video","23":"tag-video-meteo-et-intemperies"},"share_on_mastodon":{"url":"https:\/\/pubeurope.com\/@fr\/115368073037682278","error":""},"_links":{"self":[{"href":"https:\/\/www.europesays.com\/fr\/wp-json\/wp\/v2\/posts\/460399","targetHints":{"allow":["GET"]}}],"collection":[{"href":"https:\/\/www.europesays.com\/fr\/wp-json\/wp\/v2\/posts"}],"about":[{"href":"https:\/\/www.europesays.com\/fr\/wp-json\/wp\/v2\/types\/post"}],"author":[{"embeddable":true,"href":"https:\/\/www.europesays.com\/fr\/wp-json\/wp\/v2\/users\/2"}],"replies":[{"embeddable":true,"href":"https:\/\/www.europesays.com\/fr\/wp-json\/wp\/v2\/comments?post=460399"}],"version-history":[{"count":0,"href":"https:\/\/www.europesays.com\/fr\/wp-json\/wp\/v2\/posts\/460399\/revisions"}],"wp:featuredmedia":[{"embeddable":true,"href":"https:\/\/www.europesays.com\/fr\/wp-json\/wp\/v2\/media\/460400"}],"wp:attachment":[{"href":"https:\/\/www.europesays.com\/fr\/wp-json\/wp\/v2\/media?parent=460399"}],"wp:term":[{"taxonomy":"category","embeddable":true,"href":"https:\/\/www.europesays.com\/fr\/wp-json\/wp\/v2\/categories?post=460399"},{"taxonomy":"post_tag","embeddable":true,"href":"https:\/\/www.europesays.com\/fr\/wp-json\/wp\/v2\/tags?post=460399"}],"curies":[{"name":"wp","href":"https:\/\/api.w.org\/{rel}","templated":true}]}}