{"id":460406,"date":"2025-10-13T17:41:15","date_gmt":"2025-10-13T17:41:15","guid":{"rendered":"https:\/\/www.europesays.com\/fr\/460406\/"},"modified":"2025-10-13T17:41:15","modified_gmt":"2025-10-13T17:41:15","slug":"on-attendait-tellement-ce-jour-rue-des-rosiers-a-paris-le-soulagement-apres-la-liberation-des-derniers-otages","status":"publish","type":"post","link":"https:\/\/www.europesays.com\/fr\/460406\/","title":{"rendered":"\u00ab\u00a0On attendait tellement ce jour\u00a0\u00bb\u00a0: rue des Rosiers \u00e0 Paris, le soulagement apr\u00e8s la lib\u00e9ration des derniers otages"},"content":{"rendered":"<p class=\"paragraph text_align_left lp-f-body-02\">Et soudain, S\u00e9verine arracha l\u2019affiche. Celle des <a href=\"https:\/\/www.leparisien.fr\/international\/israel\/cessez-le-feu-a-gaza-les-premieres-images-des-otages-israeliens-liberes-par-le-hamas-13-10-2025-V3BOUJ2F7RARZKHLQOLX2C4XPY.php\" target=\"_self\" rel=\"nofollow noopener\">otages isra\u00e9liens d\u00e9tenus par le Hamas<\/a>, placard\u00e9e rue des Rosiers dans le quartier du Marais \u00e0 Paris (VIe arrondissement) depuis maintenant deux ans. \u00ab C\u2019est une fa\u00e7on de prononcer le mot fin \u00bb, se justifie-t-elle alors que nous la rencontrons un peu plus haut dans cette art\u00e8re, v\u00e9ritable poumon de la communaut\u00e9 juive parisienne, devant la boulangerie Murciano.<\/p>\n<p class=\"paragraph text_align_left lp-f-body-02\">Une institution, aussi bien fr\u00e9quent\u00e9e par les habitu\u00e9s que par les touristes qui posent en selfie avec la devanture bleue en arri\u00e8re-plan. Quelques minutes plus t\u00f4t, <a href=\"https:\/\/www.leparisien.fr\/international\/israel\/suivi-de-la-croix-rouge-role-du-hamas-prisonniers-palestiniens-echanges-ce-que-lon-sait-de-la-liberation-des-otages-israeliens-13-10-2025-HEDQJ57LP5GLTJLI7ODDFCVQEI.php\" target=\"_blank\" rel=\"noreferrer nofollow noopener\">les vingt derniers otages<\/a> encore en vie retenus dans la bande de Gaza ont \u00e9t\u00e9 remis \u00e0 la Croix-Rouge. <\/p>\n","protected":false},"excerpt":{"rendered":"Et soudain, S\u00e9verine arracha l\u2019affiche. Celle des otages isra\u00e9liens d\u00e9tenus par le Hamas, placard\u00e9e rue des Rosiers dans&hellip;\n","protected":false},"author":2,"featured_media":460407,"comment_status":"","ping_status":"","sticky":false,"template":"","format":"standard","meta":{"footnotes":""},"categories":[1888],"tags":[11,1777,674,1011,27,14,12,626,25,104],"class_list":{"0":"post-460406","1":"post","2":"type-post","3":"status-publish","4":"format-standard","5":"has-post-thumbnail","7":"category-paris","8":"tag-actualites","9":"tag-eu","10":"tag-europe","11":"tag-fr","12":"tag-france","13":"tag-international","14":"tag-news","15":"tag-paris","16":"tag-republique-francaise","17":"tag-societe"},"share_on_mastodon":{"url":"https:\/\/pubeurope.com\/@fr\/115368092262611621","error":""},"_links":{"self":[{"href":"https:\/\/www.europesays.com\/fr\/wp-json\/wp\/v2\/posts\/460406","targetHints":{"allow":["GET"]}}],"collection":[{"href":"https:\/\/www.europesays.com\/fr\/wp-json\/wp\/v2\/posts"}],"about":[{"href":"https:\/\/www.europesays.com\/fr\/wp-json\/wp\/v2\/types\/post"}],"author":[{"embeddable":true,"href":"https:\/\/www.europesays.com\/fr\/wp-json\/wp\/v2\/users\/2"}],"replies":[{"embeddable":true,"href":"https:\/\/www.europesays.com\/fr\/wp-json\/wp\/v2\/comments?post=460406"}],"version-history":[{"count":0,"href":"https:\/\/www.europesays.com\/fr\/wp-json\/wp\/v2\/posts\/460406\/revisions"}],"wp:featuredmedia":[{"embeddable":true,"href":"https:\/\/www.europesays.com\/fr\/wp-json\/wp\/v2\/media\/460407"}],"wp:attachment":[{"href":"https:\/\/www.europesays.com\/fr\/wp-json\/wp\/v2\/media?parent=460406"}],"wp:term":[{"taxonomy":"category","embeddable":true,"href":"https:\/\/www.europesays.com\/fr\/wp-json\/wp\/v2\/categories?post=460406"},{"taxonomy":"post_tag","embeddable":true,"href":"https:\/\/www.europesays.com\/fr\/wp-json\/wp\/v2\/tags?post=460406"}],"curies":[{"name":"wp","href":"https:\/\/api.w.org\/{rel}","templated":true}]}}