{"id":460430,"date":"2025-10-13T17:54:11","date_gmt":"2025-10-13T17:54:11","guid":{"rendered":"https:\/\/www.europesays.com\/fr\/460430\/"},"modified":"2025-10-13T17:54:11","modified_gmt":"2025-10-13T17:54:11","slug":"il-ne-faut-pas-que-le-maillot-soit-trop-large-pour-certains-jean-noel-spitzer-analyse-le-debut-de-saison-du-rc-vannes-en-pro-d2","status":"publish","type":"post","link":"https:\/\/www.europesays.com\/fr\/460430\/","title":{"rendered":"\u00ab\u00a0Il ne faut pas que le maillot soit trop large pour certains\u00a0\u00bb\u00a0: Jean-No\u00ebl Spitzer analyse le d\u00e9but de saison du RC Vannes en Pro D2"},"content":{"rendered":"<p>Pro D2 (7e journ\u00e9e). RC Vannes &#8211; Oyonnax, jeudi (21 h)\u00c0 froid, quel bilan faites-vous du premier bloc ?<\/p>\n<p>Comptablement, c\u2019est tr\u00e8s bien. On prend des points sur un bloc o\u00f9 on se d\u00e9place quatre fois. On sait tr\u00e8s bien la difficult\u00e9 de se relancer dans le championnat. D\u2019autres \u00e9quipes n\u2019ont pas r\u00e9ussi \u00e0 le faire. Ensuite, je dirais qu\u2019il y a eu des hauts et des bas. Je pense qu\u2019on a retrouv\u00e9 une certaine assise d\u00e9fensive. On a aussi montr\u00e9 des bonnes qualit\u00e9s dans nos sorties de camp. Je crois qu\u2019on prend \u00e0 peine dix points sur l\u2019ensemble du bloc directement sur nos sorties de camp. Par contre, la discipline est un point noir. Celle li\u00e9e au combat, \u00e7a ne me pose pas de probl\u00e8me. Mais sur le dernier match \u00e0 Dax, on a quand m\u00eame cinq fautes qu\u2019on doit vraiment \u00e9viter. C\u2019est le d\u00e9but de saison aussi. Les arbitres font un focus tr\u00e8s particulier, notamment sur les introductions en m\u00eal\u00e9e et les constructions de mauls. On sait tr\u00e8s bien qu\u2019il y a une vigilance maximum qui va s\u2019estomper petit \u00e0 petit. Et le dernier aspect, je ne suis pas encore satisfait sur le plan offensif. On peut faire beaucoup mieux dans notre r\u00e9organisation, dans notre structure offensive, dans les derniers m\u00e8tres aussi. Ma frustration vient un peu de l\u00e0.<\/p>\n<p>Y-a-t\u2019il une frustration par rapport \u00e0 ce que vous produisiez en Top 14 ou c\u2019est que le jeu est diff\u00e9rent ?<\/p>\n<p>Le jeu n\u2019est pas diff\u00e9rent. Il se joue avec un peu plus de vitesse. Il y a une vitesse individuelle, que ce soit de course ou d\u2019ex\u00e9cution, qui est tr\u00e8s diff\u00e9rente en Top 14. Nous, on a fait le deuil du Top 14. On a jou\u00e9 neuf ans en Pro D2, une ann\u00e9e en Top 14. On est dans notre championnat, clairement. Dans ce championnat, il faut qu\u2019on soit meilleurs. Nous, le staff, l\u2019\u00e9quipe et les joueurs.<\/p>\n<p>C\u2019est encourageant de se dire que l\u2019\u00e9quipe est perfectible, mais 2e de Pro D2 malgr\u00e9 un premier bloc compliqu\u00e9.<\/p>\n<p>Oui, je vois une marge de progression. On ne peut pas \u00eatre \u00e0 la fois premier au classement britannique et aussi mal class\u00e9 au nombre de d\u00e9fenseurs battus (15e ex aequo avec Biarritz). Alors qu\u2019on est une \u00e9quipe qui a la possession, qui se fait des passes. \u00c7a veut dire, qu\u2019\u00e0 un moment donn\u00e9, dans les duels engag\u00e9s par les joueurs, il manque quelque chose. Les joueurs doivent se bouger aussi.<\/p>\n<p>Au niveau de l\u2019intensit\u00e9 ?<\/p>\n<p>Oui, l\u2019intensit\u00e9, lecture de jeu, technique individuelle. Il faut remplir le maillot aussi. Il ne faut pas que le maillot soit trop large pour certains.<\/p>\n<p>Quelques joueurs n\u2019ont pas ou peu jou\u00e9. Id\u00e9alement, il faudrait que certains joueurs qui n\u2019ont pas port\u00e9 le maillot puissent le porter sur le bloc. La strat\u00e9gie sur le premier bloc \u00e9tait de lancer la saison parce qu\u2019il y avait quatre d\u00e9placements. Donc on a essay\u00e9 d\u2019\u00eatre le plus comp\u00e9titif possible. Il faut qu\u2019on arrive \u00e0 ouvrir un peu le groupe, que je vois d\u2019autres joueurs, que la concurrence batte son plein. C\u2019est le sc\u00e9nario id\u00e9al. Maintenant, tr\u00e8s vite, tu peux te confronter aux blessures, aux r\u00e9sultats. Tout peut \u00eatre remis en cause. Mais dans le sc\u00e9nario id\u00e9al, c\u2019est \u00e7a.<\/p>\n","protected":false},"excerpt":{"rendered":"Pro D2 (7e journ\u00e9e). RC Vannes &#8211; Oyonnax, jeudi (21 h)\u00c0 froid, quel bilan faites-vous du premier bloc&hellip;\n","protected":false},"author":2,"featured_media":460431,"comment_status":"","ping_status":"","sticky":false,"template":"","format":"standard","meta":{"footnotes":""},"categories":[1416],"tags":[3166,1011,27,2308,3164,3167,479,1468,60,3165],"class_list":{"0":"post-460430","1":"post","2":"type-post","3":"status-publish","4":"format-standard","5":"has-post-thumbnail","7":"category-rugby","8":"tag-en-continu-sports","9":"tag-fr","10":"tag-france","11":"tag-pro-d2","12":"tag-rc-vannes","13":"tag-rcv","14":"tag-rugby","15":"tag-rugby-football","16":"tag-sports","17":"tag-vannes"},"share_on_mastodon":{"url":"https:\/\/pubeurope.com\/@fr\/115368143387558242","error":""},"_links":{"self":[{"href":"https:\/\/www.europesays.com\/fr\/wp-json\/wp\/v2\/posts\/460430","targetHints":{"allow":["GET"]}}],"collection":[{"href":"https:\/\/www.europesays.com\/fr\/wp-json\/wp\/v2\/posts"}],"about":[{"href":"https:\/\/www.europesays.com\/fr\/wp-json\/wp\/v2\/types\/post"}],"author":[{"embeddable":true,"href":"https:\/\/www.europesays.com\/fr\/wp-json\/wp\/v2\/users\/2"}],"replies":[{"embeddable":true,"href":"https:\/\/www.europesays.com\/fr\/wp-json\/wp\/v2\/comments?post=460430"}],"version-history":[{"count":0,"href":"https:\/\/www.europesays.com\/fr\/wp-json\/wp\/v2\/posts\/460430\/revisions"}],"wp:featuredmedia":[{"embeddable":true,"href":"https:\/\/www.europesays.com\/fr\/wp-json\/wp\/v2\/media\/460431"}],"wp:attachment":[{"href":"https:\/\/www.europesays.com\/fr\/wp-json\/wp\/v2\/media?parent=460430"}],"wp:term":[{"taxonomy":"category","embeddable":true,"href":"https:\/\/www.europesays.com\/fr\/wp-json\/wp\/v2\/categories?post=460430"},{"taxonomy":"post_tag","embeddable":true,"href":"https:\/\/www.europesays.com\/fr\/wp-json\/wp\/v2\/tags?post=460430"}],"curies":[{"name":"wp","href":"https:\/\/api.w.org\/{rel}","templated":true}]}}