{"id":460434,"date":"2025-10-13T17:57:15","date_gmt":"2025-10-13T17:57:15","guid":{"rendered":"https:\/\/www.europesays.com\/fr\/460434\/"},"modified":"2025-10-13T17:57:15","modified_gmt":"2025-10-13T17:57:15","slug":"le-changement-dingenieur-qui-destabilise-bastianini-2","status":"publish","type":"post","link":"https:\/\/www.europesays.com\/fr\/460434\/","title":{"rendered":"Le changement d&rsquo;ing\u00e9nieur qui d\u00e9stabilise Bastianini&#8230;"},"content":{"rendered":"<p>L&rsquo;\u00e9t\u00e9 avait sembl\u00e9 montrer qu&rsquo;Enea Bastianini avait pass\u00e9 un cap avec la KTM, une moto dont il admet avoir mis beaucoup plus de temps qu&rsquo;esp\u00e9r\u00e9 \u00e0 s&rsquo;adapter. Pass\u00e9 quatre fois de suite en Q2, il s&rsquo;est qualifi\u00e9 en deuxi\u00e8me ligne en Autriche, puis en Hongrie. Il a d\u00e9croch\u00e9 une m\u00e9daille au sprint de Brno, puis une cinqui\u00e8me place en course principale au Red Bull Ring, avant de f\u00eater son &#8230;<a class=\"more\" href=\"https:\/\/fr.motorsport.com\/motogp\/news\/changement-ingenieur-destabilise-bastianini\/10766343\/?utm_source=RSS&amp;utm_medium=referral&amp;utm_campaign=RSS-MOTOGP&amp;utm_term=News&amp;utm_content=fr\" rel=\"nofollow noopener\" target=\"_blank\">Continuez de lire<\/a><\/p>\n","protected":false},"excerpt":{"rendered":"L&rsquo;\u00e9t\u00e9 avait sembl\u00e9 montrer qu&rsquo;Enea Bastianini avait pass\u00e9 un cap avec la KTM, une moto dont il admet&hellip;\n","protected":false},"author":2,"featured_media":460435,"comment_status":"","ping_status":"","sticky":false,"template":"","format":"standard","meta":{"footnotes":""},"categories":[1413],"tags":[1011,27,1457,1456,60],"class_list":{"0":"post-460434","1":"post","2":"type-post","3":"status-publish","4":"format-standard","5":"has-post-thumbnail","7":"category-moto","8":"tag-fr","9":"tag-france","10":"tag-moto","11":"tag-motocycle","12":"tag-sports"},"share_on_mastodon":{"url":"https:\/\/pubeurope.com\/@fr\/115368155214264026","error":""},"_links":{"self":[{"href":"https:\/\/www.europesays.com\/fr\/wp-json\/wp\/v2\/posts\/460434","targetHints":{"allow":["GET"]}}],"collection":[{"href":"https:\/\/www.europesays.com\/fr\/wp-json\/wp\/v2\/posts"}],"about":[{"href":"https:\/\/www.europesays.com\/fr\/wp-json\/wp\/v2\/types\/post"}],"author":[{"embeddable":true,"href":"https:\/\/www.europesays.com\/fr\/wp-json\/wp\/v2\/users\/2"}],"replies":[{"embeddable":true,"href":"https:\/\/www.europesays.com\/fr\/wp-json\/wp\/v2\/comments?post=460434"}],"version-history":[{"count":0,"href":"https:\/\/www.europesays.com\/fr\/wp-json\/wp\/v2\/posts\/460434\/revisions"}],"wp:featuredmedia":[{"embeddable":true,"href":"https:\/\/www.europesays.com\/fr\/wp-json\/wp\/v2\/media\/460435"}],"wp:attachment":[{"href":"https:\/\/www.europesays.com\/fr\/wp-json\/wp\/v2\/media?parent=460434"}],"wp:term":[{"taxonomy":"category","embeddable":true,"href":"https:\/\/www.europesays.com\/fr\/wp-json\/wp\/v2\/categories?post=460434"},{"taxonomy":"post_tag","embeddable":true,"href":"https:\/\/www.europesays.com\/fr\/wp-json\/wp\/v2\/tags?post=460434"}],"curies":[{"name":"wp","href":"https:\/\/api.w.org\/{rel}","templated":true}]}}