{"id":460444,"date":"2025-10-13T18:02:20","date_gmt":"2025-10-13T18:02:20","guid":{"rendered":"https:\/\/www.europesays.com\/fr\/460444\/"},"modified":"2025-10-13T18:02:20","modified_gmt":"2025-10-13T18:02:20","slug":"voici-pourquoi-les-statuettes-le-long-de-la-collegiale-de-guerande-ont-ete-enlevees","status":"publish","type":"post","link":"https:\/\/www.europesays.com\/fr\/460444\/","title":{"rendered":"Voici pourquoi les statuettes le long de la coll\u00e9giale de Gu\u00e9rande ont \u00e9t\u00e9 enlev\u00e9es"},"content":{"rendered":"<p>            Par<br \/>\n        <strong><br \/>\n            <a href=\"https:\/\/actu.fr\/auteur\/journaliste-ehpg\" title=\"Consulter tous les articles de R\u00e9daction Gu\u00e9rande\" target=\"_blank\" rel=\"noopener\">R\u00e9daction Gu\u00e9rande<\/a><br \/>\n        <\/strong><\/p>\n<p>        Publi\u00e9 le<\/p>\n<p>            13 oct. 2025 \u00e0 16h46        <\/p>\n<p>Les statuettes sur leurs pieds m\u00e9talliques, \u0153uvre du sculpteur Nicolas Ferorenko implant\u00e9es le long du flanc nord de la coll\u00e9giale de Gu\u00e9rande (Loire-Atlantique) depuis 2005, ne sont plus en place.<\/p>\n<p>Une procession silencieuse<\/p>\n<p class=\" wall-content\">Repr\u00e9sentatives des Gu\u00e9randais, de leurs m\u00e9tiers, paludier ou chevalier, et de leurs passions, la danse ou l\u2019accord\u00e9on, elles t\u00e9moignent, sous la forme d\u2019une procession silencieuse des anciens Gu\u00e9randais, de l\u2019existence pass\u00e9e, sur ce m\u00eame lieu, autour de la coll\u00e9giale, d\u2019un cimeti\u00e8re qui a fait l\u2019objet de fouilles arch\u00e9ologiques lors de travaux pr\u00e9c\u00e9dents de la place et de la rue des Lauriers.<\/p>\n<p class=\" wall-content\">Autrefois, les d\u00e9funts \u00e9taient enterr\u00e9s dans et autour de l\u2019\u00e9glise, une tradition qui s\u2019est prolong\u00e9e \u00e0 Gu\u00e9rande jusqu\u2019au d\u00e9but du XIXe si\u00e8cle, pour les enfants et les pr\u00eatres.<\/p>\n<p class=\" wall-content\">Les statuettes ont \u00e9t\u00e9 d\u00e9mont\u00e9es pour laisser place aux \u00e9chafaudages n\u00e9cessaires <a href=\"https:\/\/actu.fr\/pays-de-la-loire\/guerande_44069\/le-chantier-de-restauration-de-ce-monument-historique-de-loire-atlantique-est-lance-et-il-va-durer-10-ans_63283062.html\" target=\"_blank\" rel=\"noopener\">la restauration de la coll\u00e9giale<\/a>. Elles sont remis\u00e9es par la Ville, avec la perspective d\u2019une remise en place dans deux ans.<\/p>\n<p class=\" wall-content\">Personnalisez votre actualit\u00e9 en ajoutant vos villes et m\u00e9dias en favori avec <a href=\"https:\/\/moncompte.actu.fr\" title=\"D\u00e9couvez Mon Actu\" rel=\"nofollow noopener\" data-trk=\"{&quot;cta&quot;:{&quot;action&quot;:&quot;https:\\\/\\\/moncompte.actu.fr&quot;,&quot;category&quot;:&quot;mon compte&quot;,&quot;from&quot;:&quot;article footer&quot;,&quot;name&quot;:&quot;Mon actu&quot;,&quot;type&quot;:&quot;cta&quot;}}\" target=\"_blank\">Mon Actu<\/a>.<\/p>\n","protected":false},"excerpt":{"rendered":"Par R\u00e9daction Gu\u00e9rande Publi\u00e9 le 13 oct. 2025 \u00e0 16h46 Les statuettes sur leurs pieds m\u00e9talliques, \u0153uvre du&hellip;\n","protected":false},"author":2,"featured_media":460445,"comment_status":"","ping_status":"","sticky":false,"template":"","format":"standard","meta":{"footnotes":""},"categories":[1358],"tags":[1348,1384,1385,1386,58,59,1011,27,2551,30044,104],"class_list":{"0":"post-460444","1":"post","2":"type-post","3":"status-publish","4":"format-standard","5":"has-post-thumbnail","7":"category-arts-et-design","8":"tag-arts","9":"tag-arts-and-design","10":"tag-arts-et-design","11":"tag-design","12":"tag-divertissement","13":"tag-entertainment","14":"tag-fr","15":"tag-france","16":"tag-patrimoine","17":"tag-presquile-de-guerande","18":"tag-societe"},"share_on_mastodon":{"url":"https:\/\/pubeurope.com\/@fr\/115368174842060758","error":""},"_links":{"self":[{"href":"https:\/\/www.europesays.com\/fr\/wp-json\/wp\/v2\/posts\/460444","targetHints":{"allow":["GET"]}}],"collection":[{"href":"https:\/\/www.europesays.com\/fr\/wp-json\/wp\/v2\/posts"}],"about":[{"href":"https:\/\/www.europesays.com\/fr\/wp-json\/wp\/v2\/types\/post"}],"author":[{"embeddable":true,"href":"https:\/\/www.europesays.com\/fr\/wp-json\/wp\/v2\/users\/2"}],"replies":[{"embeddable":true,"href":"https:\/\/www.europesays.com\/fr\/wp-json\/wp\/v2\/comments?post=460444"}],"version-history":[{"count":0,"href":"https:\/\/www.europesays.com\/fr\/wp-json\/wp\/v2\/posts\/460444\/revisions"}],"wp:featuredmedia":[{"embeddable":true,"href":"https:\/\/www.europesays.com\/fr\/wp-json\/wp\/v2\/media\/460445"}],"wp:attachment":[{"href":"https:\/\/www.europesays.com\/fr\/wp-json\/wp\/v2\/media?parent=460444"}],"wp:term":[{"taxonomy":"category","embeddable":true,"href":"https:\/\/www.europesays.com\/fr\/wp-json\/wp\/v2\/categories?post=460444"},{"taxonomy":"post_tag","embeddable":true,"href":"https:\/\/www.europesays.com\/fr\/wp-json\/wp\/v2\/tags?post=460444"}],"curies":[{"name":"wp","href":"https:\/\/api.w.org\/{rel}","templated":true}]}}