{"id":460452,"date":"2025-10-13T18:06:16","date_gmt":"2025-10-13T18:06:16","guid":{"rendered":"https:\/\/www.europesays.com\/fr\/460452\/"},"modified":"2025-10-13T18:06:16","modified_gmt":"2025-10-13T18:06:16","slug":"amazon-retire-un-attribut-de-james-bond-internet-senflamme","status":"publish","type":"post","link":"https:\/\/www.europesays.com\/fr\/460452\/","title":{"rendered":"Amazon retire un attribut de James Bond, Internet s\u2019enflamme"},"content":{"rendered":"<p>                    <b>\u00c0 l\u2019occasion du James Bond Day, Amazon a d\u00e9voil\u00e9 de nouvelles affiches pour c\u00e9l\u00e9brer la saga culte. Mais un d\u00e9tail a imm\u00e9diatement enflamm\u00e9 les fans\u00a0: le c\u00e9l\u00e8bre Walther PPK, arme iconique de l\u2019agent 007, a disparu de toutes les images.<\/b><\/p>\n<p>                                                                                                                                                        <img decoding=\"async\" src=\"https:\/\/www.europesays.com\/fr\/wp-content\/uploads\/2025\/10\/c619e41b18_amazon-james-bond.webp.webp\" alt=\"Amazon James Bond\" width=\"1200\" height=\"686\" loading=\"lazy\"\/>        <\/p>\n<p>James est-il Bond sans arme\u00a0?<\/p>\n<p><b>Les amateurs de la franchise n\u2019en ont pas cru leurs yeux.<\/b> Sur les affiches fra\u00eechement publi\u00e9es par Amazon pour les films Dr. No, GoldenEye, Live and Let Die ou encore A View to a Kill, le pistolet de James Bond a purement et simplement \u00e9t\u00e9 supprim\u00e9.<\/p>\n<p>Dans certains cas, le montage est si \u00e9vident qu\u2019il en devient presque comique. Ainsi <b>Sean Connery et Pierce Brosnan semblent saisir le vide<\/b>, les doigts fig\u00e9s dans une posture tellement famili\u00e8re qu&rsquo;il manque vraiment quelque chose. Roger Moore, lui, para\u00eet avoir h\u00e9rit\u00e9 d\u2019un bras \u00e9trangement rallong\u00e9, visiblement pour masquer la disparition du revolver.<\/p>\n<p><b>Ces modifications, parfois grossi\u00e8res<\/b> (surtout au vu des logiciels existants), ont \u00e9t\u00e9 rep\u00e9r\u00e9es en quelques heures par les fans, qui se sont imm\u00e9diatement d\u00e9cha\u00een\u00e9s sur les r\u00e9seaux sociaux.<\/p>\n<p>                                                                                                                                                        <img decoding=\"async\" src=\"https:\/\/www.europesays.com\/fr\/wp-content\/uploads\/2025\/10\/d178d2235d_007.webp.webp\" alt=\"Amazon retire un attribut de James Bond, Internet s\u2019enflamme\" width=\"1200\" height=\"450\" loading=\"lazy\"\/>        <\/p>\n<p>Des fans&#8230; partag\u00e9s\u00a0: James Bond Air<\/p>\n<p><b>Sur X et Reddit, la communaut\u00e9 s\u2019est divis\u00e9e entre incompr\u00e9hension et moqueries.<\/b> Certains d\u00e9noncent une r\u00e9\u00e9criture de l\u2019histoire ou une d\u00e9rive puritaine d\u2019Amazon, propri\u00e9taire des droits de distribution de la franchise depuis le rachat de MGM. D\u2019autres se contentent d\u2019en rire, transformant la main vide de Pierce Brosnan en m\u00e8me viral, tenant une tasse de caf\u00e9, un sandwich, un canard en caoutchouc (coin coin) ou un smartphone.<\/p>\n<p>Amazon, de son c\u00f4t\u00e9, n\u2019a toujours pas r\u00e9agi officiellement. <b>Cependant, les miniatures concern\u00e9es ont \u00e9t\u00e9 rapidement remplac\u00e9es par de simples captures issues des films, cette fois sans arme visible<\/b>. M\u00eame l\u00e0, certains fans affirment que <b>des retouches persistent,<\/b> notamment sur l\u2019image de Skyfall, o\u00f9 le pistolet de Daniel Craig semble avoir \u00e9t\u00e9 effac\u00e9 num\u00e9riquement.<\/p>\n<p>Un symbole devenu trop sensible<\/p>\n<p><b>Le Walther PPK, symbole de James Bond depuis 1962, a toujours fait partie int\u00e9grante de l\u2019identit\u00e9 du personnage<\/b>. Le voir dispara\u00eetre des supports promotionnels interroge sur l\u2019\u00e9volution de la communication autour des armes au cin\u00e9ma, dans un contexte o\u00f9 les grandes plateformes cherchent \u00e0 \u00e9viter toute pol\u00e9mique li\u00e9e \u00e0 la violence.<\/p>\n<p>Pour de nombreux fans, supprimer l\u2019arme de Bond, c\u2019est \u00e9masculer le personnage retirer une part de sa l\u00e9gende. Car sans son pistolet, le plus c\u00e9l\u00e8bre espion du cin\u00e9ma perd un peu de ce m\u00e9lange de danger et d\u2019\u00e9l\u00e9gance qui a fait sa renomm\u00e9e.\n                    <\/p>\n","protected":false},"excerpt":{"rendered":"\u00c0 l\u2019occasion du James Bond Day, Amazon a d\u00e9voil\u00e9 de nouvelles affiches pour c\u00e9l\u00e9brer la saga culte. Mais&hellip;\n","protected":false},"author":2,"featured_media":460453,"comment_status":"","ping_status":"","sticky":false,"template":"","format":"standard","meta":{"footnotes":""},"categories":[1354],"tags":[4239,58,59,1346,1011,27,58498,1360],"class_list":{"0":"post-460452","1":"post","2":"type-post","3":"status-publish","4":"format-standard","5":"has-post-thumbnail","7":"category-films","8":"tag-amazon","9":"tag-divertissement","10":"tag-entertainment","11":"tag-films","12":"tag-fr","13":"tag-france","14":"tag-jamesbond","15":"tag-movies"},"share_on_mastodon":{"url":"https:\/\/pubeurope.com\/@fr\/115368191341239230","error":""},"_links":{"self":[{"href":"https:\/\/www.europesays.com\/fr\/wp-json\/wp\/v2\/posts\/460452","targetHints":{"allow":["GET"]}}],"collection":[{"href":"https:\/\/www.europesays.com\/fr\/wp-json\/wp\/v2\/posts"}],"about":[{"href":"https:\/\/www.europesays.com\/fr\/wp-json\/wp\/v2\/types\/post"}],"author":[{"embeddable":true,"href":"https:\/\/www.europesays.com\/fr\/wp-json\/wp\/v2\/users\/2"}],"replies":[{"embeddable":true,"href":"https:\/\/www.europesays.com\/fr\/wp-json\/wp\/v2\/comments?post=460452"}],"version-history":[{"count":0,"href":"https:\/\/www.europesays.com\/fr\/wp-json\/wp\/v2\/posts\/460452\/revisions"}],"wp:featuredmedia":[{"embeddable":true,"href":"https:\/\/www.europesays.com\/fr\/wp-json\/wp\/v2\/media\/460453"}],"wp:attachment":[{"href":"https:\/\/www.europesays.com\/fr\/wp-json\/wp\/v2\/media?parent=460452"}],"wp:term":[{"taxonomy":"category","embeddable":true,"href":"https:\/\/www.europesays.com\/fr\/wp-json\/wp\/v2\/categories?post=460452"},{"taxonomy":"post_tag","embeddable":true,"href":"https:\/\/www.europesays.com\/fr\/wp-json\/wp\/v2\/tags?post=460452"}],"curies":[{"name":"wp","href":"https:\/\/api.w.org\/{rel}","templated":true}]}}