{"id":460468,"date":"2025-10-13T18:14:12","date_gmt":"2025-10-13T18:14:12","guid":{"rendered":"https:\/\/www.europesays.com\/fr\/460468\/"},"modified":"2025-10-13T18:14:12","modified_gmt":"2025-10-13T18:14:12","slug":"la-ministre-de-la-sante-stephanie-rist-a-t-elle-touche-de-largent-des-big-pharma","status":"publish","type":"post","link":"https:\/\/www.europesays.com\/fr\/460468\/","title":{"rendered":"La ministre de la Sant\u00e9, St\u00e9phanie Rist, a-t-elle touch\u00e9 de l\u2019argent des Big Pharma\u00a0?"},"content":{"rendered":"<p>C\u2019est une vieille affaire qui ressurgit. Depuis l\u2019annonce de <a href=\"https:\/\/www.20minutes.fr\/diaporama\/diaporama-4178771-images-nouveaux-entrants-gouvernement-lecornu-ii\" class=\"c-link c-link--is-underlined\" target=\"_blank\" rel=\"noopener\">sa nomination au minist\u00e8re de la Sant\u00e9<\/a>, <a href=\"https:\/\/www.linkedin.com\/in\/stephanie-rist\/?originalSubdomain=fr\" target=\"_blank\" class=\"c-link c-link--is-underlined\" rel=\"noopener\">St\u00e9phanie Rist<\/a> est accus\u00e9e, sur les r\u00e9seaux sociaux, d\u2019\u00eatre \u00e0 la solde des Big Pharma, ces g\u00e9ants de l\u2019industrie pharmaceutique tels que <a href=\"https:\/\/www.20minutes.fr\/sante\/pfizer-biontech\/\" class=\"c-link c-link--is-underlined\" target=\"_blank\" rel=\"noopener\">Pfizer<\/a>, Roche ou encore Bayer accus\u00e9s de s\u2019enrichir gr\u00e2ce \u00e0 leur monopole du march\u00e9 mondial des m\u00e9dicaments.<\/p>\n<p>En cause, un article publi\u00e9 par le journal r\u00e9gional La R\u00e9publique du Centre, datant de <a href=\"https:\/\/www.larep.fr\/orleans-45100\/actualites\/le-dr-rist-qui-a-percu-22-000-des-labos-en-5-ans-prete-a-renoncer-a-ces-avantages_12427175\/\" target=\"_blank\" class=\"c-link c-link--is-underlined\" rel=\"noopener\">juin\u00a02017<\/a>, qui a refait surface dans la foul\u00e9e de l\u2019annonce de son investiture, dimanche soir.<\/p>\n<p><\/p>\n<blockquote class=\"twitter-tweet\" align=\"center\" data-lang=\"fr_FR\">\n<p lang=\"fr\" dir=\"ltr\">Sympa la nouvelle ministre de la Sant\u00e9 St\u00e9phanie Rist !\u2026\ud83e\udd26\ud83c\udffb\u200d\u2642\ufe0f<\/p>\n<p>\u27a1\ufe0f \u00ab\u00a0En 2017, il est r\u00e9v\u00e9l\u00e9 qu\u2019elle a per\u00e7u \u2014\u00a0l\u00e9galement\u00a0\u2014 plus de 22\u00a0000\u00a0euros d&rsquo;avantages des laboratoires pharmaceutiques entre 2012 et 2016. Elle s&rsquo;explique de ces diff\u00e9rentes r\u00e9mun\u00e9rations et expose diff\u00e9rentes\u2026 <a href=\"https:\/\/t.co\/s0PRWagOZ8\">pic.twitter.com\/s0PRWagOZ8<\/a><\/p>\n<p>\u2014 Florian Philippot (@f_philippot) <a href=\"https:\/\/twitter.com\/f_philippot\/status\/1977476608547311765?ref_src=twsrc%5Etfw\" target=\"_blank\" rel=\"noopener\">October 12, 2025<\/a><\/p><\/blockquote>\n<p class=\"mb-xxl@xs color-ultramarine font-weight-semi-bold@xs font-source-serif-pro heading-s@xs\">L\u2019acc\u00e8s \u00e0 ce contenu a \u00e9t\u00e9 bloqu\u00e9 afin de respecter votre choix de consentement<\/p>\n<p class=\"mb-m@xs text-l@xs\">En cliquant sur\u00ab J\u2019accepte \u00bb, vous acceptez le d\u00e9p\u00f4t de cookies par des services externes et aurez ainsi acc\u00e8s aux contenus de nos partenaires.<\/p>\n<p class=\"mb-xl@xs text-s@xs\">Plus d\u2019informations sur la page<a href=\"https:\/\/www.20minutes.fr\/gestion-cookies\" class=\"mx-xxs@xs color-ultramarine\" target=\"_blank\" rel=\"noopener\">Politique de gestion des cookies<\/a><\/p>\n<p>J\u2019accepte<\/p>\n<p>Le quotidien avait r\u00e9v\u00e9l\u00e9 que la d\u00e9put\u00e9e du Loiret, m\u00e9decin rhumatologue au centre hospitalier d\u2019Orl\u00e9ans, avait touch\u00e9 22.000 euros d\u2019avantages vers\u00e9s par plusieurs laboratoires pharmaceutiques entre\u00a02012 et\u00a02016. \u00ab\u00a0Des repas, des nuits d\u2019h\u00f4tel \u00e0 200, 300 ou 400 euros, des billets de train ou d\u2019avion, pour 5.000 euros. Et 7.000 euros, au minimum, de r\u00e9mun\u00e9rations\u00a0\u00bb, avait alors d\u00e9taill\u00e9 La Rep&rsquo;. \u00ab\u00a0Plus les labos nous sollicitent, plus notre comp\u00e9tence est reconnue\u00a0\u00bb, avait alors expliqu\u00e9 la mise en cause.<\/p>\n<p>Il n\u2019en fallait pas plus pour que la nouvelle locataire de la rue de S\u00e9gur soit accus\u00e9e d\u2019\u00eatre de connivence avec les lobbies pharmaceutiques, les liens d\u2019int\u00e9r\u00eats, pourtant l\u00e9gaux et courants dans le milieu hospitalier bien que moralement discutables, per\u00e7us comme de v\u00e9ritables conflits d\u2019int\u00e9r\u00eats, donc probl\u00e9matiques. Et surtout, toujours d\u2019actualit\u00e9.<\/p>\n<p>FAKE OFF<\/p>\n<p>Si les informations publi\u00e9es par La R\u00e9publique du Centre sont bel et bien exactes, St\u00e9phanie Rist s\u2019en \u00e9tait expliqu\u00e9e en novembre\u00a02018. A l\u2019\u00e9poque, <a href=\"https:\/\/www.bastamag.net\/webdocs\/pharmapapers\/l-argent-de-l-influence\/loi-de-financement-de-la-secu-les-deputes-medecins-votent-ils-sous-l-influence-des-labos\/\" target=\"_blank\" class=\"c-link c-link--is-underlined\" rel=\"noopener\">un article du m\u00e9dia en ligne Basta\u00a0!<\/a> venait de publier un classement des dix d\u00e9put\u00e9s \u00ab\u00a0les plus g\u00e2t\u00e9s\u00a0\u00bb par l\u2019industrie pharmaceutique au sein duquel la rhumatologue arrivait en t\u00eate.<\/p>\n<p>Elle avait donc d\u00e9cid\u00e9 d\u2019expliciter ses relations avec les laboratoires et les \u00ab\u00a0cadeaux\u00a0\u00bb qui lui avaient \u00e9t\u00e9 faits entre\u00a02012 et\u00a02016, lors d\u2019un point presse. La parlementaire avait assur\u00e9 ne pas avoir connaissance des montants engag\u00e9s par les laboratoires pharmaceutiques pour ses \u00ab\u00a0frais d\u2019hospitalit\u00e9\u00a0\u00bb li\u00e9s au transport, \u00e0 l\u2019h\u00e9bergement et aux repas pris en charge lors de ses d\u00e9placements \u00e0 des congr\u00e8s. Elle avait, en revanche, pr\u00e9cis\u00e9 avoir touch\u00e9 entre \u00ab\u00a040.000 et 50.000 euros en cinq ans\u00a0\u00bb, en tant qu\u2019auto-entrepreneur, dans le cadre de formations qu\u2019elle avait assur\u00e9es pour le compte des laboratoires.<\/p>\n<p>Sanofi, Roche et UCB Pharma<\/p>\n<p>Au moment de son \u00e9lection comme d\u00e9put\u00e9e du Loiret en juin\u00a02017, St\u00e9phanie Rist avait toutefois annonc\u00e9 mettre fin \u00e0 toutes ses activit\u00e9s en lien avec l\u2019industrie pharmaceutique.<\/p>\n<p>De fait, sur la plateforme du minist\u00e8re de la Sant\u00e9, <a href=\"https:\/\/www.transparence.sante.gouv.fr\/pages\/infosbeneficiaires\/?refine.id_beneficiaire=7336\" target=\"_blank\" class=\"c-link c-link--is-underlined\" rel=\"noopener\">Transparence sant\u00e9 public<\/a>, les \u00ab\u00a0avantages et r\u00e9mun\u00e9rations\u00a0\u00bb vers\u00e9s \u00e0 la ministre par plusieurs laboratoires, entre\u00a02015 et\u00a02017, y sont list\u00e9s. Ainsi, en novembre\u00a02015, St\u00e9phanie Rist a touch\u00e9 60 euros de l\u2019entreprise biopharmaceutique Sanofi pour un \u00ab\u00a0repas\u00a0\u00bb. Tandis qu\u2019en d\u00e9cembre\u00a02016 et en janvier\u00a02017, elle a respectivement encaiss\u00e9 600 et 500 euros des laboratoires pharmaceutiques Roche et UCB Pharma, sans pr\u00e9cision sur les motifs exacts de ces r\u00e9mun\u00e9rations. Puis, plus rien depuis.<\/p>\n<p><\/p>\n<p>Sur le site de la Haute autorit\u00e9 pour la transparence de la vie publique, seules apparaissent d\u00e9sormais ses activit\u00e9s \u00e9lectives nationales et locales. En parall\u00e8le de son activit\u00e9 parlementaire pour laquelle elle a touch\u00e9 168.188 euros depuis sa r\u00e9\u00e9lection, entre\u00a02022 et\u00a02024, St\u00e9phanie Rist <a href=\"https:\/\/www.hatvp.fr\/fiche-nominative\/?declarant=rist-stephanie\" target=\"_blank\" class=\"c-link c-link--is-underlined\" rel=\"noopener\">a \u00e9galement d\u00e9clar\u00e9<\/a> une activit\u00e9 de rhumatologue au CHU d\u2019Orl\u00e9ans, pour un total de 24.061 euros net per\u00e7us entre\u00a02019 et\u00a02024. Une somme \u00e0 laquelle viennent s\u2019ajouter 10.204 euros pour son poste de conseill\u00e8re \u00e0 Orl\u00e9ans m\u00e9tropole, et 7.596 euros pour celui de conseill\u00e8re municipale.<\/p>\n<p><script async src=\"https:\/\/platform.twitter.com\/widgets.js\" charset=\"utf-8\"><\/script><\/p>\n","protected":false},"excerpt":{"rendered":"C\u2019est une vieille affaire qui ressurgit. Depuis l\u2019annonce de sa nomination au minist\u00e8re de la Sant\u00e9, St\u00e9phanie Rist&hellip;\n","protected":false},"author":2,"featured_media":460469,"comment_status":"","ping_status":"","sticky":false,"template":"","format":"standard","meta":{"footnotes":""},"categories":[2],"tags":[47,11,7343,840,1011,27,418,13961,3784,6971,12,316,11023,11067],"class_list":{"0":"post-460468","1":"post","2":"type-post","3":"status-publish","4":"format-standard","5":"has-post-thumbnail","7":"category-actualites","8":"tag-actualite","9":"tag-actualites","10":"tag-centre-val-de-loire","11":"tag-fake-off","12":"tag-fr","13":"tag-france","14":"tag-gouvernement","15":"tag-loiret","16":"tag-ministre","17":"tag-ministre-de-la-sante","18":"tag-news","19":"tag-politique","20":"tag-sanofi","21":"tag-sebastien-lecornu"},"share_on_mastodon":{"url":"https:\/\/pubeurope.com\/@fr\/115368221934562200","error":""},"_links":{"self":[{"href":"https:\/\/www.europesays.com\/fr\/wp-json\/wp\/v2\/posts\/460468","targetHints":{"allow":["GET"]}}],"collection":[{"href":"https:\/\/www.europesays.com\/fr\/wp-json\/wp\/v2\/posts"}],"about":[{"href":"https:\/\/www.europesays.com\/fr\/wp-json\/wp\/v2\/types\/post"}],"author":[{"embeddable":true,"href":"https:\/\/www.europesays.com\/fr\/wp-json\/wp\/v2\/users\/2"}],"replies":[{"embeddable":true,"href":"https:\/\/www.europesays.com\/fr\/wp-json\/wp\/v2\/comments?post=460468"}],"version-history":[{"count":0,"href":"https:\/\/www.europesays.com\/fr\/wp-json\/wp\/v2\/posts\/460468\/revisions"}],"wp:featuredmedia":[{"embeddable":true,"href":"https:\/\/www.europesays.com\/fr\/wp-json\/wp\/v2\/media\/460469"}],"wp:attachment":[{"href":"https:\/\/www.europesays.com\/fr\/wp-json\/wp\/v2\/media?parent=460468"}],"wp:term":[{"taxonomy":"category","embeddable":true,"href":"https:\/\/www.europesays.com\/fr\/wp-json\/wp\/v2\/categories?post=460468"},{"taxonomy":"post_tag","embeddable":true,"href":"https:\/\/www.europesays.com\/fr\/wp-json\/wp\/v2\/tags?post=460468"}],"curies":[{"name":"wp","href":"https:\/\/api.w.org\/{rel}","templated":true}]}}