{"id":460470,"date":"2025-10-13T18:16:22","date_gmt":"2025-10-13T18:16:22","guid":{"rendered":"https:\/\/www.europesays.com\/fr\/460470\/"},"modified":"2025-10-13T18:16:22","modified_gmt":"2025-10-13T18:16:22","slug":"porteur-dun-projet-social-ou-ecologique-lincubateur-ronalpia-lance-un-appel-a-projets","status":"publish","type":"post","link":"https:\/\/www.europesays.com\/fr\/460470\/","title":{"rendered":"Porteur d\u2019un projet social ou \u00e9cologique\u00a0? L\u2019incubateur Ronalpia lance un appel \u00e0 projets"},"content":{"rendered":"<p><img fetchpriority=\"high\" decoding=\"async\" width=\"1024\" height=\"576\" src=\"https:\/\/www.europesays.com\/fr\/wp-content\/uploads\/2025\/10\/diary-968592_1280-1024x576.jpg\" alt=\"\" class=\"wp-image-74051\"  \/><\/p>\n<p><a href=\"https:\/\/www.ronalpia.fr\/\" target=\"_blank\" rel=\"noreferrer noopener nofollow\">Ronalpia<\/a>, association qui accompagne les entreprises sociales dans leur cr\u00e9ation, lance un appel \u00e0 projets pour trouver les structures \u00e0 accompagner dans la Loire en 2026.<\/p>\n<p>Dossier \u00e0 d\u00e9poser avant le 31 octobre<\/p>\n<p>Ronalpia entend accompagner huit entrepreneurs \u00e0 <a href=\"https:\/\/www.if-saint-etienne.fr\/tag\/en-boite-le-plat-saint-etienne\" target=\"_blank\" rel=\"noreferrer noopener nofollow\">Saint-Etienne<\/a> et six sur le pays Roannais, qui b\u00e9n\u00e9ficieront d\u2019un suivi individuel, d\u2019ateliers collectifs, mais aussi d\u2019une mise en r\u00e9seau. Les porteurs de projet ont jusqu\u2019au 31 octobre pour envoyer leur candidature via ce lien. <\/p>\n<p>L\u2019accompagnement des projets retenus commencera au mois de janvier pour s\u2019achever en octobre. Au total, une soixantaine de porteurs de projet seront accompagn\u00e9s au sein des neuf incubateurs de la r\u00e9gion. Le profil id\u00e9al est un projet qui rel\u00e8ve de l\u2019\u00e9conomie sociale et solidaire, \u00e0 fort potentiel sur une probl\u00e9matique de soci\u00e9t\u00e9, qui soit au bon stade (d\u00e9j\u00e0 r\u00e9dig\u00e9 et avanc\u00e9).<\/p>\n","protected":false},"excerpt":{"rendered":"Ronalpia, association qui accompagne les entreprises sociales dans leur cr\u00e9ation, lance un appel \u00e0 projets pour trouver les&hellip;\n","protected":false},"author":2,"featured_media":460471,"comment_status":"","ping_status":"","sticky":false,"template":"","format":"standard","meta":{"footnotes":""},"categories":[9653],"tags":[1111,11,2430,1777,674,1011,27,12,25,4001],"class_list":{"0":"post-460470","1":"post","2":"type-post","3":"status-publish","4":"format-standard","5":"has-post-thumbnail","7":"category-saint-etienne","8":"tag-actu","9":"tag-actualites","10":"tag-auvergne-rhone-alpes","11":"tag-eu","12":"tag-europe","13":"tag-fr","14":"tag-france","15":"tag-news","16":"tag-republique-francaise","17":"tag-saint-etienne"},"share_on_mastodon":{"url":"https:\/\/pubeurope.com\/@fr\/115368230423909898","error":""},"_links":{"self":[{"href":"https:\/\/www.europesays.com\/fr\/wp-json\/wp\/v2\/posts\/460470","targetHints":{"allow":["GET"]}}],"collection":[{"href":"https:\/\/www.europesays.com\/fr\/wp-json\/wp\/v2\/posts"}],"about":[{"href":"https:\/\/www.europesays.com\/fr\/wp-json\/wp\/v2\/types\/post"}],"author":[{"embeddable":true,"href":"https:\/\/www.europesays.com\/fr\/wp-json\/wp\/v2\/users\/2"}],"replies":[{"embeddable":true,"href":"https:\/\/www.europesays.com\/fr\/wp-json\/wp\/v2\/comments?post=460470"}],"version-history":[{"count":0,"href":"https:\/\/www.europesays.com\/fr\/wp-json\/wp\/v2\/posts\/460470\/revisions"}],"wp:featuredmedia":[{"embeddable":true,"href":"https:\/\/www.europesays.com\/fr\/wp-json\/wp\/v2\/media\/460471"}],"wp:attachment":[{"href":"https:\/\/www.europesays.com\/fr\/wp-json\/wp\/v2\/media?parent=460470"}],"wp:term":[{"taxonomy":"category","embeddable":true,"href":"https:\/\/www.europesays.com\/fr\/wp-json\/wp\/v2\/categories?post=460470"},{"taxonomy":"post_tag","embeddable":true,"href":"https:\/\/www.europesays.com\/fr\/wp-json\/wp\/v2\/tags?post=460470"}],"curies":[{"name":"wp","href":"https:\/\/api.w.org\/{rel}","templated":true}]}}