{"id":460472,"date":"2025-10-13T18:17:15","date_gmt":"2025-10-13T18:17:15","guid":{"rendered":"https:\/\/www.europesays.com\/fr\/460472\/"},"modified":"2025-10-13T18:17:15","modified_gmt":"2025-10-13T18:17:15","slug":"gael-perdriau-met-lopposition-a-bout-de-nerfs","status":"publish","type":"post","link":"https:\/\/www.europesays.com\/fr\/460472\/","title":{"rendered":"Ga\u00ebl Perdriau met l\u2019opposition \u00e0 bout de nerfs"},"content":{"rendered":"<p>Saint-\u00c9tienne est une ville qui investit pour ses \u00e9coles, pour le bien-\u00eatre de ses quelque 30\u00a0000 \u00e9tudiants&#8230; Une ville qui va bient\u00f4t se doter d\u2019un centre de supervision urbain flambant neuf avenue \u00c9mile-Loubet. Une ville qui prend soin de sa faune et de sa flore. Une ville qui met le paquet en mati\u00e8re d\u2019offre culturelle, qui d\u00e9pense pour ses structures d\u2019\u00e9ducation populaire et qui prend soin de la sant\u00e9 des plus fragiles.<\/p>\n<p>C\u2019est cette ville que son maire, <a href=\"https:\/\/www.leprogres.fr\/p\/gael-perdriau\" target=\"_blank\" rel=\"noopener\">Ga\u00ebl Perdriau<\/a>, a d\u00e9crite lors du point presse d\u2019avant-conseil municipal, ce lundi en fin de matin\u00e9e. Un \u00e0 un, dans de longues descriptions, ses adjoints ont dit ce qui avait \u00e9t\u00e9 fait ou tout ce qui allait se faire pour les St\u00e9phanois.<\/p>\n<p>Ga\u00ebl Perdriau\u00a0: \u00ab\u00a0Il ne faut pas confondre un conseil municipal avec un tribunal\u00a0\u00bb<\/p>\n<p>\u00ab\u00a0Il ne faut pas confondre un conseil municipal avec un tribunal\u00a0\u00bb, avait averti le maire \u00e0 la fin de cette conf\u00e9rence de presse, sachant tr\u00e8s bien que les groupes d\u2019opposition l\u2019attendaient de pied ferme pour parler,&#8230;<\/p>\n","protected":false},"excerpt":{"rendered":"Saint-\u00c9tienne est une ville qui investit pour ses \u00e9coles, pour le bien-\u00eatre de ses quelque 30\u00a0000 \u00e9tudiants&#8230; Une&hellip;\n","protected":false},"author":2,"featured_media":460473,"comment_status":"","ping_status":"","sticky":false,"template":"","format":"standard","meta":{"footnotes":""},"categories":[9653],"tags":[1111,11,42797,2430,1984,7539,1777,674,107,1011,27,3367,12,316,25,4001,7538],"class_list":{"0":"post-460472","1":"post","2":"type-post","3":"status-publish","4":"format-standard","5":"has-post-thumbnail","7":"category-saint-etienne","8":"tag-actu","9":"tag-actualites","10":"tag-affaire-perdriau","11":"tag-auvergne-rhone-alpes","12":"tag-conseil-municipal","13":"tag-edition-loire-sud","14":"tag-eu","15":"tag-europe","16":"tag-fil-info","17":"tag-fr","18":"tag-france","19":"tag-loire","20":"tag-news","21":"tag-politique","22":"tag-republique-francaise","23":"tag-saint-etienne","24":"tag-saint-etienne-ville"},"share_on_mastodon":{"url":"https:\/\/pubeurope.com\/@fr\/115368233874192880","error":""},"_links":{"self":[{"href":"https:\/\/www.europesays.com\/fr\/wp-json\/wp\/v2\/posts\/460472","targetHints":{"allow":["GET"]}}],"collection":[{"href":"https:\/\/www.europesays.com\/fr\/wp-json\/wp\/v2\/posts"}],"about":[{"href":"https:\/\/www.europesays.com\/fr\/wp-json\/wp\/v2\/types\/post"}],"author":[{"embeddable":true,"href":"https:\/\/www.europesays.com\/fr\/wp-json\/wp\/v2\/users\/2"}],"replies":[{"embeddable":true,"href":"https:\/\/www.europesays.com\/fr\/wp-json\/wp\/v2\/comments?post=460472"}],"version-history":[{"count":0,"href":"https:\/\/www.europesays.com\/fr\/wp-json\/wp\/v2\/posts\/460472\/revisions"}],"wp:featuredmedia":[{"embeddable":true,"href":"https:\/\/www.europesays.com\/fr\/wp-json\/wp\/v2\/media\/460473"}],"wp:attachment":[{"href":"https:\/\/www.europesays.com\/fr\/wp-json\/wp\/v2\/media?parent=460472"}],"wp:term":[{"taxonomy":"category","embeddable":true,"href":"https:\/\/www.europesays.com\/fr\/wp-json\/wp\/v2\/categories?post=460472"},{"taxonomy":"post_tag","embeddable":true,"href":"https:\/\/www.europesays.com\/fr\/wp-json\/wp\/v2\/tags?post=460472"}],"curies":[{"name":"wp","href":"https:\/\/api.w.org\/{rel}","templated":true}]}}