{"id":460476,"date":"2025-10-13T18:19:37","date_gmt":"2025-10-13T18:19:37","guid":{"rendered":"https:\/\/www.europesays.com\/fr\/460476\/"},"modified":"2025-10-13T18:19:37","modified_gmt":"2025-10-13T18:19:37","slug":"nancy-les-consequences-de-la-demolition-prochaine-de-lancienne-caserne-de-pompiers-joffre","status":"publish","type":"post","link":"https:\/\/www.europesays.com\/fr\/460476\/","title":{"rendered":"Nancy. Les cons\u00e9quences de la d\u00e9molition prochaine de l\u2019ancienne caserne de pompiers Joffre"},"content":{"rendered":"<p>En juin\u00a02024, les sapeurs-pompiers des casernes de Tomblaine et Joffre \u00e0 Nancy emm\u00e9nageaient dans le tout nouveau <a href=\"https:\/\/www.lasemaine.fr\/societe\/securite-les-pompiers-sinstallent-au-centre-dincendie-et-de-secours-nancy-rives-de-moselle\/\" data-type=\"post\" data-id=\"240280\" rel=\"nofollow noopener\" target=\"_blank\">centre d\u2019incendie et de secours Nancy-Rives de Meurthe<\/a> dans le quartier nanc\u00e9ien du m\u00eame nom, laissant vides les deux autres sites. Si le premier a \u00e9t\u00e9 temporairement <a href=\"https:\/\/www.lasemaine.fr\/non-classe\/meurthe-et-moselle-le-maire-de-tomblaine-herve-feron-contre-la-prefete-francoise-souliman-don-camillo-revisite\/\" data-type=\"post\" data-id=\"242326\" rel=\"nofollow noopener\" target=\"_blank\">r\u00e9quisitionn\u00e9 par la pr\u00e9fecture de Meurthe-et-Moselle<\/a> pour \u00eatre utilis\u00e9e comme centre d\u2019h\u00e9bergement d\u2019urgence ; le second, localis\u00e9 derri\u00e8re le centre des congr\u00e8s Prouv\u00e9, doit dispara\u00eetre.\u00a0Un choix qui s\u2019inscrit dans le projet plus large de transformation du quartier dit \u00ab\u00a0centre gare\u00a0\u00bb dont le dernier chantier a concern\u00e9 le <a href=\"https:\/\/www.lasemaine.fr\/non-classe\/nancy-renovation-des-places-de-la-republique-et-simone-veil-cinq-mois-pour-un-nouveau-visage\/%C2%A0\" data-type=\"post\" data-id=\"0\" rel=\"nofollow noopener\" target=\"_blank\">r\u00e9am\u00e9nagement de la place de la R\u00e9publique<\/a>.<\/p>\n<p>Alors que le nettoyage du b\u00e2timent a d\u00e9j\u00e0 \u00e9t\u00e9 effectu\u00e9 et que certains mat\u00e9riaux ont \u00e9t\u00e9 r\u00e9cup\u00e9r\u00e9s par des associations pour du r\u00e9emploi, les travaux de d\u00e9construction entrent dans une nouvelle phase. Les prochaines \u00e9tapes conteront \u00e0\u00a0: d\u00e9molir les murs et la structure du b\u00e2timent, trier, traiter et \u00e9vacuer les gravats, pour un am\u00e9nagement \u00ab\u00a0sommaire\u00a0\u00bb de la parcelle apr\u00e8s d\u00e9molition.<\/p>\n<p>Des perturbations \u00e0 pr\u00e9voir<\/p>\n<p>Ce chantier s\u2019effectuera \u00ab\u00a0par zones afin de se confiner au maximum sur la parcelle et de r\u00e9duire son emprise sur l\u2019espace public\u00a0\u00bb, pr\u00e9cise la municipalit\u00e9 dans un communiqu\u00e9. Des perturbations sont tout de m\u00eame \u00e0 pr\u00e9voir lors de certaines interventions.<\/p>\n<p>Ce qui se passe en Meurthe-et-Moselle<\/p>\n<p>Ainsi, jusqu\u2019au 31\u00a0octobre 2025,\u00a0il ne sera plus possible d\u2019acc\u00e9der au parking R\u00e9publique par la rue Henriette Gall\u00e9-Grimm. L\u2019acc\u00e8s se fera obligatoirement par le boulevard Joffre.<\/p>\n<p>Du 3\u00a0novembre au 21\u00a0novembre, la rue desservant le parking R\u00e9publique sera ferm\u00e9e \u00e0 la circulation et l\u2019acc\u00e8s devra s\u2019effectuer par la rue Henriette Gall\u00e9-Grimm. Les bus et les livraisons en direction du centre des congr\u00e8s devront quant \u00e0 eux passer par la place de la R\u00e9publique et sortant par la rue Henriette Gall\u00e9-Grimm.<\/p>\n<p><img loading=\"lazy\" data-lazyloaded=\"1\" decoding=\"async\" width=\"683\" height=\"498\" src=\"https:\/\/www.europesays.com\/fr\/wp-content\/uploads\/2025\/10\/Plandedeviation1.png\" alt=\"\" class=\"wp-image-403849\"  data-\/>\u00a9 Ville de Nancy<\/p>\n<p>Du 1er\u00a0d\u00e9cembre au 19\u00a0d\u00e9cembre 2025, la rue desservant le parking R\u00e9publique sera ferm\u00e9e \u00e0 la circulation. L\u2019acc\u00e8s se fera par la rue Henriette Gall\u00e9-Grimm. Le boulevard Joffre sera \u00e9galement ferm\u00e9 au niveau du carrefour avec la rue Saint-Thi\u00e9baut, dans le sens rue Saint-Thi\u00e9baut vers la rue Edmonde-Charles-Roux.<\/p>\n<p><img loading=\"lazy\" data-lazyloaded=\"1\" decoding=\"async\" width=\"680\" height=\"481\" src=\"https:\/\/www.europesays.com\/fr\/wp-content\/uploads\/2025\/10\/Plandedeviation2.png\" alt=\"\" class=\"wp-image-403850\"  data-\/>\u00a9 Ville de Nancy<\/p>\n<p>Pendant la dur\u00e9e des travaux de d\u00e9molition, les mat\u00e9riaux seront stock\u00e9s sur une parcelle rest\u00e9e libre situ\u00e9e rue Cyffl\u00e9 tandis que les poussi\u00e8res seront rabattues par brumisation d\u2019eau et les voiries \u00ab\u00a0nettoy\u00e9es r\u00e9guli\u00e8rement pour \u00e9viter la pr\u00e9sence de gravats ou de boues\u00a0\u00bb. \u00c0 l\u2019issue du chantier, les gravats g\u00e9n\u00e9r\u00e9s seront concass\u00e9s et serviront au remblaiement du site de la caserne apr\u00e8s d\u00e9molition. Une op\u00e9ration qui s\u2019effectuera pendant des deux derni\u00e8res semaines du mois de janvier\u00a02026, d\u2019apr\u00e8s le calendrier annonc\u00e9.<\/p>\n","protected":false},"excerpt":{"rendered":"En juin\u00a02024, les sapeurs-pompiers des casernes de Tomblaine et Joffre \u00e0 Nancy emm\u00e9nageaient dans le tout nouveau centre&hellip;\n","protected":false},"author":2,"featured_media":460477,"comment_status":"","ping_status":"","sticky":false,"template":"","format":"standard","meta":{"footnotes":""},"categories":[9635],"tags":[1111,11,1777,674,1011,27,775,1702,12,25],"class_list":{"0":"post-460476","1":"post","2":"type-post","3":"status-publish","4":"format-standard","5":"has-post-thumbnail","7":"category-nancy","8":"tag-actu","9":"tag-actualites","10":"tag-eu","11":"tag-europe","12":"tag-fr","13":"tag-france","14":"tag-grand-est","15":"tag-nancy","16":"tag-news","17":"tag-republique-francaise"},"share_on_mastodon":{"url":"https:\/\/pubeurope.com\/@fr\/115368242458098387","error":""},"_links":{"self":[{"href":"https:\/\/www.europesays.com\/fr\/wp-json\/wp\/v2\/posts\/460476","targetHints":{"allow":["GET"]}}],"collection":[{"href":"https:\/\/www.europesays.com\/fr\/wp-json\/wp\/v2\/posts"}],"about":[{"href":"https:\/\/www.europesays.com\/fr\/wp-json\/wp\/v2\/types\/post"}],"author":[{"embeddable":true,"href":"https:\/\/www.europesays.com\/fr\/wp-json\/wp\/v2\/users\/2"}],"replies":[{"embeddable":true,"href":"https:\/\/www.europesays.com\/fr\/wp-json\/wp\/v2\/comments?post=460476"}],"version-history":[{"count":0,"href":"https:\/\/www.europesays.com\/fr\/wp-json\/wp\/v2\/posts\/460476\/revisions"}],"wp:featuredmedia":[{"embeddable":true,"href":"https:\/\/www.europesays.com\/fr\/wp-json\/wp\/v2\/media\/460477"}],"wp:attachment":[{"href":"https:\/\/www.europesays.com\/fr\/wp-json\/wp\/v2\/media?parent=460476"}],"wp:term":[{"taxonomy":"category","embeddable":true,"href":"https:\/\/www.europesays.com\/fr\/wp-json\/wp\/v2\/categories?post=460476"},{"taxonomy":"post_tag","embeddable":true,"href":"https:\/\/www.europesays.com\/fr\/wp-json\/wp\/v2\/tags?post=460476"}],"curies":[{"name":"wp","href":"https:\/\/api.w.org\/{rel}","templated":true}]}}