{"id":460496,"date":"2025-10-13T18:31:17","date_gmt":"2025-10-13T18:31:17","guid":{"rendered":"https:\/\/www.europesays.com\/fr\/460496\/"},"modified":"2025-10-13T18:31:17","modified_gmt":"2025-10-13T18:31:17","slug":"strasbourg-quel-college-pour-les-eleves-de-la-filiere-bilingue-de-lesplanade","status":"publish","type":"post","link":"https:\/\/www.europesays.com\/fr\/460496\/","title":{"rendered":"Strasbourg. Quel coll\u00e8ge pour les \u00e9l\u00e8ves de la fili\u00e8re bilingue de l\u2019Esplanade\u00a0?"},"content":{"rendered":"<p>Ils ont fait leur rentr\u00e9e en CM2 en septembre rue d\u2019Upsal, \u00e0 Strasbourg. Mais dans quel coll\u00e8ge les \u00e9l\u00e8ves bilingues de l\u2019\u00e9cole \u00e9l\u00e9mentaire Jacques-Sturm qui le souhaitent pourront-ils poursuivre leur cursus l\u2019ann\u00e9e prochaine\u00a0? Telle est la question \u00e0 laquelle les parents d\u2019\u00e9l\u00e8ves attendent d\u2019urgence une r\u00e9ponse.<\/p>\n<p>Impliquant deux maternelles (Vauban et Sturm) et l\u2019\u00e9cole \u00e9l\u00e9mentaire Jacques-Sturm, cette fili\u00e8re bilingue est n\u00e9e il y a huit ans \u00e0 l\u2019Esplanade et se trouve aujourd\u2019hui face \u00e0 un probl\u00e8me de continuit\u00e9, en l\u2019absence de coll\u00e8ge de rattachement clairement&#8230;<\/p>\n","protected":false},"excerpt":{"rendered":"Ils ont fait leur rentr\u00e9e en CM2 en septembre rue d\u2019Upsal, \u00e0 Strasbourg. Mais dans quel coll\u00e8ge les&hellip;\n","protected":false},"author":2,"featured_media":460497,"comment_status":"","ping_status":"","sticky":false,"template":"","format":"standard","meta":{"footnotes":""},"categories":[2820],"tags":[1111,11,3599,2880,1057,1777,674,107,1011,27,775,10425,12,25,640,2879],"class_list":{"0":"post-460496","1":"post","2":"type-post","3":"status-publish","4":"format-standard","5":"has-post-thumbnail","7":"category-strasbourg","8":"tag-actu","9":"tag-actualites","10":"tag-college-lycee","11":"tag-edition-strasbourg","12":"tag-education","13":"tag-eu","14":"tag-europe","15":"tag-fil-info","16":"tag-fr","17":"tag-france","18":"tag-grand-est","19":"tag-maternelle-elementaire","20":"tag-news","21":"tag-republique-francaise","22":"tag-strasbourg","23":"tag-strasbourg-ville"},"share_on_mastodon":{"url":"https:\/\/pubeurope.com\/@fr\/115368288811701600","error":""},"_links":{"self":[{"href":"https:\/\/www.europesays.com\/fr\/wp-json\/wp\/v2\/posts\/460496","targetHints":{"allow":["GET"]}}],"collection":[{"href":"https:\/\/www.europesays.com\/fr\/wp-json\/wp\/v2\/posts"}],"about":[{"href":"https:\/\/www.europesays.com\/fr\/wp-json\/wp\/v2\/types\/post"}],"author":[{"embeddable":true,"href":"https:\/\/www.europesays.com\/fr\/wp-json\/wp\/v2\/users\/2"}],"replies":[{"embeddable":true,"href":"https:\/\/www.europesays.com\/fr\/wp-json\/wp\/v2\/comments?post=460496"}],"version-history":[{"count":0,"href":"https:\/\/www.europesays.com\/fr\/wp-json\/wp\/v2\/posts\/460496\/revisions"}],"wp:featuredmedia":[{"embeddable":true,"href":"https:\/\/www.europesays.com\/fr\/wp-json\/wp\/v2\/media\/460497"}],"wp:attachment":[{"href":"https:\/\/www.europesays.com\/fr\/wp-json\/wp\/v2\/media?parent=460496"}],"wp:term":[{"taxonomy":"category","embeddable":true,"href":"https:\/\/www.europesays.com\/fr\/wp-json\/wp\/v2\/categories?post=460496"},{"taxonomy":"post_tag","embeddable":true,"href":"https:\/\/www.europesays.com\/fr\/wp-json\/wp\/v2\/tags?post=460496"}],"curies":[{"name":"wp","href":"https:\/\/api.w.org\/{rel}","templated":true}]}}