{"id":460502,"date":"2025-10-13T18:34:10","date_gmt":"2025-10-13T18:34:10","guid":{"rendered":"https:\/\/www.europesays.com\/fr\/460502\/"},"modified":"2025-10-13T18:34:10","modified_gmt":"2025-10-13T18:34:10","slug":"pres-de-nantes-en-mauvais-etat-ce-cours-deau-qui-traverse-la-vallee-maraichere-va-enfin-etre-restaure","status":"publish","type":"post","link":"https:\/\/www.europesays.com\/fr\/460502\/","title":{"rendered":"Pr\u00e8s de Nantes. En mauvais \u00e9tat, ce cours d\u2019eau qui traverse la vall\u00e9e mara\u00eech\u00e8re va (enfin) \u00eatre restaur\u00e9"},"content":{"rendered":"<p>            Par<br \/>\n        <strong><br \/>\n            <a href=\"https:\/\/actu.fr\/auteur\/herve-pavageau\" title=\"Consulter tous les articles de Herv\u00e9 Pavageau\" target=\"_blank\" rel=\"noopener\">Herv\u00e9 Pavageau<\/a><br \/>\n        <\/strong><\/p>\n<p>        Publi\u00e9 le<\/p>\n<p>            13 oct. 2025 \u00e0 20h16        <\/p>\n<p>Ils attendaient cela depuis des lustres. Pour mettre la pression, mara\u00eechers et riverains <a href=\"https:\/\/actu.fr\/pays-de-la-loire\/divatte-sur-loire_44029\/il-ny-a-plus-de-vie-ils-alertent-sur-le-mauvais-etat-du-canal-qui-traverse-la-vallee-maraichere_62986295.html\" target=\"_blank\" rel=\"noopener\">avaient m\u00eame interpell\u00e9 en plein \u00e9t\u00e9 les pouvoirs publics pour alerter sur le mauvais \u00e9tat<\/a> du <b>canal des Bardets<\/b>. Le cours d\u2019eau de 12,5\u00a0km qui traverse la vall\u00e9e mara\u00eech\u00e8re de Divatte-sur-Loire (proche de la Varenne) \u00e0 Saint-Julien-de-Concelles (\u00e0 Embreil) est envahi \u00e0 certains endroits par la jussie, plante invasive. Le cours d\u2019eau, \u00e0 la faible pente, <b>est aussi fortement envas\u00e9<\/b>. Le lit, rempli d\u2019emb\u00e2cles, de sable mara\u00eecher et des mati\u00e8res issus des sols lessiv\u00e9es par les pluies, est satur\u00e9 et provoque des inondations. La situation s\u2019est d\u00e9grad\u00e9e au fil des ann\u00e9es, par manque d\u2019entretien. Le retard devrait \u00eatre combl\u00e9. Un programme d\u2019entretien vient en effet d\u2019\u00eatre approuv\u00e9.<\/p>\n<p>Programme d\u2019entretien pluriannuel<\/p>\n<p class=\" wall-content\">Il fait suite au diagnostic r\u00e9alis\u00e9 par le bureau Hydratop.<\/p>\n<p class=\" wall-content\">Cette \u00e9tude, demand\u00e9e par <b>Divatte-sur-Loire et Saint-Julien-de-Concelles,<\/b> communes propri\u00e9taires du cours d\u2019eau (Ndlr\u2009: une partie du canal est priv\u00e9e sur Saint-Julien), a permis de voir l\u2019\u00e9tat global du canal.<\/p>\n<p class=\" wall-content\">En fonction de l\u2019urgence \u00e0 intervenir, sept zones ont \u00e9t\u00e9 d\u00e9coup\u00e9es.<\/p>\n<blockquote class=\"ac-article-quote wall-content\">\n<p>L\u2019id\u00e9e est de redonner de la dynamique \u00e0 ce cours d\u2019eau pour qu\u2019il y ait des effets chasse d\u2019eau.<\/p>\n<p>Thierry Coignet, \u00e9lu \u00e0 Divatte-sur-Loire et vice-pr\u00e9sident du Syloa<\/p><\/blockquote>\n<p class=\" wall-content\">L\u2019entretien doit commencer sur deux tron\u00e7ons.<\/p>\n<p class=\" wall-content\">Priorit\u00e9 du programme pluriannuel. Sont concern\u00e9s la zone des Peupliers \u00e0 Divatte-sur-Loire et l\u2019exutoire du canal en aval \u00e0 Saint-Julien-de-Concelles.<\/p>\n<p class=\" wall-content\">\u00ab\u2009L\u2019id\u00e9e n\u2019est pas de venir avec un godet. Cela n\u2019a aucune efficacit\u00e9. Il faudrait revenir tous les deux ans\u2009\u00bb, souligne l\u2019\u00e9lu.<\/p>\n<p>Votre r\u00e9gion, votre actu !<\/p>\n<p>Recevez chaque jour les infos qui comptent pour vous.<\/p>\n<p>\t<a href=\"https:\/\/actu.fr\/newsletter\" class=\"ac-btn ac-btn--corner ac-btn--medium ac-btn--blue800\" target=\"_blank\" rel=\"noopener\">S&rsquo;incrire<\/a><\/p>\n<p class=\" wall-content\">Le programme vise plut\u00f4t \u00e0 retirer les s\u00e9diments, \u00e0 <b>d\u00e9senvaser le cours d\u2019eau, \u00e0 l\u2019aune de sa caract\u00e9ristique et du lin\u00e9aire<\/b>.<\/p>\n<p class=\" wall-content\">D\u2019autant que l\u2019on ne peut pas faire ce que l\u2019on veut.<\/p>\n<p class=\" wall-content\">Le canal des Bardets est class\u00e9 comme un cours d\u2019eau.<\/p>\n<p class=\" wall-content\">\u00c0 ce titre, dans le cadre de la loi sur l\u2019eau, chaque intervention n\u00e9cessite de monter un dossier vis\u00e9 <b>par les services de l\u2019\u00c9tat,<\/b> proc\u00e9dure administrative qui prend souvent du temps.<\/p>\n<p class=\" wall-content\">Pour le canal des Bardets, le programme va pouvoir s\u2019enclencher plus vite.<\/p>\n<p>Faire de la jussie un compost\u2009?<\/p>\n<p class=\" wall-content\">\u00ab\u2009Il est possible de retirer 2\u2009000\u00a0m3 par an de s\u00e9diments sans instruire un dossier complet\u2009\u00bb, explique Thierry Coignet. L\u2019\u00e9tude du cours d\u2019eau a r\u00e9v\u00e9l\u00e9 que les s\u00e9diments ne contenaient pas de pr\u00e9sence de m\u00e9taux lourds.<\/p>\n<p class=\" wall-content\">Retir\u00e9e, cette boue pourra \u00eatre<b> utilis\u00e9e par le mara\u00eechage<\/b>, comme amendement dans les terres.<\/p>\n<p class=\" wall-content\">La phase d\u2019entretien doit d\u00e9marrer en 2026, sur les p\u00e9riodes d\u2019automne et d\u2019hiver.<\/p>\n<p class=\" wall-content\">Reste \u00e0 fixer les co\u00fbts et \u00e0 caler le plan de financement.<\/p>\n<p class=\" wall-content\">\u00ab\u2009Ensuite, un secteur sera fait tous les ans\u2009\u00bb, souligne le vice-pr\u00e9sident.<\/p>\n<p class=\" wall-content\">En attendant, d\u2019autres <b>actions de nettoyage ont commenc\u00e9, surtout \u00e0 Saint-Julien-de-Concelles<\/b>.<\/p>\n<p class=\" wall-content\">Des emb\u00e2cles ont \u00e9t\u00e9 retir\u00e9s du cours.<\/p>\n<p class=\" wall-content\">Ainsi que la jussie dans certains secteurs.<\/p>\n<p class=\" wall-content\">\u00c0 <a href=\"https:\/\/actu.fr\/pays-de-la-loire\/divatte-sur-loire_44029\" target=\"_blank\" rel=\"noopener\">Divatte-sur-Loire<\/a>, la collectivit\u00e9 recherche des prestataires charg\u00e9s de retirer la jussie du canal.<\/p>\n<p>54 bacs r\u00e9cup\u00e9rateurs de sable<\/p>\n<p class=\" wall-content\">Concernant cette plante invasive, les deux communes r\u00e9fl\u00e9chissent d\u2019ailleurs <b>\u00e0 cr\u00e9er une plateforme de stockage<\/b> sur laquelle serait s\u00e9ch\u00e9e<a href=\"https:\/\/actu.fr\/pays-de-la-loire\/villeneuve-en-retz_44021\/loire-atlantique-les-pecheurs-luttent-contre-la-jussie-en-etendant-des-baches-plastiques_63279473.html\" target=\"_blank\" rel=\"noopener\"> la plante invasive aquatique<\/a>.<\/p>\n<blockquote class=\"ac-article-quote wall-content\">\n<p>On travaille l\u00e0-dessus. Les analyses ont montr\u00e9 que c\u2019est un compost de tr\u00e8s bonne qualit\u00e9 et de bon co\u00fbt. On doit en discuter avec les mara\u00eechers.<\/p>\n<p>Thierry Coignet, \u00e9lu \u00e0 Divatte-sur-Loire et vice-pr\u00e9sident du Syloa<\/p><\/blockquote>\n<p class=\" wall-content\">En parall\u00e8le de ce programme d\u2019entretien, le Syloa, syndicat en charge de la gestion du bassin-versant,<b> va implanter 54 bacs r\u00e9cup\u00e9rateurs de sable,<\/b> dans le cadre du contrat territorial eau 2024-2026.<\/p>\n<p class=\" wall-content\">Un premier d\u00e9ploiement de 18 unit\u00e9s avait eu lieu principalement \u00e0 <a href=\"https:\/\/actu.fr\/pays-de-la-loire\/saint-julien-de-concelles_44169\" target=\"_blank\" rel=\"noopener\">Saint-Julien-de-Concelles<\/a> en 2018.<\/p>\n<p class=\" wall-content\">Ces am\u00e9nagements doivent permettre \u00e0 ce qu\u2019il y ait moins d\u2019atterrissement <b>de mati\u00e8res dans le cours d\u2019eau<\/b>.<\/p>\n<p class=\" wall-content\">Une condition \u00e0 l\u2019installation, ces bacs doivent \u00eatre install\u00e9s pr\u00e8s d\u2019une bande enherb\u00e9e de 5\u00a0m\u00e8tres de large.<\/p>\n<p class=\" wall-content\">Le co\u00fbt de cette op\u00e9ration atteint les 80\u2009000\u00a0\u20ac.<\/p>\n<p class=\" wall-content\">Elle est financ\u00e9e \u00e0 50\u2009% par l\u2019Agence de l\u2019eau Loire Bretagne, 30\u2009% par la<b> R\u00e9gion des Pays de la Loire<\/b>.<\/p>\n<p class=\" wall-content\">Le mara\u00eechage prend le reste \u00e0 charge. \u00ab\u2009Pour l\u2019heure, il n\u2019y a pas encore de bac implant\u00e9 par le Syloa. L\u2019implantation de bacs doit avoir lieu entre\u00a02025 et\u00a02029\u2009\u00bb, pr\u00e9cise Thierry Coignet.<\/p>\n<p class=\" wall-content\">Personnalisez votre actualit\u00e9 en ajoutant vos villes et m\u00e9dias en favori avec <a href=\"https:\/\/moncompte.actu.fr\" title=\"D\u00e9couvez Mon Actu\" rel=\"nofollow noopener\" data-trk=\"{&quot;cta&quot;:{&quot;action&quot;:&quot;https:\\\/\\\/moncompte.actu.fr&quot;,&quot;category&quot;:&quot;mon compte&quot;,&quot;from&quot;:&quot;article footer&quot;,&quot;name&quot;:&quot;Mon actu&quot;,&quot;type&quot;:&quot;cta&quot;}}\" target=\"_blank\">Mon Actu<\/a>.<\/p>\n","protected":false},"excerpt":{"rendered":"Par Herv\u00e9 Pavageau Publi\u00e9 le 13 oct. 2025 \u00e0 20h16 Ils attendaient cela depuis des lustres. Pour mettre&hellip;\n","protected":false},"author":2,"featured_media":460503,"comment_status":"","ping_status":"","sticky":false,"template":"","format":"standard","meta":{"footnotes":""},"categories":[2818],"tags":[1111,11,1777,674,1011,27,23719,766,12,2636,25,104,2900],"class_list":{"0":"post-460502","1":"post","2":"type-post","3":"status-publish","4":"format-standard","5":"has-post-thumbnail","7":"category-nantes","8":"tag-actu","9":"tag-actualites","10":"tag-eu","11":"tag-europe","12":"tag-fr","13":"tag-france","14":"tag-maraichage","15":"tag-nantes","16":"tag-news","17":"tag-pays-de-la-loire","18":"tag-republique-francaise","19":"tag-societe","20":"tag-vignoble-nantais"},"share_on_mastodon":{"url":"https:\/\/pubeurope.com\/@fr\/115368300738396248","error":""},"_links":{"self":[{"href":"https:\/\/www.europesays.com\/fr\/wp-json\/wp\/v2\/posts\/460502","targetHints":{"allow":["GET"]}}],"collection":[{"href":"https:\/\/www.europesays.com\/fr\/wp-json\/wp\/v2\/posts"}],"about":[{"href":"https:\/\/www.europesays.com\/fr\/wp-json\/wp\/v2\/types\/post"}],"author":[{"embeddable":true,"href":"https:\/\/www.europesays.com\/fr\/wp-json\/wp\/v2\/users\/2"}],"replies":[{"embeddable":true,"href":"https:\/\/www.europesays.com\/fr\/wp-json\/wp\/v2\/comments?post=460502"}],"version-history":[{"count":0,"href":"https:\/\/www.europesays.com\/fr\/wp-json\/wp\/v2\/posts\/460502\/revisions"}],"wp:featuredmedia":[{"embeddable":true,"href":"https:\/\/www.europesays.com\/fr\/wp-json\/wp\/v2\/media\/460503"}],"wp:attachment":[{"href":"https:\/\/www.europesays.com\/fr\/wp-json\/wp\/v2\/media?parent=460502"}],"wp:term":[{"taxonomy":"category","embeddable":true,"href":"https:\/\/www.europesays.com\/fr\/wp-json\/wp\/v2\/categories?post=460502"},{"taxonomy":"post_tag","embeddable":true,"href":"https:\/\/www.europesays.com\/fr\/wp-json\/wp\/v2\/tags?post=460502"}],"curies":[{"name":"wp","href":"https:\/\/api.w.org\/{rel}","templated":true}]}}