{"id":46051,"date":"2025-04-23T07:59:08","date_gmt":"2025-04-23T07:59:08","guid":{"rendered":"https:\/\/www.europesays.com\/fr\/46051\/"},"modified":"2025-04-23T07:59:08","modified_gmt":"2025-04-23T07:59:08","slug":"jean-imbert-plusieurs-ex-compagnes-du-celebre-chef-denoncent-des-violences-psychologiques-et-physiques","status":"publish","type":"post","link":"https:\/\/www.europesays.com\/fr\/46051\/","title":{"rendered":"Jean Imbert : plusieurs ex-compagnes du c\u00e9l\u00e8bre chef d\u00e9noncent des violences psychologiques et physiques"},"content":{"rendered":"<p>      R\u00e9sum\u00e9<\/p>\n<p>Le c\u00e9l\u00e8bre chef Jean Imbert accus\u00e9 de violences psychologiques et physiques par plusieurs de ses ex-compagnes, selon une enqu\u00eate publi\u00e9e par le magazine ELLE.<\/p>\n<p>        Sommaire<\/p>\n<p>\u00c0 l&rsquo;heure o\u00f9 la parole des femmes se lib\u00e8re plus que jamais, plusieurs figures publiques se retrouvent confront\u00e9es \u00e0 de lourdes accusations. Le dernier en date : <strong><a href=\"https:\/\/www.public.fr\/tag\/jean-imbert\" target=\"_blank\" rel=\"noopener\">Jean Imbert<\/a>. <br \/><\/strong><br \/>Selon une enqu\u00eate publi\u00e9e par le magazine <a href=\"https:\/\/www.elle.fr\/Societe\/Les-enquetes\/Exclusif-quatre-ex-compagnes-de-Jean-Imbert-temoignent-de-violences-conjugales-4342334\" target=\"_blank\" rel=\"noreferrer noopener\">ELLE<\/a>, plusieurs ex-compagnes du c\u00e9l\u00e8bre chef cuisinier t\u00e9moignent aujourd&rsquo;hui de <strong>violences psychologiques<\/strong> r\u00e9p\u00e9t\u00e9es, et pour certaines, <strong>physiques<\/strong>.<\/p>\n<p>Jean Imbert au c\u0153ur de sombres accusations<\/p>\n<p>L&rsquo;enqu\u00eate r\u00e9v\u00e8le un sch\u00e9ma inqui\u00e9tant, d\u00e9crit \u00e0 travers des r\u00e9cits concordants. Quatre femmes ont accept\u00e9 de briser le silence, \u00e9voquant une emprise progressive, marqu\u00e9e par une jalousie \u00e9touffante, des d\u00e9nigrements constants et des comportements excessifs.<\/p>\n<p>\u00ab\u00a0J\u2019ai r\u00e9pondu oui \u00e0 ces phrases : &lsquo;Il p\u00e8te les plombs lorsque quelque chose lui d\u00e9pla\u00eet&rsquo;, &lsquo;Il est jaloux&rsquo;, &lsquo;Il te manipule&rsquo;, &lsquo;Il rabaisse tes opinions et tes projets&rsquo;, &lsquo;Il t\u2019isole de ta famille et de tes amis&rsquo;&#8230;\u00a0\u00bb, a notamment confi\u00e9 Zo\u00e9 (le pr\u00e9nom a \u00e9t\u00e9 modifi\u00e9). \u00ab\u00a0<strong>Il contr\u00f4lait les personnes avec qui je sortais, \u00e0 quelle heure je rentrais. Il me reprochait de parler \u00e0 certains de mes amis hommes qu&rsquo;il soup\u00e7onnait d&rsquo;\u00eatre amoureux de moi<\/strong>\u00ab\u00a0. <\/p>\n<p>\u00c0 l&rsquo;image de Zo\u00e9, Lila a elle aussi \u00e9t\u00e9 confront\u00e9e \u00e0 la face sombre de Jean Imbert. Dans les colonnes de ELLE, elle relate une nuit particuli\u00e8rement violente, survenue aux alentours de 2 heures du matin. Ce soir-l\u00e0, visiblement hors de lui, l&rsquo;ancien partenaire de Norbert Tarayre aurait \u00ab\u00a0tambourin\u00e9 comme un fou \u00e0 la porte\u00a0\u00bb, avant de s&rsquo;acharner sur les deux portes d&rsquo;entr\u00e9e. Selon son t\u00e9moignage, il les aurait alors <strong>bris\u00e9s \u00e0 coups de poing et de pied<\/strong>, dans un acc\u00e8s de rage incontr\u00f4l\u00e9e.<\/p>\n<p>Une belle carri\u00e8re depuis 2012<\/p>\n<p>R\u00e9v\u00e9l\u00e9 au grand public gr\u00e2ce \u00e0 sa <strong>victoire dans Top Chef en 2012<\/strong>, Jean Imbert s&rsquo;est depuis impos\u00e9 comme l&rsquo;un des chefs les plus en vue de sa g\u00e9n\u00e9ration. <\/p>\n<p>Des cuisines du Plaza Ath\u00e9n\u00e9e \u00e0 Paris, au tr\u00e8s select Swan de Miami, cofond\u00e9 avec Pharrell Williams, jusqu&rsquo;\u00e0 La Palme d&rsquo;Or du Martinez \u00e0 Cannes (r\u00e9cemment \u00e9toil\u00e9e sous sa direction, ndlr), il attire les plus grandes stars. <\/p>\n<p><strong>Beyonc\u00e9, Dua Lipa, Omar Sy ou encore Kylian Mbapp\u00e9<\/strong> s&rsquo;arrachent ses cr\u00e9ations gastronomiques. Mais derri\u00e8re le prestige des assiettes et les projecteurs du succ\u00e8s, les t\u00e9moignages r\u00e9v\u00e9l\u00e9s jettent aujourd&rsquo;hui une ombre sur son image. L&rsquo;heure n&rsquo;est plus aux paillettes, mais aux r\u00e9ponses&#8230; <\/p>\n<p>      Mentionn\u00e9s dans cet article<\/p>\n<p>\u00c0 lire aussi<\/p>\n","protected":false},"excerpt":{"rendered":"R\u00e9sum\u00e9 Le c\u00e9l\u00e8bre chef Jean Imbert accus\u00e9 de violences psychologiques et physiques par plusieurs de ses ex-compagnes, selon&hellip;\n","protected":false},"author":2,"featured_media":46052,"comment_status":"","ping_status":"","sticky":false,"template":"","format":"standard","meta":{"footnotes":""},"categories":[8],"tags":[58,59,1011,27,13518,5903],"class_list":{"0":"post-46051","1":"post","2":"type-post","3":"status-publish","4":"format-standard","5":"has-post-thumbnail","7":"category-divertissement","8":"tag-divertissement","9":"tag-entertainment","10":"tag-fr","11":"tag-france","12":"tag-jean-imbert","13":"tag-violence-conjugale"},"share_on_mastodon":{"url":"https:\/\/pubeurope.com\/@fr\/114386224044212289","error":""},"_links":{"self":[{"href":"https:\/\/www.europesays.com\/fr\/wp-json\/wp\/v2\/posts\/46051","targetHints":{"allow":["GET"]}}],"collection":[{"href":"https:\/\/www.europesays.com\/fr\/wp-json\/wp\/v2\/posts"}],"about":[{"href":"https:\/\/www.europesays.com\/fr\/wp-json\/wp\/v2\/types\/post"}],"author":[{"embeddable":true,"href":"https:\/\/www.europesays.com\/fr\/wp-json\/wp\/v2\/users\/2"}],"replies":[{"embeddable":true,"href":"https:\/\/www.europesays.com\/fr\/wp-json\/wp\/v2\/comments?post=46051"}],"version-history":[{"count":0,"href":"https:\/\/www.europesays.com\/fr\/wp-json\/wp\/v2\/posts\/46051\/revisions"}],"wp:featuredmedia":[{"embeddable":true,"href":"https:\/\/www.europesays.com\/fr\/wp-json\/wp\/v2\/media\/46052"}],"wp:attachment":[{"href":"https:\/\/www.europesays.com\/fr\/wp-json\/wp\/v2\/media?parent=46051"}],"wp:term":[{"taxonomy":"category","embeddable":true,"href":"https:\/\/www.europesays.com\/fr\/wp-json\/wp\/v2\/categories?post=46051"},{"taxonomy":"post_tag","embeddable":true,"href":"https:\/\/www.europesays.com\/fr\/wp-json\/wp\/v2\/tags?post=46051"}],"curies":[{"name":"wp","href":"https:\/\/api.w.org\/{rel}","templated":true}]}}