{"id":460514,"date":"2025-10-13T18:41:14","date_gmt":"2025-10-13T18:41:14","guid":{"rendered":"https:\/\/www.europesays.com\/fr\/460514\/"},"modified":"2025-10-13T18:41:14","modified_gmt":"2025-10-13T18:41:14","slug":"mardi-14-octobre-2025-soiree-octobre-rose-au-palais-des-beaux-arts-de-lille","status":"publish","type":"post","link":"https:\/\/www.europesays.com\/fr\/460514\/","title":{"rendered":"Mardi 14 octobre 2025, soir\u00e9e octobre rose au Palais des Beaux-Arts de Lille"},"content":{"rendered":"<p style=\"text-align: justify;\"><strong>Tout au long du mois d\u2019octobre<\/strong>, le <strong>Centre Hospitalier Universitaire de Lille<\/strong> se mobilise pour <strong>informer <\/strong>et <strong>sensibiliser professionnels, patients<\/strong> et <strong>grand public<\/strong> sur <strong>l\u2019importance du d\u00e9pistage du cancer du sein.<\/strong><\/p>\n<p style=\"text-align: justify;\">Cette ann\u00e9e encore, le <strong>Palais des Beaux-Arts de Lille <\/strong>s\u2019associe \u00e0 cette initiative en proposant avec le <strong>CHU de Lille<\/strong> <strong>une soir\u00e9e exceptionnelle au mus\u00e9e,<\/strong> dont <strong>l\u2019int\u00e9gralit\u00e9 des recettes<\/strong> sera <strong>revers\u00e9e<\/strong> au <strong>Fonds de dotation du CHU de Lille, <\/strong>au profit de <strong>l\u2019am\u00e9lioration du confort des patients suivis pour un cancer.<\/strong><\/p>\n<p><strong>Au programme :<\/strong><\/p>\n<p><strong><img loading=\"lazy\" decoding=\"async\" width=\"9\" height=\"9\" src=\"https:\/\/www.europesays.com\/fr\/wp-content\/uploads\/2025\/04\/1743937991_452_arrow.png\" alt=\"\"\/><\/strong> <strong>un parcours de visite <\/strong>pens\u00e9 pour l\u2019occasion.<\/p>\n<p><strong><img loading=\"lazy\" decoding=\"async\" width=\"9\" height=\"9\" src=\"https:\/\/www.europesays.com\/fr\/wp-content\/uploads\/2025\/04\/1743937991_452_arrow.png\" alt=\"\"\/><\/strong> <strong>un atelier d\u2019autopalpation<\/strong> avec les <strong>\u00e9quipes du CHU de Lille.<\/strong><\/p>\n<p style=\"text-align: justify;\"><strong><img loading=\"lazy\" decoding=\"async\" src=\"https:\/\/www.europesays.com\/fr\/wp-content\/uploads\/2025\/04\/1743937991_452_arrow.png\" alt=\"\" width=\"9\" height=\"9\"\/><\/strong> <strong>une d\u00e9monstration <\/strong>de la <strong>solution RIPOSTE,<\/strong> <strong>l\u2019escrime s\u00e9curis\u00e9e<\/strong> et <strong>adapt\u00e9e aux patients atteints de cancer du sein<\/strong>.<\/p>\n<p style=\"text-align: justify;\"><strong><img loading=\"lazy\" decoding=\"async\" src=\"https:\/\/www.europesays.com\/fr\/wp-content\/uploads\/2025\/04\/1743937991_452_arrow.png\" alt=\"\" width=\"9\" height=\"9\"\/><\/strong> <strong>un atelier bien-\u00eatre<\/strong> anim\u00e9 par des <strong>intervenantes certifi\u00e9es<\/strong> en <strong>m\u00e9thode Feldenkrais<\/strong> et en <strong>Brain Gym, Fran\u00e7oise Semellaz <\/strong>et <strong>Christine Gabard.<\/strong><\/p>\n<p><strong><img loading=\"lazy\" decoding=\"async\" width=\"9\" height=\"9\" src=\"https:\/\/www.europesays.com\/fr\/wp-content\/uploads\/2025\/04\/1743937991_452_arrow.png\" alt=\"\"\/><\/strong> <strong>un espace calligraphie<\/strong> avec la complicit\u00e9 de <strong>l\u2019artiste<\/strong> <strong>Tifalia.<\/strong><\/p>\n<p><strong><img loading=\"lazy\" decoding=\"async\" width=\"9\" height=\"9\" src=\"https:\/\/www.europesays.com\/fr\/wp-content\/uploads\/2025\/04\/1743937991_452_arrow.png\" alt=\"\"\/><\/strong> des <strong>surprises culinaires<\/strong> (Cassiopa traiteur et le Palais des th\u00e9s)<\/p>\n<p><strong>Infos pratiques<\/strong><br \/><strong><img decoding=\"async\" loading=\"lazy\" class=\"size-full wp-image-45 lazyloaded tie-appear\" src=\"https:\/\/www.europesays.com\/fr\/wp-content\/uploads\/2025\/04\/arrow.png\" alt=\"\" width=\"9\" height=\"9\" data-lazy-src=\"https:\/\/www.europesays.com\/fr\/wp-content\/uploads\/2025\/04\/arrow.png\"\/><\/strong> <strong>Palais des Beaux-Arts<\/strong><br \/>Place de la R\u00e9publique<\/p>\n<p><strong><img decoding=\"async\" loading=\"lazy\" class=\"size-full wp-image-45 lazyloaded tie-appear\" src=\"https:\/\/www.europesays.com\/fr\/wp-content\/uploads\/2025\/04\/arrow.png\" alt=\"\" width=\"9\" height=\"9\" data-lazy-src=\"https:\/\/www.europesays.com\/fr\/wp-content\/uploads\/2025\/04\/arrow.png\"\/> Mardi 14 octobre 2025 de 18h30 \u00e0 22h<\/strong><\/p>\n<p><strong><img decoding=\"async\" loading=\"lazy\" class=\"size-full wp-image-45 lazyloaded tie-appear\" src=\"https:\/\/www.europesays.com\/fr\/wp-content\/uploads\/2025\/04\/arrow.png\" alt=\"\" width=\"9\" height=\"9\" data-lazy-src=\"https:\/\/www.europesays.com\/fr\/wp-content\/uploads\/2025\/04\/arrow.png\"\/> Tarif : <\/strong>participation libre \u00e0 partir de 12\u20ac*<\/p>\n<p>* L\u2019int\u00e9gralit\u00e9 des recettes de cette soir\u00e9e sera revers\u00e9e au Fonds de dotation du CHU de Lille, au profit de<br \/>l\u2019am\u00e9lioration du confort des patients suivis pour un cancer.<\/p>\n<p><strong><img decoding=\"async\" loading=\"lazy\" class=\"size-full wp-image-45 lazyloaded tie-appear\" src=\"https:\/\/www.europesays.com\/fr\/wp-content\/uploads\/2025\/04\/arrow.png\" alt=\"\" width=\"9\" height=\"9\" data-lazy-src=\"https:\/\/www.europesays.com\/fr\/wp-content\/uploads\/2025\/04\/arrow.png\"\/><\/strong> <strong>R\u00e9servation &gt;&gt;&gt;<\/strong> <a href=\"http:\/\/www.helloasso.com\/associations\/fonds-de-dotation-du-chru-de-lille\/evenements\/soiree-octobre-rose-2025-palais-des-beaux-arts-de-lille-x-chu-de-lille\" target=\"_blank\" rel=\"noopener\">cliquez ici !!!<\/a><\/p>\n<p>\u00a0<\/p>\n<p class=\"has-text-align-right\">Source &amp; image : DR \u2013 \u00a9 Ville de Lille<\/p>\n","protected":false},"excerpt":{"rendered":"Tout au long du mois d\u2019octobre, le Centre Hospitalier Universitaire de Lille se mobilise pour informer et sensibiliser&hellip;\n","protected":false},"author":2,"featured_media":460515,"comment_status":"","ping_status":"","sticky":false,"template":"","format":"standard","meta":{"footnotes":""},"categories":[2815],"tags":[58501,1111,11,25689,1777,674,1011,27,811,1307,3048,12,54321,3368,25],"class_list":{"0":"post-460514","1":"post","2":"type-post","3":"status-publish","4":"format-standard","5":"has-post-thumbnail","7":"category-lille","8":"tag-14-octobre-2025","9":"tag-actu","10":"tag-actualites","11":"tag-chu-de-lille","12":"tag-eu","13":"tag-europe","14":"tag-fr","15":"tag-france","16":"tag-hauts-de-france","17":"tag-lille","18":"tag-musee","19":"tag-news","20":"tag-octobre-rose","21":"tag-palais-des-beaux-arts-de-lille","22":"tag-republique-francaise"},"share_on_mastodon":{"url":"https:\/\/pubeurope.com\/@fr\/115368329039536858","error":""},"_links":{"self":[{"href":"https:\/\/www.europesays.com\/fr\/wp-json\/wp\/v2\/posts\/460514","targetHints":{"allow":["GET"]}}],"collection":[{"href":"https:\/\/www.europesays.com\/fr\/wp-json\/wp\/v2\/posts"}],"about":[{"href":"https:\/\/www.europesays.com\/fr\/wp-json\/wp\/v2\/types\/post"}],"author":[{"embeddable":true,"href":"https:\/\/www.europesays.com\/fr\/wp-json\/wp\/v2\/users\/2"}],"replies":[{"embeddable":true,"href":"https:\/\/www.europesays.com\/fr\/wp-json\/wp\/v2\/comments?post=460514"}],"version-history":[{"count":0,"href":"https:\/\/www.europesays.com\/fr\/wp-json\/wp\/v2\/posts\/460514\/revisions"}],"wp:featuredmedia":[{"embeddable":true,"href":"https:\/\/www.europesays.com\/fr\/wp-json\/wp\/v2\/media\/460515"}],"wp:attachment":[{"href":"https:\/\/www.europesays.com\/fr\/wp-json\/wp\/v2\/media?parent=460514"}],"wp:term":[{"taxonomy":"category","embeddable":true,"href":"https:\/\/www.europesays.com\/fr\/wp-json\/wp\/v2\/categories?post=460514"},{"taxonomy":"post_tag","embeddable":true,"href":"https:\/\/www.europesays.com\/fr\/wp-json\/wp\/v2\/tags?post=460514"}],"curies":[{"name":"wp","href":"https:\/\/api.w.org\/{rel}","templated":true}]}}