{"id":460522,"date":"2025-10-13T18:46:15","date_gmt":"2025-10-13T18:46:15","guid":{"rendered":"https:\/\/www.europesays.com\/fr\/460522\/"},"modified":"2025-10-13T18:46:15","modified_gmt":"2025-10-13T18:46:15","slug":"lenquete-confiee-au-pole-antiterroriste-liberation","status":"publish","type":"post","link":"https:\/\/www.europesays.com\/fr\/460522\/","title":{"rendered":"l\u2019enqu\u00eate confi\u00e9e au p\u00f4le antiterroriste \u2013 Lib\u00e9ration"},"content":{"rendered":"<p class=\"sc-cPiKLX AiZTS text-element\">Une nouvelle \u00e9tape dans l\u2019affaire de <a href=\"https:\/\/www.liberation.fr\/societe\/police-justice\/lyon-un-homme-en-fauteuil-roulant-tue-a-larme-blanche-20250911_HEPGFDULUZCXZMBOHGGY76GTIY\/\" target=\"_blank\" rel=\"noopener\" title=\"https:\/\/www.liberation.fr\/societe\/police-justice\/lyon-un-homme-en-fauteuil-roulant-tue-a-larme-blanche-20250911_HEPGFDULUZCXZMBOHGGY76GTIY\/\">l\u2019Irakien assassin\u00e9 \u00e0 Lyon<\/a>, le 10 septembre. Dix jours apr\u00e8s <a href=\"https:\/\/www.liberation.fr\/societe\/police-justice\/meurtre-dun-chretien-irakien-en-fauteuil-roulant-a-lyon-un-suspect-arrete-en-italie-20251003_HBKQVLPSTRFY5PMMPHP4ZJVH6M\/\" target=\"_blank\" rel=\"noopener\" title=\"https:\/\/www.liberation.fr\/societe\/police-justice\/meurtre-dun-chretien-irakien-en-fauteuil-roulant-a-lyon-un-suspect-arrete-en-italie-20251003_HBKQVLPSTRFY5PMMPHP4ZJVH6M\/\">l\u2019arrestation d\u2019un Alg\u00e9rien de 28 ans en Italie<\/a>, l\u2019enqu\u00eate a \u00e9t\u00e9 confi\u00e9e au p\u00f4le antiterroriste de Paris. \u00abAu regard des derni\u00e8res avanc\u00e9es de l\u2019enqu\u00eate intervenues\u00bb, l\u2019information judiciaire a \u00e9t\u00e9 \u00e9tendue le 9 octobre aux infractions d\u2019\u00abassassinat en relation avec une entreprise terroriste\u00bb et \u00abassociation de malfaiteurs terroriste criminelle\u00bb, indiquent le procureur de Lyon Thierry Dran et le procureur antiterroriste Olivier Christen dans un communiqu\u00e9 commun. <\/p>\n<p class=\"sc-cPiKLX AiZTS text-element\">Le juge d\u2019instruction lyonnais s\u2019est dessaisi le m\u00eame jour au profit du p\u00f4le antiterroriste de l\u2019instruction du tribunal judiciaire de Paris. Selon une source proche de l\u2019enqu\u00eate, l\u2019Alg\u00e9rien arr\u00eat\u00e9 \u00e0 Andria il y a 10 jours, est toujours en Italie \u00e0 ce stade.<\/p>\n<p class=\"sc-cPiKLX AiZTS text-element\">La victime, Ashur Sarnaya, un chr\u00e9tien d\u2019Irak de 45 ans, a \u00e9t\u00e9 frapp\u00e9e au cou \u00e0 l\u2019arme blanche le soir du 10 septembre au pied de son immeuble \u00e0 Lyon par un homme qui l\u2019attendait et qui avait pris la fuite \u00e0 pied. Au moment de l\u2019attaque, cet homme en situation de handicap \u00e9tait en train de faire un live vid\u00e9o consacr\u00e9 \u00e0 la religion chr\u00e9tienne, comme il en avait l\u2019habitude. Les pompiers n\u2019avaient pas pu le ranimer. Le parquet national antiterroriste (PNAT) avait jusqu\u2019alors fait savoir qu\u2019il \u00e9tait \u00aben observation\u00bb sur ce dossier. <\/p>\n<p class=\"sc-cPiKLX AiZTS text-element\">La victime vivait avec sa s\u0153ur depuis au moins dix ans \u00e0 Lyon. Sur ses comptes en ligne, consult\u00e9s par l\u2019AFP, cet homme s\u2019exprimait en arabe et postait des vid\u00e9os souvent consacr\u00e9es \u00e0 la religion chr\u00e9tienne. Sur l\u2019une d\u2019elles, visible sur TikTok, le quadrag\u00e9naire affirmait que ses contenus \u00e9taient r\u00e9guli\u00e8rement bloqu\u00e9s et ses comptes suspendus en raison, selon lui, de signalements faits par des utilisateurs musulmans.<\/p>\n<p class=\"sc-cPiKLX AiZTS text-element\">C\u2019est le troisi\u00e8me meurtre dont se saisit la justice antiterroriste depuis le d\u00e9but de l\u2019ann\u00e9e, apr\u00e8s l\u2019<a href=\"https:\/\/www.liberation.fr\/societe\/a-mulhouse-apres-lattaque-au-couteau-plus-jamais-je-ne-verrai-cet-endroit-comme-avant-20250223_GBGPGM3X7ZDIZE7XHRZO724NG4\/\" target=\"_blank\" rel=\"noopener\" title=\"https:\/\/www.liberation.fr\/societe\/a-mulhouse-apres-lattaque-au-couteau-plus-jamais-je-ne-verrai-cet-endroit-comme-avant-20250223_GBGPGM3X7ZDIZE7XHRZO724NG4\/\">attaque au couteau jihadiste de Mulhouse <\/a>(Haut-Rhin) en f\u00e9vrier dans laquelle est mort Lino Sousa Loureiro, un Portugais de 69 ans, puis l\u2019assassinat fin mai \u00e0 Puget-sur-Argens d\u2019Hichem Miraoui, un quadrag\u00e9naire tunisien. <\/p>\n","protected":false},"excerpt":{"rendered":"Une nouvelle \u00e9tape dans l\u2019affaire de l\u2019Irakien assassin\u00e9 \u00e0 Lyon, le 10 septembre. Dix jours apr\u00e8s l\u2019arrestation d\u2019un&hellip;\n","protected":false},"author":2,"featured_media":460523,"comment_status":"","ping_status":"","sticky":false,"template":"","format":"standard","meta":{"footnotes":""},"categories":[1889],"tags":[1111,11,2430,1777,674,1011,27,2428,12,25,1254],"class_list":{"0":"post-460522","1":"post","2":"type-post","3":"status-publish","4":"format-standard","5":"has-post-thumbnail","7":"category-lyon","8":"tag-actu","9":"tag-actualites","10":"tag-auvergne-rhone-alpes","11":"tag-eu","12":"tag-europe","13":"tag-fr","14":"tag-france","15":"tag-lyon","16":"tag-news","17":"tag-republique-francaise","18":"tag-terrorisme"},"share_on_mastodon":{"url":"https:\/\/pubeurope.com\/@fr\/115368347734116464","error":""},"_links":{"self":[{"href":"https:\/\/www.europesays.com\/fr\/wp-json\/wp\/v2\/posts\/460522","targetHints":{"allow":["GET"]}}],"collection":[{"href":"https:\/\/www.europesays.com\/fr\/wp-json\/wp\/v2\/posts"}],"about":[{"href":"https:\/\/www.europesays.com\/fr\/wp-json\/wp\/v2\/types\/post"}],"author":[{"embeddable":true,"href":"https:\/\/www.europesays.com\/fr\/wp-json\/wp\/v2\/users\/2"}],"replies":[{"embeddable":true,"href":"https:\/\/www.europesays.com\/fr\/wp-json\/wp\/v2\/comments?post=460522"}],"version-history":[{"count":0,"href":"https:\/\/www.europesays.com\/fr\/wp-json\/wp\/v2\/posts\/460522\/revisions"}],"wp:featuredmedia":[{"embeddable":true,"href":"https:\/\/www.europesays.com\/fr\/wp-json\/wp\/v2\/media\/460523"}],"wp:attachment":[{"href":"https:\/\/www.europesays.com\/fr\/wp-json\/wp\/v2\/media?parent=460522"}],"wp:term":[{"taxonomy":"category","embeddable":true,"href":"https:\/\/www.europesays.com\/fr\/wp-json\/wp\/v2\/categories?post=460522"},{"taxonomy":"post_tag","embeddable":true,"href":"https:\/\/www.europesays.com\/fr\/wp-json\/wp\/v2\/tags?post=460522"}],"curies":[{"name":"wp","href":"https:\/\/api.w.org\/{rel}","templated":true}]}}