{"id":460524,"date":"2025-10-13T18:48:11","date_gmt":"2025-10-13T18:48:11","guid":{"rendered":"https:\/\/www.europesays.com\/fr\/460524\/"},"modified":"2025-10-13T18:48:11","modified_gmt":"2025-10-13T18:48:11","slug":"un-habitant-sur-10-serait-en-situation-de-mal-logement-selon-un-rapport","status":"publish","type":"post","link":"https:\/\/www.europesays.com\/fr\/460524\/","title":{"rendered":"Un habitant sur 10 serait en situation de mal-logement, selon un rapport"},"content":{"rendered":"<p>En <a href=\"https:\/\/www.20minutes.fr\/dossier\/ile-de-france\" class=\"c-link c-link--is-underlined\" target=\"_blank\" rel=\"noopener\">Ile-de-France<\/a>, 1,3\u00a0million de personnes sont en situation de <a href=\"https:\/\/www.20minutes.fr\/dossier\/mal-logement\" class=\"c-link c-link--is-underlined\" target=\"_blank\" rel=\"noopener\">mal-logement<\/a>, soit 10\u00a0% des Franciliens, selon un rapport r\u00e9gional de la Fondation pour le <a href=\"https:\/\/www.20minutes.fr\/dossier\/logement\" class=\"c-link c-link--is-underlined\" target=\"_blank\" rel=\"noopener\">logement<\/a> des d\u00e9favoris\u00e9s publi\u00e9 lundi. L\u2019\u00e9tude d\u00e9nombre en plus pr\u00e8s de 3\u00a0millions de personnes en grande fragilit\u00e9 vis-\u00e0-vis du logement.<\/p>\n<p>Sur les 12,3\u00a0millions d\u2019habitants, un tiers rencontre des difficult\u00e9s vis-\u00e0-vis de leur logement. Des personnes sans logement, dans un logement suroccup\u00e9, en situation de pr\u00e9carit\u00e9 \u00e9nerg\u00e9tique, ou qui font face \u00e0 des d\u00e9penses trop \u00e9lev\u00e9es par rapport au revenu, par exemple. Un \u00ab\u00a0tableau noir\u00a0\u00bb selon Eric Constantin, directeur r\u00e9gional pour l\u2019Ile-de-France de la Fondation. Il y voit \u00ab\u00a0une aggravation du nombre de m\u00e9nages en surpeuplement accentu\u00e9 et du nombre de personnes sans domicile personnel\u00a0\u00bb.<\/p>\n<p>Progression alarmante<\/p>\n<p>Plus de 634.000 personnes vivent dans un logement qui manque d\u2019au moins deux pi\u00e8ces par rapport \u00e0 une occupation normale, explique-t-il. Ce chiffre a progress\u00e9 de 8\u00a0% entre\u00a02013 et\u00a02020, date de la derni\u00e8re enqu\u00eate nationale logement de l\u2019Insee.<\/p>\n<p>S\u2019y ajoutent 1,2\u00a0million de personnes modestes en situation de surpeuplement mod\u00e9r\u00e9. Au total, ce sont presque 30\u00a0% des locataires qui sont concern\u00e9s par la suroccupation. Le ph\u00e9nom\u00e8ne est \u00ab\u00a0deux fois plus fr\u00e9quent en Ile-de-France qu\u2019ailleurs en France\u00a0\u00bb. Quant aux 288.104 personnes sans logement personnel, la moiti\u00e9 se retrouve contrainte d\u2019\u00eatre h\u00e9berg\u00e9es chez un tiers.<\/p>\n<p>350.000 personnes ont des impay\u00e9s de loyers<\/p>\n<p>L\u00e0 aussi \u00ab\u00a0le ph\u00e9nom\u00e8ne est tr\u00e8s francilien\u00a0\u00bb et s\u2019aggrave selon Eric Constantin\u00a0: le nombre de demandeurs de logement social qui d\u00e9clarent \u00eatre h\u00e9berg\u00e9s chez un tiers a bondi de 30\u00a0% entre\u00a02019 et\u00a02024. Le directeur r\u00e9gional note \u00ab\u00a0les difficult\u00e9s d\u2019acc\u00e8s pour les jeunes \u00e0 un logement autonome, ils quittent le domicile familial deux ans plus tard qu\u2019ailleurs en France\u00a0\u00bb.<\/p>\n<\/p>\n<p>Les loyers franciliens ont augment\u00e9 1,6 fois plus vite entre\u00a02002 et\u00a02022 que les revenus des m\u00e9nages, qui consacrent 34\u00a0% de leurs revenus au logement. Plus de 350.000 personnes ont des impay\u00e9s de loyers ou de charges et en\u00a02024, 8.106 foyers ont \u00e9t\u00e9 expuls\u00e9s en Ile-de-France, un record.<\/p>\n<p><a href=\"https:\/\/www.20minutes.fr\/dossier\/mal-logement\" class=\"c-link c-btn c-btn--primary\" target=\"_blank\" rel=\"noopener\">Notre dossier sur le mal-logement<\/a><\/p>\n<p>La Fondation d\u00e9nombre 125.523 personnes sans domicile, dont environ 4.000 personnes sans-abri et 4.150 habitants de bidonvilles, les autres \u00e9tant h\u00e9berg\u00e9es dans des structures d\u2019accueil. \u00ab\u00a0L\u2019Etat a tripl\u00e9 ses places d\u2019h\u00e9bergement depuis\u00a02012, mais le dispositif reste sous pression permanente\u00a0\u00bb, d\u00e9plore Eric Constantin.<\/p>\n","protected":false},"excerpt":{"rendered":"En Ile-de-France, 1,3\u00a0million de personnes sont en situation de mal-logement, soit 10\u00a0% des Franciliens, selon un rapport r\u00e9gional&hellip;\n","protected":false},"author":2,"featured_media":460525,"comment_status":"","ping_status":"","sticky":false,"template":"","format":"standard","meta":{"footnotes":""},"categories":[1592],"tags":[1111,47,11,1777,674,1011,27,662,1908,13248,12,626,25,104],"class_list":{"0":"post-460524","1":"post","2":"type-post","3":"status-publish","4":"format-standard","5":"has-post-thumbnail","7":"category-ile-de-france","8":"tag-actu","9":"tag-actualite","10":"tag-actualites","11":"tag-eu","12":"tag-europe","13":"tag-fr","14":"tag-france","15":"tag-ile-de-france","16":"tag-logement","17":"tag-mal-logement","18":"tag-news","19":"tag-paris","20":"tag-republique-francaise","21":"tag-societe"},"share_on_mastodon":{"url":"https:\/\/pubeurope.com\/@fr\/115368355709409002","error":""},"_links":{"self":[{"href":"https:\/\/www.europesays.com\/fr\/wp-json\/wp\/v2\/posts\/460524","targetHints":{"allow":["GET"]}}],"collection":[{"href":"https:\/\/www.europesays.com\/fr\/wp-json\/wp\/v2\/posts"}],"about":[{"href":"https:\/\/www.europesays.com\/fr\/wp-json\/wp\/v2\/types\/post"}],"author":[{"embeddable":true,"href":"https:\/\/www.europesays.com\/fr\/wp-json\/wp\/v2\/users\/2"}],"replies":[{"embeddable":true,"href":"https:\/\/www.europesays.com\/fr\/wp-json\/wp\/v2\/comments?post=460524"}],"version-history":[{"count":0,"href":"https:\/\/www.europesays.com\/fr\/wp-json\/wp\/v2\/posts\/460524\/revisions"}],"wp:featuredmedia":[{"embeddable":true,"href":"https:\/\/www.europesays.com\/fr\/wp-json\/wp\/v2\/media\/460525"}],"wp:attachment":[{"href":"https:\/\/www.europesays.com\/fr\/wp-json\/wp\/v2\/media?parent=460524"}],"wp:term":[{"taxonomy":"category","embeddable":true,"href":"https:\/\/www.europesays.com\/fr\/wp-json\/wp\/v2\/categories?post=460524"},{"taxonomy":"post_tag","embeddable":true,"href":"https:\/\/www.europesays.com\/fr\/wp-json\/wp\/v2\/tags?post=460524"}],"curies":[{"name":"wp","href":"https:\/\/api.w.org\/{rel}","templated":true}]}}