{"id":460532,"date":"2025-10-13T18:52:14","date_gmt":"2025-10-13T18:52:14","guid":{"rendered":"https:\/\/www.europesays.com\/fr\/460532\/"},"modified":"2025-10-13T18:52:14","modified_gmt":"2025-10-13T18:52:14","slug":"paris-met-en-seine-la-crue-du-siecle-pour-se-preparer-aux-futures-crises-liberation","status":"publish","type":"post","link":"https:\/\/www.europesays.com\/fr\/460532\/","title":{"rendered":"Paris met en Seine la crue du si\u00e8cle pour se pr\u00e9parer aux futures crises \u2013 Lib\u00e9ration"},"content":{"rendered":"<p class=\"sc-cPiKLX AiZTS text-element\">\u00abL\u2019eau est d\u00e9j\u00e0 \u00e0 7 m\u00e8tres et va monter toute la journ\u00e9e. Nous sommes au pic de crue.\u00bb Dans la salle de crise de la mairie de Paris, non loin de la Seine, Ziad Touat, de l\u2019entreprise de conseil Crisotech met l\u2019assistance dans le bain. La voici projet\u00e9e au 13 mars 2026. Il encha\u00eene avec un journal t\u00e9l\u00e9vis\u00e9 fictif, bas\u00e9 sur ce sc\u00e9nario. \u00abPr\u00e8s de 300 000 personnes ont d\u00e9j\u00e0 \u00e9t\u00e9 \u00e9vacu\u00e9es\u00bb, pr\u00e9vient la pr\u00e9sentatrice. <\/p>\n<p class=\"sc-cPiKLX AiZTS text-element\">Une trentaine de repr\u00e9sentants des services de la ville d\u00e9clinent ensuite les mesures d\u00e9j\u00e0 prises pour faire face \u00e0 cette crue monstre, et une liste vertigineuse de probl\u00e8mes \u00e0 pr\u00e9voir : routes bloqu\u00e9es, collecte des d\u00e9chets stopp\u00e9e, coupures d\u2019\u00e9lectricit\u00e9, \u00e9coles ferm\u00e9es, h\u00f4pitaux en cours d\u2019\u00e9vacuation, risques de p\u00e9nurie alimentaire, r\u00e9seau d\u2019assainissement bient\u00f4t d\u00e9bord\u00e9\u2026 Paris n\u2019est pas au bout de ses peines. \u00abLa d\u00e9crue peut prendre plusieurs semaines, mais aussi quelques mois\u00bb, avertit P\u00e9n\u00e9lope Komit\u00e8s, adjointe \u00e0 la maire de Paris en charge de la r\u00e9silience et cheffe d\u2019orchestre de l\u2019exercice Paris inond\u00e9. <\/p>\n<p class=\"sc-cPiKLX AiZTS text-element\">A quelques dizaines de m\u00e8tres de l\u00e0, sous des tentes, le personnel de la Croix-Rouge et de la protection civile se pr\u00e9pare \u00e0 l\u2019arriv\u00e9e des premiers \u00e9vacu\u00e9s. Un peu plus loin, des passerelles permettent de circuler dans des rues recouvertes d\u2019un m\u00e8tre d\u2019eau. <\/p>\n<p class=\"sc-cPiKLX AiZTS text-element\">Pr\u00e8s de 80 Parisiens ont \u00e9t\u00e9 mobilis\u00e9s, ce lundi 13 octobre, pour un nouvel exercice de crise grandeur nature dans les rues de Paris, deux ans apr\u00e8s celui simulant <a href=\"https:\/\/www.li &lt;div style=\" clear:=\"\" both=\"\"\/><\/p>\n","protected":false},"excerpt":{"rendered":"\u00abL\u2019eau est d\u00e9j\u00e0 \u00e0 7 m\u00e8tres et va monter toute la journ\u00e9e. Nous sommes au pic de crue.\u00bb&hellip;\n","protected":false},"author":2,"featured_media":460533,"comment_status":"","ping_status":"","sticky":false,"template":"","format":"standard","meta":{"footnotes":""},"categories":[1888],"tags":[11,1777,674,1011,27,4458,12,626,5140,25],"class_list":{"0":"post-460532","1":"post","2":"type-post","3":"status-publish","4":"format-standard","5":"has-post-thumbnail","7":"category-paris","8":"tag-actualites","9":"tag-eu","10":"tag-europe","11":"tag-fr","12":"tag-france","13":"tag-inondation","14":"tag-news","15":"tag-paris","16":"tag-rechauffement-climatique","17":"tag-republique-francaise"},"share_on_mastodon":{"url":"https:\/\/pubeurope.com\/@fr\/115368371451500802","error":""},"_links":{"self":[{"href":"https:\/\/www.europesays.com\/fr\/wp-json\/wp\/v2\/posts\/460532","targetHints":{"allow":["GET"]}}],"collection":[{"href":"https:\/\/www.europesays.com\/fr\/wp-json\/wp\/v2\/posts"}],"about":[{"href":"https:\/\/www.europesays.com\/fr\/wp-json\/wp\/v2\/types\/post"}],"author":[{"embeddable":true,"href":"https:\/\/www.europesays.com\/fr\/wp-json\/wp\/v2\/users\/2"}],"replies":[{"embeddable":true,"href":"https:\/\/www.europesays.com\/fr\/wp-json\/wp\/v2\/comments?post=460532"}],"version-history":[{"count":0,"href":"https:\/\/www.europesays.com\/fr\/wp-json\/wp\/v2\/posts\/460532\/revisions"}],"wp:featuredmedia":[{"embeddable":true,"href":"https:\/\/www.europesays.com\/fr\/wp-json\/wp\/v2\/media\/460533"}],"wp:attachment":[{"href":"https:\/\/www.europesays.com\/fr\/wp-json\/wp\/v2\/media?parent=460532"}],"wp:term":[{"taxonomy":"category","embeddable":true,"href":"https:\/\/www.europesays.com\/fr\/wp-json\/wp\/v2\/categories?post=460532"},{"taxonomy":"post_tag","embeddable":true,"href":"https:\/\/www.europesays.com\/fr\/wp-json\/wp\/v2\/tags?post=460532"}],"curies":[{"name":"wp","href":"https:\/\/api.w.org\/{rel}","templated":true}]}}