{"id":460542,"date":"2025-10-13T18:57:16","date_gmt":"2025-10-13T18:57:16","guid":{"rendered":"https:\/\/www.europesays.com\/fr\/460542\/"},"modified":"2025-10-13T18:57:16","modified_gmt":"2025-10-13T18:57:16","slug":"une-histoire-franco-allemande-accents-deurope","status":"publish","type":"post","link":"https:\/\/www.europesays.com\/fr\/460542\/","title":{"rendered":"Une histoire franco-allemande &#8211; Accents d&rsquo;Europe"},"content":{"rendered":"<p class=\"t-content__chapo\">\n                                                C\u2019est une \u00e9mission un petit peu particuli\u00e8re que nous vous proposons aujourd\u2019hui, en public, pendant le festival des Rendez-vous de l\u2019Histoire qui se tient tous les ans \u00e0 Blois.\u00a0Avec deux historiens, grands sp\u00e9cialistes de l\u2019Allemagne, professeurs \u00e0 la Sorbonne, nous allons nous pencher sur deux \u00e9v\u00e8nements fondateurs du XX\u00e8 si\u00e8cle. D\u2019une part, l\u2019arriv\u00e9e d\u2019Hitler au pouvoir en janvier 1933, d\u2019autre part 1989, la chute du mur de Berlin et des d\u00e9mocraties populaires. Deux \u00e9v\u00e8nements qui nous am\u00e8neront, pour l\u2019un, \u00e0 nous pencher sur le p\u00e9rilleux exercice du parall\u00e8le historique, et pour le deuxi\u00e8me, sur l\u2019histoire crois\u00e9e.                    <\/p>\n<p><img decoding=\"async\" fetchpriority=\"low\" src=\"https:\/\/www.europesays.com\/fr\/wp-content\/uploads\/2025\/10\/mitterand_kohl_0.jpg\"   width=\"1024\" height=\"576\" alt=\"Mitterand et Kohl, main dans la main, \u00e0 l'ossuaire de Douaumont, le 22 septembre 1984.\u00a0\" loading=\"eager\" class=\"a-img \"\/><\/p>\n<p>                Mitterand et Kohl, main dans la main, \u00e0 l&rsquo;ossuaire de Douaumont, le 22 septembre 1984.\u00a0                AFP            <\/p>\n<p><strong>Invit\u00e9s<\/strong><strong> <\/strong>:<\/p>\n<ul>\n<li><strong>Johann Chapoutot, auteur de\u00a0Les irresponsables. Qui a port\u00e9 Hitler au pouvoir ?, aux \u00e9ditions Gallimard.<\/strong><\/li>\n<li><strong>H\u00e9l\u00e8ne Miard-Delacroix, auteure de\u00a0Les \u00e9motions de 1989. France Allemagne face aux bouleversements du monde, aux \u00e9ditions Flammarion.\u00a0<\/strong><\/li>\n<\/ul>\n","protected":false},"excerpt":{"rendered":"C\u2019est une \u00e9mission un petit peu particuli\u00e8re que nous vous proposons aujourd\u2019hui, en public, pendant le festival des&hellip;\n","protected":false},"author":2,"featured_media":460543,"comment_status":"","ping_status":"","sticky":false,"template":"","format":"standard","meta":{"footnotes":""},"categories":[1587],"tags":[2361,11,672,1804,1805,1803,1777,674,1801,937,12,1802,935],"class_list":{"0":"post-460542","1":"post","2":"type-post","3":"status-publish","4":"format-standard","5":"has-post-thumbnail","7":"category-allemagne","8":"tag-accents-deurope","9":"tag-actualites","10":"tag-allemagne","11":"tag-bundesrepublik-deutschland","12":"tag-de","13":"tag-deutschland","14":"tag-eu","15":"tag-europe","16":"tag-germany","17":"tag-histoire","18":"tag-news","19":"tag-republique-federale-dallemagne","20":"tag-seconde-guerre-mondiale"},"share_on_mastodon":{"url":"https:\/\/pubeurope.com\/@fr\/115368391672756329","error":""},"_links":{"self":[{"href":"https:\/\/www.europesays.com\/fr\/wp-json\/wp\/v2\/posts\/460542","targetHints":{"allow":["GET"]}}],"collection":[{"href":"https:\/\/www.europesays.com\/fr\/wp-json\/wp\/v2\/posts"}],"about":[{"href":"https:\/\/www.europesays.com\/fr\/wp-json\/wp\/v2\/types\/post"}],"author":[{"embeddable":true,"href":"https:\/\/www.europesays.com\/fr\/wp-json\/wp\/v2\/users\/2"}],"replies":[{"embeddable":true,"href":"https:\/\/www.europesays.com\/fr\/wp-json\/wp\/v2\/comments?post=460542"}],"version-history":[{"count":0,"href":"https:\/\/www.europesays.com\/fr\/wp-json\/wp\/v2\/posts\/460542\/revisions"}],"wp:featuredmedia":[{"embeddable":true,"href":"https:\/\/www.europesays.com\/fr\/wp-json\/wp\/v2\/media\/460543"}],"wp:attachment":[{"href":"https:\/\/www.europesays.com\/fr\/wp-json\/wp\/v2\/media?parent=460542"}],"wp:term":[{"taxonomy":"category","embeddable":true,"href":"https:\/\/www.europesays.com\/fr\/wp-json\/wp\/v2\/categories?post=460542"},{"taxonomy":"post_tag","embeddable":true,"href":"https:\/\/www.europesays.com\/fr\/wp-json\/wp\/v2\/tags?post=460542"}],"curies":[{"name":"wp","href":"https:\/\/api.w.org\/{rel}","templated":true}]}}