{"id":460546,"date":"2025-10-13T18:59:21","date_gmt":"2025-10-13T18:59:21","guid":{"rendered":"https:\/\/www.europesays.com\/fr\/460546\/"},"modified":"2025-10-13T18:59:21","modified_gmt":"2025-10-13T18:59:21","slug":"ca-a-pris-du-temps-francois-civil-amoureux-il-revele-pourquoi-il-a-eu-du-mal-a-faire-confiance-dans-ses-relations","status":"publish","type":"post","link":"https:\/\/www.europesays.com\/fr\/460546\/","title":{"rendered":"\u00ab\u00a0\u00c7a a pris du temps\u00a0\u00bb : Fran\u00e7ois Civil amoureux, il r\u00e9v\u00e8le pourquoi il a eu du mal \u00e0 faire confiance dans ses relations"},"content":{"rendered":"<p><strong>Fran\u00e7ois Civil est plus \u00e9panoui que jamais, et \u00e7a se voit<\/strong>. A 35 ans, le com\u00e9dien est devenu l&rsquo;une des valeurs s\u00fbres du cin\u00e9ma fran\u00e7ais et son CV ne fait que s&rsquo;allonger au fil des ann\u00e9es. Actuellement en promotion du nouveau film dans lequel il joue, Deux pianos d&rsquo;Arnaud Desplechin,<strong> Fran\u00e7ois Civil se concentre sur sa carri\u00e8re avant d&rsquo;envisager de construire une famille.<\/strong> Un sujet qu&rsquo;il avait abord\u00e9 sur le plateau de Clique, l&rsquo;ann\u00e9e derni\u00e8re, alors que <a href=\"https:\/\/www.voici.fr\/celebrites\/francois-civil-pret-a-avoir-un-enfant-avec-adele-exarchopoulos-il-repond-en-toute-transparence-792652\" target=\"_blank\" rel=\"noopener\">Mouloud Achour l&rsquo;interrogeait sur ses envies de paternit\u00e9<\/a>.<\/p>\n<p>\u00ab\u00a0Si demain tu apprends que tu vas \u00eatre papa, quelle sera ta premi\u00e8re r\u00e9action ?\u00a0\u00bb, lui avait lanc\u00e9 l&rsquo;animateur. \u00ab\u00a0<strong>J&rsquo;ai l&rsquo;impression qu<\/strong>&lsquo;<strong>il faut que \u00e7a arrive pour savoir<\/strong>, mais l\u00e0, comme \u00e7a, je dirais fou de joie. Mais je pense que l&rsquo;instant d&rsquo;apr\u00e8s, <strong>je peux avoir une sorte de&#8230; &lsquo;Ah ! Oh !&rsquo; Un peu de panique<\/strong>\u00ab\u00a0, avait r\u00e9pondu un Fran\u00e7ois Civil quelque peu d\u00e9contenanc\u00e9.<\/p>\n<p>Fran\u00e7ois Civil s&rsquo;\u00e9panche sur ses relations pass\u00e9es et avoue avoir du mal \u00e0 faire confiance<\/p>\n<p>Depuis plusieurs ann\u00e9es, <a href=\"https:\/\/www.voici.fr\/celebrites\/adele-exarchopoulos-se-livre-sur-son-couple-avec-francois-civil-je-suis-tres-amoureuse-c-est-trop-bien-806505\" target=\"_blank\" rel=\"noopener\">l&rsquo;acteur est en couple avec Ad\u00e8le Exarchopoulos<\/a>. Interrog\u00e9e sur sa d\u00e9finition de l&rsquo;amour, dans les colonnes de Paris Match, <a href=\"https:\/\/www.voici.fr\/celebrites\/tres-loin-de-l-amour-toxique-adele-exarchopoulos-officialise-enfin-sa-relation-avec-francois-civil-792508\" target=\"_blank\" rel=\"noopener\">la com\u00e9dienne de 31 ans avait officialis\u00e9 leur relation<\/a>, en r\u00e9v\u00e9lant qu&rsquo;ils vivaient en effet un \u00ab\u00a0amour fou\u00a0\u00bb, titre du film dans lequel elle lui donnait la r\u00e9plique. \u00ab\u00a0Aujourd&rsquo;hui, je suis vraiment s\u00fbre de moi : c&rsquo;est l&rsquo;amour sain. <strong>Celui o\u00f9 il y a de l&rsquo;amiti\u00e9, o\u00f9 on passe les \u00e9preuves en essayant de toujours avoir de l&rsquo;autod\u00e9rision et de la complicit\u00e9<\/strong>. C&rsquo;est l&rsquo;amour o\u00f9 tu sais quitter l&rsquo;autre quand c&rsquo;est vraiment mal\u00e9fique, quand c&rsquo;est trop mauvais. En tout cas, c&rsquo;est tr\u00e8s loin de l&rsquo;amour toxique que j&rsquo;id\u00e9alisais quand j&rsquo;\u00e9tais petite\u00a0\u00bb, avait-elle d\u00e9clar\u00e9.<\/p>\n<p>A l&rsquo;occasion d&rsquo;un entretien accord\u00e9 aux Inrocks, Fran\u00e7ois Civil s&rsquo;est confi\u00e9 sur l&rsquo;amour et a avou\u00e9 avoir eu du mal \u00e0 faire confiance apr\u00e8s une grosse d\u00e9ception sentimentale.\u00a0\u00bb<strong>Moi je me rappelle le premier gros chagrin d&rsquo;amour que j&rsquo;ai eu, \u00e7a m&rsquo;a \u00e9t\u00e9 dur apr\u00e8s de m&rsquo;abandonner \u00e0 l&rsquo;amour<\/strong>\u00ab\u00a0, a-t-il expliqu\u00e9. Puis d&rsquo;ajouter : \u00ab\u00a0<strong>En fait faut r\u00e9apprendre l&rsquo;esp\u00e8ce d&rsquo;insouciance de la premi\u00e8re fois, et on met des des barri\u00e8res un peu, on met des carapaces, on se prot\u00e8ge <\/strong>et je crois que, en tout cas, \u00e7a c&rsquo;\u00e9tait mon parcours, \u00e7a a \u00e9t\u00e9 dur, \u00e7a a pris du temps de r\u00e9ussir \u00e0 me r\u00e9abandonner \u00e0 quelque chose avoir confiance compl\u00e8tement\u00a0\u00bb. Des confidences rares de la part <a href=\"https:\/\/www.voici.fr\/tele\/cesar-2025-pierre-niney-taquin-avec-francois-civil-et-benjamin-lavernhe-ce-detail-passe-presque-inapercu-799871\" target=\"_blank\" rel=\"noopener\">du grand ami de Pierre Niney<\/a>.<\/p>\n","protected":false},"excerpt":{"rendered":"Fran\u00e7ois Civil est plus \u00e9panoui que jamais, et \u00e7a se voit. A 35 ans, le com\u00e9dien est devenu&hellip;\n","protected":false},"author":2,"featured_media":460547,"comment_status":"","ping_status":"","sticky":false,"template":"","format":"standard","meta":{"footnotes":""},"categories":[1586],"tags":[11,36267,1376,7196,9260,1193,1777,674,1779,1011,27,55842,12,25,1778,364],"class_list":{"0":"post-460546","1":"post","2":"type-post","3":"status-publish","4":"format-standard","5":"has-post-thumbnail","7":"category-europe","8":"tag-actualites","9":"tag-adu00e8le-exarchopoulos","10":"tag-amour","11":"tag-cinu00e9ma","12":"tag-confidences","13":"tag-couple","14":"tag-eu","15":"tag-europe","16":"tag-european-union","17":"tag-fr","18":"tag-france","19":"tag-franu00e7ois-civil","20":"tag-news","21":"tag-republique-francaise","22":"tag-ue","23":"tag-union-europeenne"},"share_on_mastodon":{"url":"https:\/\/pubeurope.com\/@fr\/115368398898873360","error":""},"_links":{"self":[{"href":"https:\/\/www.europesays.com\/fr\/wp-json\/wp\/v2\/posts\/460546","targetHints":{"allow":["GET"]}}],"collection":[{"href":"https:\/\/www.europesays.com\/fr\/wp-json\/wp\/v2\/posts"}],"about":[{"href":"https:\/\/www.europesays.com\/fr\/wp-json\/wp\/v2\/types\/post"}],"author":[{"embeddable":true,"href":"https:\/\/www.europesays.com\/fr\/wp-json\/wp\/v2\/users\/2"}],"replies":[{"embeddable":true,"href":"https:\/\/www.europesays.com\/fr\/wp-json\/wp\/v2\/comments?post=460546"}],"version-history":[{"count":0,"href":"https:\/\/www.europesays.com\/fr\/wp-json\/wp\/v2\/posts\/460546\/revisions"}],"wp:featuredmedia":[{"embeddable":true,"href":"https:\/\/www.europesays.com\/fr\/wp-json\/wp\/v2\/media\/460547"}],"wp:attachment":[{"href":"https:\/\/www.europesays.com\/fr\/wp-json\/wp\/v2\/media?parent=460546"}],"wp:term":[{"taxonomy":"category","embeddable":true,"href":"https:\/\/www.europesays.com\/fr\/wp-json\/wp\/v2\/categories?post=460546"},{"taxonomy":"post_tag","embeddable":true,"href":"https:\/\/www.europesays.com\/fr\/wp-json\/wp\/v2\/tags?post=460546"}],"curies":[{"name":"wp","href":"https:\/\/api.w.org\/{rel}","templated":true}]}}