{"id":460558,"date":"2025-10-13T19:08:18","date_gmt":"2025-10-13T19:08:18","guid":{"rendered":"https:\/\/www.europesays.com\/fr\/460558\/"},"modified":"2025-10-13T19:08:18","modified_gmt":"2025-10-13T19:08:18","slug":"motogp-marco-bezzecchi-je-serai-de-retour-en-australie","status":"publish","type":"post","link":"https:\/\/www.europesays.com\/fr\/460558\/","title":{"rendered":"MotoGP, Marco Bezzecchi : \u00ab\u00a0je serai de retour en Australie\u00a0\u00bb"},"content":{"rendered":"<p><strong>Sous les projecteurs feutr\u00e9s du Festival dello Sport,<br \/>\nMarco Bezzecchi, Massimo Rivola et Jorge Martin ont offert au<br \/>\npublic une parenth\u00e8se pr\u00e9cieuse : un moment rare d\u2019humanit\u00e9, de<br \/>\nconfidences et d\u2019ambition. L\u2019\u00e9v\u00e9nement baptis\u00e9 \u00ab Simply the Bez \u00bb<br \/>\nn\u2019\u00e9tait pas seulement une c\u00e9l\u00e9bration du pilote italien, mais aussi<br \/>\nune d\u00e9claration d\u2019amour d\u2019Aprilia Racing \u00e0 son nouveau<br \/>\njoyau.<\/strong><\/p>\n<p><strong>Bezzecchi<\/strong> est arriv\u00e9 avec un dos meurtri, mais<br \/>\nle sourire intact. Apr\u00e8s sa chute r\u00e9cente, le pilote de Rimini a<br \/>\ntenu \u00e0 rassurer ses fans d\u00e8s les premi\u00e8res minutes :<\/p>\n<p>\u00ab Je vais plut\u00f4t bien. <strong>Ce sont quelques jours<br \/>\ndifficiles\u2026 mais je suis en th\u00e9rapie et je fais des<br \/>\nexamens<\/strong>. Heureusement, tout va bien. Je serai de retour en<br \/>\nAustralie. \u00bb<\/p>\n<p>Un ton franc, simple, sans masque \u2014 exactement l\u2019image que le<br \/>\npublic italien adore chez \u201cBez\u201d. Et en retour, le Teatro Sociale<br \/>\nlui a offert une ovation chaleureuse : \u00ab merci \u00e0 tous, vous m\u2019avez<br \/>\nmerveilleusement bien accueilli. J\u2019\u00e9tais vraiment impatient de<br \/>\nvenir, et je suis content d\u2019\u00eatre venu. \u00bb<\/p>\n<p>Install\u00e9 chez <strong>Aprilia Racing<\/strong> cette saison,<br \/>\n<strong>Bezzecchi<\/strong> a pris les r\u00eanes du d\u00e9veloppement<br \/>\ntechnique d\u00e8s son arriv\u00e9e \u2014 une charge lourde, mais qui a catalys\u00e9<br \/>\nsa progression personnelle :<\/p>\n<p>\u00ab D\u00e8s le d\u00e9but, <strong>j\u2019ai d\u00fb diriger seul le<br \/>\nd\u00e9veloppement de la moto<\/strong>. Et m\u00eame si c\u2019\u00e9tait difficile,<br \/>\n<strong>c\u2019\u00e9tait aussi une b\u00e9n\u00e9diction<\/strong>. Toute l\u2019\u00e9quipe<br \/>\n\u00e9tait concentr\u00e9e sur moi. \u00a0Cela m\u2019a donn\u00e9 tellement<br \/>\nd\u2019\u00e9nergie que je n\u2019arrivais pas \u00e0 dormir ; <strong>je ne pensais<br \/>\nqu\u2019\u00e0 progresser<\/strong>. \u00bb<\/p>\n<p>Une phrase qui en dit long sur la soif de performance du #72,<br \/>\nmais aussi sur la nouvelle philosophie d\u2019<a href=\"https:\/\/www.paddock-gp.com\/motogp-bmw-veto-a-venir-sur-le-double-role-avec-aprilia-reve-par-de-miguel-oliveira-en-2026\/\" rel=\"nofollow noopener\" target=\"_blank\"><strong>Aprilia<\/strong><\/a>,<br \/>\nqui mise d\u00e9sormais sur un pilote unique, engag\u00e9 et moteur du<br \/>\nprojet.<\/p>\n<p><img decoding=\"async\" class=\"aligncenter\" src=\"https:\/\/www.europesays.com\/fr\/wp-content\/uploads\/2025\/10\/WhatsApp-Image-2025-08-15-at-12.04.23-1024x593.jpeg\" alt=\"Bezzecchi\"\/><\/p>\n<p><strong>Jorge Martin, soutien<br \/>\nsilencieux de Marco Bezzecchi encens\u00e9 par Massimo<br \/>\nRivola<\/strong><\/p>\n<p>\u00c0 la fin de l\u2019\u00e9v\u00e9nement, le ton est mont\u00e9 d\u2019un cran : <a href=\"https:\/\/www.paddock-gp.com\/motogp-raul-fernandez-leternel-prodige-qui-tarde-a-exploser-chez-aprilia-rivola-perd-patience\/\" rel=\"nofollow noopener\" target=\"_blank\"><br \/>\n<strong>Massimo Rivola<\/strong><\/a> s\u2019est livr\u00e9 \u00e0 une v\u00e9ritable<br \/>\nprofession de foi envers son pilote : \u00ab Marco a beaucoup<br \/>\nprogress\u00e9 et pourrait devenir champion du monde en 2026. \u00bb<\/p>\n<p>Une d\u00e9claration forte, rare \u00e0 ce stade de la saison \u2014 mais<br \/>\ncoh\u00e9rente avec la mont\u00e9e en puissance remarqu\u00e9e de<br \/>\n<strong>Bezzecchi<\/strong> sur les derni\u00e8res courses. Le principal<br \/>\nint\u00e9ress\u00e9 garde la t\u00eate froide, sans perdre le cap :<\/p>\n<p>\u00ab Ce serait le r\u00eave de toute une vie, mais l\u2019important est<br \/>\nde continuer \u00e0 travailler chaque jour pour s\u2019en rapprocher.<br \/>\n\u00bb<\/p>\n<p>S\u2019il a \u00e9t\u00e9 plus discret pendant l\u2019\u00e9change, <a href=\"https:\/\/www.paddock-gp.com\/motogp-jorge-martin-blesse-fragilise-mais-deja-au-centre-du-mercato-2027\/\" rel=\"nofollow noopener\" target=\"_blank\"><br \/>\n<strong>Jorge Martin<\/strong><\/a>, le champion du monde 2024 sur<br \/>\n<a href=\"https:\/\/www.paddock-gp.com\/motogp-lappel-au-secours-de-pecco-bagnaia-ducati-doit-mettre-son-ego-de-cote\/\" rel=\"nofollow noopener\" target=\"_blank\"><br \/>\n<strong>Ducati<\/strong><\/a>, a incarn\u00e9 la solidit\u00e9 de l\u2019\u00e9quipe. Sa<br \/>\nsimple pr\u00e9sence sur sc\u00e8ne aux c\u00f4t\u00e9s de <strong>Rivola<\/strong> et<br \/>\n<strong>Bezzecchi<\/strong> montre qu\u2019un nouveau triangle de<br \/>\nconfiance est en train de se b\u00e2tir chez Aprilia Racing.<\/p>\n<p>Chez <strong>Aprilia<\/strong>, on ne cache plus ses ambitions.<br \/>\nEt <strong>Marco Bezzecchi<\/strong> n\u2019est plus un outsider sympa.<br \/>\nIl est le fer de lance d\u2019un projet qui vise, tr\u00e8s clairement, la<br \/>\ncouronne <a href=\"https:\/\/www.motogp.com\/en\" rel=\"nofollow noopener\" target=\"_blank\">MotoGP<\/a> d\u2019ici<br \/>\n2026.<\/p>\n<p>L\u2019\u00e9v\u00e9nement \u00ab Simply the Bez \u00bb n\u2019\u00e9tait pas un simple talk-show.<br \/>\nC\u2019\u00e9tait le premier chapitre d\u2019un roman que<br \/>\n<strong>Bezzecchi<\/strong> et <strong>Aprilia<\/strong> veulent<br \/>\n\u00e9crire ensemble. Et \u00e7a promet.<\/p>\n<p><img loading=\"lazy\" decoding=\"async\" class=\"aligncenter wp-image-1338123\" src=\"https:\/\/www.europesays.com\/fr\/wp-content\/uploads\/2025\/10\/Jorge-Martin-1-1.jpg\" alt=\"Marco Bezzecchi \" width=\"838\" height=\"530\"  \/><\/p>\n","protected":false},"excerpt":{"rendered":"Sous les projecteurs feutr\u00e9s du Festival dello Sport, Marco Bezzecchi, Massimo Rivola et Jorge Martin ont offert au&hellip;\n","protected":false},"author":2,"featured_media":460559,"comment_status":"","ping_status":"","sticky":false,"template":"","format":"standard","meta":{"footnotes":""},"categories":[1413],"tags":[1011,27,1457,1456,60],"class_list":{"0":"post-460558","1":"post","2":"type-post","3":"status-publish","4":"format-standard","5":"has-post-thumbnail","7":"category-moto","8":"tag-fr","9":"tag-france","10":"tag-moto","11":"tag-motocycle","12":"tag-sports"},"share_on_mastodon":{"url":"https:\/\/pubeurope.com\/@fr\/115368435195695538","error":""},"_links":{"self":[{"href":"https:\/\/www.europesays.com\/fr\/wp-json\/wp\/v2\/posts\/460558","targetHints":{"allow":["GET"]}}],"collection":[{"href":"https:\/\/www.europesays.com\/fr\/wp-json\/wp\/v2\/posts"}],"about":[{"href":"https:\/\/www.europesays.com\/fr\/wp-json\/wp\/v2\/types\/post"}],"author":[{"embeddable":true,"href":"https:\/\/www.europesays.com\/fr\/wp-json\/wp\/v2\/users\/2"}],"replies":[{"embeddable":true,"href":"https:\/\/www.europesays.com\/fr\/wp-json\/wp\/v2\/comments?post=460558"}],"version-history":[{"count":0,"href":"https:\/\/www.europesays.com\/fr\/wp-json\/wp\/v2\/posts\/460558\/revisions"}],"wp:featuredmedia":[{"embeddable":true,"href":"https:\/\/www.europesays.com\/fr\/wp-json\/wp\/v2\/media\/460559"}],"wp:attachment":[{"href":"https:\/\/www.europesays.com\/fr\/wp-json\/wp\/v2\/media?parent=460558"}],"wp:term":[{"taxonomy":"category","embeddable":true,"href":"https:\/\/www.europesays.com\/fr\/wp-json\/wp\/v2\/categories?post=460558"},{"taxonomy":"post_tag","embeddable":true,"href":"https:\/\/www.europesays.com\/fr\/wp-json\/wp\/v2\/tags?post=460558"}],"curies":[{"name":"wp","href":"https:\/\/api.w.org\/{rel}","templated":true}]}}