{"id":460560,"date":"2025-10-13T19:09:15","date_gmt":"2025-10-13T19:09:15","guid":{"rendered":"https:\/\/www.europesays.com\/fr\/460560\/"},"modified":"2025-10-13T19:09:15","modified_gmt":"2025-10-13T19:09:15","slug":"vasseur-prend-la-soufflante-de-la-part-dun-ancien-champion-du-monde-de-f1","status":"publish","type":"post","link":"https:\/\/www.europesays.com\/fr\/460560\/","title":{"rendered":"Vasseur prend la soufflante de la part d&rsquo;un ancien champion du monde de F1"},"content":{"rendered":"<p>Fr\u00e9d\u00e9ric Vasseur commence \u00e0 faire face \u00e0 des critiques importantes suite \u00e0 la saison bien difficile de Ferrari en 2025. La Scuderia n&rsquo;a pas encore gagn\u00e9 le moindre Grand Prix cette ann\u00e9e et le directeur de l&rsquo;\u00e9curie de Maranello, prolong\u00e9 pour plusieurs saisons fin juillet dernier, doit faire face aux critiques. Il a notamment \u00e9t\u00e9 mis \u00e0 mal par Mario Andretti, champion du monde de Formule 1 en 1978 et qui a l\u00e2ch\u00e9 un aveu fort concernant le Fran\u00e7ais. Questionn\u00e9 sur Charles Leclerc et l&rsquo;avenir du Mon\u00e9gasque, Andretti, \u00e2g\u00e9 de 85 ans, a assur\u00e9 ne plus avoir confiance en Vasseur.<\/p>\n<p>Andretti n&rsquo;a plus confiance en Vasseur<\/p>\n<p>Questionn\u00e9 alors qu&rsquo;il \u00e9tait pr\u00e9sent lors du Festival dello Sport \u00e0 Trente sur le fait de savoir s\u2019il perdait confiance en Fr\u00e9d\u00e9ric Vasseur, Mario Andretti a r\u00e9pondu de mani\u00e8re simple mais tr\u00e8s forte : \u00ab\u00a0Oui.\u00a0\u00bb Le champion du monde 1978 a ensuite \u00e9voqu\u00e9 l&rsquo;avenir de Charles Leclerc, assurant qu&rsquo;il n&rsquo;h\u00e9siterait pas \u00e0 le faire signer chez Cadillac, \u00e9quipe qui va entrer en F1 en 2026. \u00ab\u00a0Je suis un grand fan de Leclerc. S\u2019il voulait vraiment changer d\u2019\u00e9quipe un jour, je l\u2019emm\u00e8nerais imm\u00e9diatement chez Cadillac. Mais Ferrari reste Ferrari. T\u00f4t ou tard, cette \u00e9quipe rebondira, comme elle l\u2019a toujours fait\u00a0\u00bb, a fait savoir Andretti, mettant \u00e0 mal Fr\u00e9d\u00e9ric Vasseur, dont le vent souffle fort contre lui actuellement&#8230;<\/p>\n<p>   Partagez cette info avec vos amis et vos proches en cliquant ici<br \/> Pour r\u00e9sumer<\/p>\n<p>Fr\u00e9d\u00e9ric Vasseur commence \u00e0 faire face \u00e0 des critiques importantes suite \u00e0 la saison bien difficile de Ferrari en 2025. La Scuderia n&rsquo;a pas encore gagn\u00e9 le moindre Grand Prix cette ann\u00e9e et le directeur de l&rsquo;\u00e9curie de Maranello, prolong\u00e9 pour plusieurs saisons fin juillet dernier, doit faire face aux critiques.<\/p>\n<p>R\u00e9dacteur<\/p>\n<p><img decoding=\"async\" width=\"76\" height=\"76\" loading=\"lazy\" src=\"https:\/\/www.europesays.com\/fr\/wp-content\/uploads\/2025\/06\/logo-victor-willems.jpg\" alt=\"Victor Willems\"\/><\/p>\n","protected":false},"excerpt":{"rendered":"Fr\u00e9d\u00e9ric Vasseur commence \u00e0 faire face \u00e0 des critiques importantes suite \u00e0 la saison bien difficile de Ferrari&hellip;\n","protected":false},"author":2,"featured_media":460561,"comment_status":"","ping_status":"","sticky":false,"template":"","format":"standard","meta":{"footnotes":""},"categories":[1412],"tags":[1451,1452,1453,1454,1455,1011,27,60],"class_list":{"0":"post-460560","1":"post","2":"type-post","3":"status-publish","4":"format-standard","5":"has-post-thumbnail","7":"category-f1","8":"tag-f1","9":"tag-formula-1","10":"tag-formula1","11":"tag-formule-1","12":"tag-formule1","13":"tag-fr","14":"tag-france","15":"tag-sports"},"share_on_mastodon":{"url":"https:\/\/pubeurope.com\/@fr\/115368438939902002","error":""},"_links":{"self":[{"href":"https:\/\/www.europesays.com\/fr\/wp-json\/wp\/v2\/posts\/460560","targetHints":{"allow":["GET"]}}],"collection":[{"href":"https:\/\/www.europesays.com\/fr\/wp-json\/wp\/v2\/posts"}],"about":[{"href":"https:\/\/www.europesays.com\/fr\/wp-json\/wp\/v2\/types\/post"}],"author":[{"embeddable":true,"href":"https:\/\/www.europesays.com\/fr\/wp-json\/wp\/v2\/users\/2"}],"replies":[{"embeddable":true,"href":"https:\/\/www.europesays.com\/fr\/wp-json\/wp\/v2\/comments?post=460560"}],"version-history":[{"count":0,"href":"https:\/\/www.europesays.com\/fr\/wp-json\/wp\/v2\/posts\/460560\/revisions"}],"wp:featuredmedia":[{"embeddable":true,"href":"https:\/\/www.europesays.com\/fr\/wp-json\/wp\/v2\/media\/460561"}],"wp:attachment":[{"href":"https:\/\/www.europesays.com\/fr\/wp-json\/wp\/v2\/media?parent=460560"}],"wp:term":[{"taxonomy":"category","embeddable":true,"href":"https:\/\/www.europesays.com\/fr\/wp-json\/wp\/v2\/categories?post=460560"},{"taxonomy":"post_tag","embeddable":true,"href":"https:\/\/www.europesays.com\/fr\/wp-json\/wp\/v2\/tags?post=460560"}],"curies":[{"name":"wp","href":"https:\/\/api.w.org\/{rel}","templated":true}]}}