{"id":460566,"date":"2025-10-13T19:12:17","date_gmt":"2025-10-13T19:12:17","guid":{"rendered":"https:\/\/www.europesays.com\/fr\/460566\/"},"modified":"2025-10-13T19:12:17","modified_gmt":"2025-10-13T19:12:17","slug":"bixente-lizarazu-combien-a-t-il-denfants","status":"publish","type":"post","link":"https:\/\/www.europesays.com\/fr\/460566\/","title":{"rendered":"Bixente Lizarazu : combien a-t-il d\u2019enfants ?"},"content":{"rendered":"<p>Ancienne gloire du football fran\u00e7ais et aujourd\u2019hui consultant<br \/>\nsportif respect\u00e9, <a href=\"https:\/\/www.closermag.fr\/people\/bixente-lizarazu-a-quoi-ressemble-sa-superbe-maison-basque-en-pleine-nature-3528630\" target=\"_blank\" rel=\"noopener\"><br \/>\nBixente Lizarazu<\/a> reste avant tout un p\u00e8re combl\u00e9. Et une chose<br \/>\nest s\u00fbre, il n\u2019oublierait pour rien au monde l\u2019anniversaire de ses<br \/>\nenfants. Le dimanche 16 f\u00e9vrier 2025, <a href=\"https:\/\/www.closermag.fr\/people\/bixente-lizarazu-sa-spectaculaire-evolution-physique-en-images-3528611\" target=\"_blank\" rel=\"noopener\"><br \/>\nl\u2019ex-d\u00e9fenseur des Bleus<\/a> a tenu \u00e0 marquer une date importante :<br \/>\n<strong>les 30 ans de son fils Tximista.<\/strong><\/p>\n<p>Une \u00e9tape symbolique pour <a href=\"https:\/\/www.closermag.fr\/people\/quand-tu-fais-lamour-les-revelations-tres-intimes-des-bixente-lizarazu-etonnent-yann-barthes-3444798\" target=\"_blank\" rel=\"noopener\"><br \/>\nle champion du monde 1998,<\/a> qui n\u2019a pas manqu\u00e9 de c\u00e9l\u00e9brer cet<br \/>\nanniversaire sur Instagram. En l\u00e9gende d\u2019un montage photo rempli de<br \/>\ntendresse, il a \u00e9crit : \u201c30 ans mon fils Tximista. L\u2019\u00e2ge d\u2019or\u201d. Un<br \/>\nclin d\u2019\u0153il \u00e0 sa propre carri\u00e8re, lui qui soulevait le troph\u00e9e de la<br \/>\nCoupe du Monde \u00e0 presque le m\u00eame \u00e2ge. Install\u00e9 depuis plusieurs<br \/>\nann\u00e9es aux \u00c9tats-Unis, <strong>Tximista Lizarazu a choisi une voie<br \/>\nbien diff\u00e9rente de celle de son p\u00e8re.<\/strong> Loin des terrains de<br \/>\nfootball, il a cofond\u00e9 Fra\u00eeche Kiosk, une start-up sp\u00e9cialis\u00e9e dans<br \/>\nles frigos connect\u00e9s destin\u00e9s aux entreprises.<\/p>\n<p>Bixente Lizarazu : qui sont ses enfants ?<\/p>\n<p>Une r\u00e9ussite entrepreneuriale dont Bixente Lizarazu ne cache pas<br \/>\nsa fiert\u00e9 : \u201cSi fier de l\u2019homme que tu es devenu et du chemin<br \/>\nmagnifique parcouru du Pays basque \u00e0 New York aujourd\u2019hui\u201d,<br \/>\na-t-il ajout\u00e9 dans son message.<\/p>\n<p>Une d\u00e9claration \u00e0 laquelle son fils a simplement r\u00e9pondu avec<br \/>\npudeur : \u201cLove\u201d. Le fils a\u00een\u00e9 de Bixente Lizarazu est n\u00e9<br \/>\nde sa premi\u00e8re histoire d\u2019amour avec St\u00e9phanie, rencontr\u00e9e alors<br \/>\nqu\u2019ils \u00e9taient encore adolescents. Dans une interview accord\u00e9e \u00e0<br \/>\nT\u00e9l\u00e9 Star, <a href=\"https:\/\/www.closermag.fr\/people\/bixente-lizarazu-taille-couple-claire-keim-salaire-elsa-origine-tout-savoir-1663790\" target=\"_blank\" rel=\"noopener\"><br \/>\nl\u2019ancien lat\u00e9ral gauche<\/a> avait confi\u00e9 avec \u00e9motion :<br \/>\n\u201cJ\u2019avais seize ans, elle en avait quinze. C\u2019est ma premi\u00e8re<br \/>\nlongue histoire d\u2019amour. Tximista est n\u00e9 de cette union neuf ans<br \/>\nplus tard. C\u2019est la plus belle chose qui me soit arriv\u00e9e. Mais la<br \/>\nvie a eu rapidement raison de notre couple. Nous \u00e9tions jeunes et<br \/>\nsans doute, tout simplement, pas faits l\u2019un pour l\u2019autre\u201d.<\/p>\n<p>Les femmes qui ont partag\u00e9 la vie de<br \/>\nl\u00a0\u00bbancien international fran\u00e7ais<\/p>\n<p>Apr\u00e8s cette premi\u00e8re relation, Bixente Lizarazu a connu<br \/>\nplusieurs histoires marquantes. Entre 1999 et 2006, il partage la<br \/>\nvie de la <a href=\"https:\/\/www.closermag.fr\/people\/elsa-lunghini-que-devient-l-ex-de-bixente-lizarazu-1119235\" target=\"_blank\" rel=\"noopener\"><br \/>\nchanteuse Elsa Lunghini,<\/a> avant de tomber sous le charme de<br \/>\n<a href=\"https:\/\/www.closermag.fr\/people\/bixente-lizarazu-une-tres-rare-photo-du-sportif-avec-claire-keim-revelee-par-son-fils-1630141\" target=\"_blank\" rel=\"noopener\"><br \/>\nClaire Keim,<\/a> qu\u2019il rencontre lors d\u2019un concert des<br \/>\nEnfoir\u00e9s.<\/p>\n<p>Ensemble, <strong>ils accueilleront une fille, Uhaina<\/strong>,<br \/>\nn\u00e9e en 2008. Aujourd\u2019hui \u00e2g\u00e9e de 17 ans, la jeune fille grandit \u00e0<br \/>\nl\u2019abri des projecteurs, m\u00eame si ses parents \u00e9voquent parfois avec<br \/>\npudeur leur complicit\u00e9 et leur \u00e9quilibre familial entre Paris, la<br \/>\nBretagne et le Pays basque. Discret sur sa vie priv\u00e9e, Bixente<br \/>\nLizarazu partage pourtant, \u00e0 travers ses rares confidences, l\u2019image<br \/>\nd\u2019un homme apais\u00e9, fier de ses racines et de ses enfants.<\/p>\n","protected":false},"excerpt":{"rendered":"Ancienne gloire du football fran\u00e7ais et aujourd\u2019hui consultant sportif respect\u00e9, Bixente Lizarazu reste avant tout un p\u00e8re combl\u00e9.&hellip;\n","protected":false},"author":2,"featured_media":460567,"comment_status":"","ping_status":"","sticky":false,"template":"","format":"standard","meta":{"footnotes":""},"categories":[1359],"tags":[31875,58,59,1011,27,973],"class_list":{"0":"post-460566","1":"post","2":"type-post","3":"status-publish","4":"format-standard","5":"has-post-thumbnail","7":"category-people","8":"tag-bixente-lizarazu","9":"tag-divertissement","10":"tag-entertainment","11":"tag-fr","12":"tag-france","13":"tag-people"},"share_on_mastodon":{"url":"https:\/\/pubeurope.com\/@fr\/115368450178646869","error":""},"_links":{"self":[{"href":"https:\/\/www.europesays.com\/fr\/wp-json\/wp\/v2\/posts\/460566","targetHints":{"allow":["GET"]}}],"collection":[{"href":"https:\/\/www.europesays.com\/fr\/wp-json\/wp\/v2\/posts"}],"about":[{"href":"https:\/\/www.europesays.com\/fr\/wp-json\/wp\/v2\/types\/post"}],"author":[{"embeddable":true,"href":"https:\/\/www.europesays.com\/fr\/wp-json\/wp\/v2\/users\/2"}],"replies":[{"embeddable":true,"href":"https:\/\/www.europesays.com\/fr\/wp-json\/wp\/v2\/comments?post=460566"}],"version-history":[{"count":0,"href":"https:\/\/www.europesays.com\/fr\/wp-json\/wp\/v2\/posts\/460566\/revisions"}],"wp:featuredmedia":[{"embeddable":true,"href":"https:\/\/www.europesays.com\/fr\/wp-json\/wp\/v2\/media\/460567"}],"wp:attachment":[{"href":"https:\/\/www.europesays.com\/fr\/wp-json\/wp\/v2\/media?parent=460566"}],"wp:term":[{"taxonomy":"category","embeddable":true,"href":"https:\/\/www.europesays.com\/fr\/wp-json\/wp\/v2\/categories?post=460566"},{"taxonomy":"post_tag","embeddable":true,"href":"https:\/\/www.europesays.com\/fr\/wp-json\/wp\/v2\/tags?post=460566"}],"curies":[{"name":"wp","href":"https:\/\/api.w.org\/{rel}","templated":true}]}}