{"id":46059,"date":"2025-04-23T08:03:08","date_gmt":"2025-04-23T08:03:08","guid":{"rendered":"https:\/\/www.europesays.com\/fr\/46059\/"},"modified":"2025-04-23T08:03:08","modified_gmt":"2025-04-23T08:03:08","slug":"gregory-doucet-vole-a-son-secours-et-a-celui-de-la-liberte-academique","status":"publish","type":"post","link":"https:\/\/www.europesays.com\/fr\/46059\/","title":{"rendered":"Gr\u00e9gory Doucet vole \u00e0 son secours et \u00e0 celui de \u00ab\u00a0la libert\u00e9 acad\u00e9mique\u00a0\u00bb"},"content":{"rendered":"<p>Pr\u00e9sidente de l&rsquo;Universit\u00e9 Lyon 2 menac\u00e9e de mort : Gr\u00e9gory Doucet vole \u00e0 son secours et \u00e0 celui de \u00ab\u00a0la libert\u00e9 acad\u00e9mique\u00a0\u00bb &#8211; LyonMag<\/p>\n<p>La pr\u00e9sidente de l&rsquo;Universit\u00e9 Lyon 2, dans l&rsquo;oeil du cyclone pour avoir l\u00e2ch\u00e9 Fabrice Balanche, le ma\u00eetre de conf\u00e9rence dont le cours avait \u00e9t\u00e9 interrompu le 1er avril par des \u00e9tudiants, a re\u00e7u le soutien de <a href=\"https:\/\/www.lyonmag.com\/profil-personnalite-lyonnaise\/504\/gregory-doucet\" target=\"_blank\" rel=\"noopener\">Gr\u00e9gory Doucet<\/a> ce mardi.<\/p>\n<p>\u00ab\u00a0Les menaces de mort dont elle est victime sont intol\u00e9rables\u00a0\u00bb, \u00e9voque le maire de Lyon, qui qualifie \u00e9galement l&rsquo;intrusion dans le cours de Fabrice Balanche d&rsquo;atteinte \u00ab\u00a0inacceptable \u00e0 la libert\u00e9 d\u2019enseigner\u00a0\u00bb.<\/p>\n<p>\u00ab\u00a0La libert\u00e9 acad\u00e9mique est un pilier de notre d\u00e9mocratie. Elle implique la possibilit\u00e9 de d\u00e9battre, de critiquer, de produire du savoir, dans le respect du cadre r\u00e9publicain, des personnes et des institutions. Les enseignants comme les responsables universitaires doivent pouvoir exercer leurs missions sereinement, \u00e0 l\u2019abri de toute pression ou menace. Les responsables politiques n\u2019ont pas \u00e0 remettre en cause, directement ou indirectement, la libert\u00e9 acad\u00e9mique comme la libre administration des universit\u00e9s\u00a0\u00bb, poursuit Gr\u00e9gory Doucet, prenant pour cible les nombreux \u00e9lus de droite et d&rsquo;extr\u00eame-droite qui ont r\u00e9clam\u00e9 la d\u00e9mission d&rsquo;Isabelle von Bueltzingsloewen la semaine derni\u00e8re.<\/p>\n<p>\u00ab\u00a0Dans un contexte national et international o\u00f9 certains cherchent \u00e0 instrumentaliser, \u00e0 affaiblir la science et la recherche ou \u00e0 en tirer un b\u00e9n\u00e9fice personnel, il est plus que jamais n\u00e9cessaire de d\u00e9fendre l\u2019universit\u00e9 comme lieu de d\u00e9bat, de transmission et d\u2019\u00e9mancipation\u00a0\u00bb, conclut le premier magistrat de Lyon.<\/p>\n","protected":false},"excerpt":{"rendered":"Pr\u00e9sidente de l&rsquo;Universit\u00e9 Lyon 2 menac\u00e9e de mort : Gr\u00e9gory Doucet vole \u00e0 son secours et \u00e0 celui&hellip;\n","protected":false},"author":2,"featured_media":46060,"comment_status":"","ping_status":"","sticky":false,"template":"","format":"standard","meta":{"footnotes":""},"categories":[4],"tags":[1111,11,2813,2190,1109,251,1112,2811,118,1011,27,1922,1110,1114,2428,2810,12,241,316,25,2812,517,800],"class_list":{"0":"post-46059","1":"post","2":"type-post","3":"status-publish","4":"format-standard","5":"has-post-thumbnail","7":"category-france","8":"tag-actu","9":"tag-actualites","10":"tag-article","11":"tag-asvel","12":"tag-breves","13":"tag-culture","14":"tag-depeches","15":"tag-economique","16":"tag-faits-divers","17":"tag-fr","18":"tag-france","19":"tag-info","20":"tag-informations","21":"tag-infos","22":"tag-lyon","23":"tag-lyonmag","24":"tag-news","25":"tag-ol","26":"tag-politique","27":"tag-republique-francaise","28":"tag-sociale","29":"tag-sport","30":"tag-transports"},"share_on_mastodon":{"url":"https:\/\/pubeurope.com\/@fr\/114386239794477413","error":""},"_links":{"self":[{"href":"https:\/\/www.europesays.com\/fr\/wp-json\/wp\/v2\/posts\/46059","targetHints":{"allow":["GET"]}}],"collection":[{"href":"https:\/\/www.europesays.com\/fr\/wp-json\/wp\/v2\/posts"}],"about":[{"href":"https:\/\/www.europesays.com\/fr\/wp-json\/wp\/v2\/types\/post"}],"author":[{"embeddable":true,"href":"https:\/\/www.europesays.com\/fr\/wp-json\/wp\/v2\/users\/2"}],"replies":[{"embeddable":true,"href":"https:\/\/www.europesays.com\/fr\/wp-json\/wp\/v2\/comments?post=46059"}],"version-history":[{"count":0,"href":"https:\/\/www.europesays.com\/fr\/wp-json\/wp\/v2\/posts\/46059\/revisions"}],"wp:featuredmedia":[{"embeddable":true,"href":"https:\/\/www.europesays.com\/fr\/wp-json\/wp\/v2\/media\/46060"}],"wp:attachment":[{"href":"https:\/\/www.europesays.com\/fr\/wp-json\/wp\/v2\/media?parent=46059"}],"wp:term":[{"taxonomy":"category","embeddable":true,"href":"https:\/\/www.europesays.com\/fr\/wp-json\/wp\/v2\/categories?post=46059"},{"taxonomy":"post_tag","embeddable":true,"href":"https:\/\/www.europesays.com\/fr\/wp-json\/wp\/v2\/tags?post=46059"}],"curies":[{"name":"wp","href":"https:\/\/api.w.org\/{rel}","templated":true}]}}