{"id":460594,"date":"2025-10-13T19:27:12","date_gmt":"2025-10-13T19:27:12","guid":{"rendered":"https:\/\/www.europesays.com\/fr\/460594\/"},"modified":"2025-10-13T19:27:12","modified_gmt":"2025-10-13T19:27:12","slug":"ayez-enfin-la-decence-de-vous-retirer-apres-le-proces-du-maire-pour-chantage-a-la-sextape-un-conseil-municipal-houleux-a-saint-etienne","status":"publish","type":"post","link":"https:\/\/www.europesays.com\/fr\/460594\/","title":{"rendered":"\u00ab\u00a0Ayez enfin la d\u00e9cence de vous retirer\u00a0\u00bb\u00a0: apr\u00e8s le proc\u00e8s du maire pour chantage \u00e0 la sextape, un conseil municipal houleux \u00e0 Saint-\u00c9tienne"},"content":{"rendered":"<p class=\"paragraph text_align_left lp-f-body-02\">Portes claqu\u00e9es, accusations et plainte en diffamation : le conseil municipal de Saint-\u00c9tienne, le premier depuis le proc\u00e8s du maire Ga\u00ebl Perdriau <a href=\"https:\/\/www.leparisien.fr\/faits-divers\/chantage-a-la-sextape-a-saint-etienne-jai-donne-mon-tarif-50-000-euros-affirme-lauteur-des-images-08-09-2022-OA2YZ64ZKVGCBGRQXD7DCIIHVE.php\" target=\"_blank\" rel=\"noreferrer nofollow noopener\">pour chantage \u00e0 la sextape<\/a>, a \u00e9t\u00e9 \u00e9maill\u00e9 de tensions ce lundi, l\u2019opposition lui demandant de se retirer sans attendre le jugement le 1er d\u00e9cembre.<\/p>\n<p class=\"paragraph text_align_left lp-f-body-02\">L\u2019\u00e9dile de 54 ans avait tenu \u00e0 pr\u00e9sider l\u2019assembl\u00e9e municipale, bien que les quatre groupes d\u2019opposition aient r\u00e9clam\u00e9 sa mise en retrait, au motif que <a href=\"https:\/\/www.leparisien.fr\/faits-divers\/proces-du-chantage-a-la-sextape-3-ans-de-prison-ferme-requis-contre-le-maire-de-saint-etienne-gael-perdriau-29-09-2025-KF63DPHEZNGPTK7IQUPDKYQGNQ.php?at_variant=link&amp;at_creation=Le%20Parisien&amp;at_campaign=Partage%20Twitter%20CM&amp;at_medium=Social%20media\" target=\"_blank\" rel=\"noreferrer nofollow noopener\">trois ans de prison ferme et cinq ans d\u2019in\u00e9ligibilit\u00e9 ont \u00e9t\u00e9 requis<\/a> contre lui fin septembre devant le tribunal correctionnel de Lyon.<\/p>\n<p class=\"paragraph text_align_left lp-f-body-02\">\u00ab Vous continuez \u00e0 salir l\u2019opposition, la presse, les policiers, la justice \u00bb, lui a lanc\u00e9 l\u2019\u00e9lue socialiste Isabelle Dumestre. \u00ab Vous vous accaparez cette collectivit\u00e9 comme si elle \u00e9tait l\u00e0 pour servir vos int\u00e9r\u00eats. Vous vous en servez comme d\u2019un bouclier pour affirmer, cach\u00e9 derri\u00e8re, que vous \u00eates innocent \u00bb, a-t-elle encore assen\u00e9.<\/p>\n<p>\u00ab Vous n\u2019\u00eates plus l\u00e9gitime \u00bb<\/p>\n<p class=\"paragraph text_align_left lp-f-body-02\">\u00ab Pour nous, vous n\u2019\u00eates plus l\u00e9gitime depuis trois ans. Ayez enfin la d\u00e9cence de vous retirer les quelques semaines qui restent avant la d\u00e9cision de justice \u00bb, a continu\u00e9 le communiste Michel Nebout dans des propos rapport\u00e9s par le journal local <a href=\"https:\/\/www.leprogres.fr\/faits-divers-justice\/2025\/10\/13\/suivez-le-premier-conseil-municipal-de-saint-etienne-depuis-le-proces-perdriau\" target=\"_blank\" rel=\"noreferrer nofollow noopener\">Le Progr\u00e8s<\/a> \u2013 le jugement de Ga\u00ebl Perdriau sera rendu le 1er d\u00e9cembre.<\/p>\n<p class=\"paragraph text_align_left lp-f-body-02\">Face au refus de <a href=\"https:\/\/www.leparisien.fr\/faits-divers\/ma-grande-force-cest-mon-innocence-le-maire-de-saint-etienne-face-aux-accusations-de-chantage-a-la-sextape-21-09-2025-MC5F7K4UAVFRJABXL3323WU6GE.php\" target=\"_blank\" rel=\"noreferrer nofollow noopener\">Ga\u00ebl Perdriau (ex-LR)<\/a> de s\u2019effacer, les groupes communistes et PS-DVG ont quitt\u00e9 le conseil municipal. \u00ab Votre d\u00e9part montre que vous n\u2019en avez rien \u00e0 fiche finalement des d\u00e9cisions qui concernent les St\u00e9phanoises et les St\u00e9phanois \u00bb, leur a lanc\u00e9 le maire tr\u00e8s combatif.<\/p>\n<p class=\"paragraph text_align_left lp-f-body-02\"><a href=\"https:\/\/www.leparisien.fr\/faits-divers\/affaire-de-la-sextape-a-saint-etienne-le-poker-menteur-des-prevenus-face-a-leur-victime-22-09-2025-CGMAALEVLJF7TFLYTOLTP5MTFU.php\" target=\"_blank\" rel=\"noreferrer nofollow noopener\">Ga\u00ebl Perdriau<\/a> a aussi accus\u00e9 l\u2019ancien d\u00e9put\u00e9 Regis Juanico, candidat socialiste pour l\u2019\u00e9lection municipale \u00e0 Saint-\u00c9tienne en mars, d\u2019avoir \u00e9t\u00e9 au courant de l\u2019existence de la sextape avant sa r\u00e9v\u00e9lation dans Mediapart en 2022 et d\u2019avoir menti aux enqu\u00eateurs sur ce point. La r\u00e9ponse de ce dernier ne s\u2019est pas fait attendre. Dans un communiqu\u00e9, il a annonc\u00e9 avoir demand\u00e9 \u00e0 son \u00ab avocat de d\u00e9poser plainte contre Monsieur Perdriau pour diffamation \u00bb.<\/p>\n","protected":false},"excerpt":{"rendered":"Portes claqu\u00e9es, accusations et plainte en diffamation : le conseil municipal de Saint-\u00c9tienne, le premier depuis le proc\u00e8s&hellip;\n","protected":false},"author":2,"featured_media":460595,"comment_status":"","ping_status":"","sticky":false,"template":"","format":"standard","meta":{"footnotes":""},"categories":[9653],"tags":[1111,11,2430,459,1777,674,1011,27,12,316,25,4001],"class_list":{"0":"post-460594","1":"post","2":"type-post","3":"status-publish","4":"format-standard","5":"has-post-thumbnail","7":"category-saint-etienne","8":"tag-actu","9":"tag-actualites","10":"tag-auvergne-rhone-alpes","11":"tag-departements-horsidfo","12":"tag-eu","13":"tag-europe","14":"tag-fr","15":"tag-france","16":"tag-news","17":"tag-politique","18":"tag-republique-francaise","19":"tag-saint-etienne"},"share_on_mastodon":{"url":"https:\/\/pubeurope.com\/@fr\/115368509011349891","error":""},"_links":{"self":[{"href":"https:\/\/www.europesays.com\/fr\/wp-json\/wp\/v2\/posts\/460594","targetHints":{"allow":["GET"]}}],"collection":[{"href":"https:\/\/www.europesays.com\/fr\/wp-json\/wp\/v2\/posts"}],"about":[{"href":"https:\/\/www.europesays.com\/fr\/wp-json\/wp\/v2\/types\/post"}],"author":[{"embeddable":true,"href":"https:\/\/www.europesays.com\/fr\/wp-json\/wp\/v2\/users\/2"}],"replies":[{"embeddable":true,"href":"https:\/\/www.europesays.com\/fr\/wp-json\/wp\/v2\/comments?post=460594"}],"version-history":[{"count":0,"href":"https:\/\/www.europesays.com\/fr\/wp-json\/wp\/v2\/posts\/460594\/revisions"}],"wp:featuredmedia":[{"embeddable":true,"href":"https:\/\/www.europesays.com\/fr\/wp-json\/wp\/v2\/media\/460595"}],"wp:attachment":[{"href":"https:\/\/www.europesays.com\/fr\/wp-json\/wp\/v2\/media?parent=460594"}],"wp:term":[{"taxonomy":"category","embeddable":true,"href":"https:\/\/www.europesays.com\/fr\/wp-json\/wp\/v2\/categories?post=460594"},{"taxonomy":"post_tag","embeddable":true,"href":"https:\/\/www.europesays.com\/fr\/wp-json\/wp\/v2\/tags?post=460594"}],"curies":[{"name":"wp","href":"https:\/\/api.w.org\/{rel}","templated":true}]}}