{"id":460598,"date":"2025-10-13T19:29:40","date_gmt":"2025-10-13T19:29:40","guid":{"rendered":"https:\/\/www.europesays.com\/fr\/460598\/"},"modified":"2025-10-13T19:29:40","modified_gmt":"2025-10-13T19:29:40","slug":"seichamps-elections-au-conseil-municipal-des-jeunes","status":"publish","type":"post","link":"https:\/\/www.europesays.com\/fr\/460598\/","title":{"rendered":"Seichamps. Elections au conseil municipal des jeunes"},"content":{"rendered":"<p>Le conseil municipal des jeunes vient de renouveler deux de ses membres. Cinq jeunes \u00e9taient en lice.<\/p>\n<p>Avec 150 votants de CM1 et CM2, des \u00e9lections tr\u00e8s d\u00e9mocratiques se sont d\u00e9roul\u00e9es \u00e0 l\u2019\u00e9cole Georges-de-La- Tour constituant un bel apprentissage de la citoyennet\u00e9. Le bureau de vote \u00e9tait tenu par les membres du CMJ sous la responsabilit\u00e9 de Thomas Maxant, animateur r\u00e9f\u00e9rent.<\/p>\n<p>Le CMJ se r\u00e9unit tous les samedis main \u00e0 l\u2019accueil-jeunes pour \u00e9laborer des projets et pr\u00e9parer leur r\u00e9alisation. Deux candidates ont \u00e9t\u00e9 \u00e9lues\u00a0: Aya Bouguerra en CM1 et Camille Martin en CM2.<\/p>\n","protected":false},"excerpt":{"rendered":"Le conseil municipal des jeunes vient de renouveler deux de ses membres. Cinq jeunes \u00e9taient en lice. Avec&hellip;\n","protected":false},"author":2,"featured_media":460599,"comment_status":"","ping_status":"","sticky":false,"template":"","format":"standard","meta":{"footnotes":""},"categories":[9635],"tags":[1111,11,1704,1057,1777,674,1011,27,775,10425,11362,1702,12,25,13654],"class_list":{"0":"post-460598","1":"post","2":"type-post","3":"status-publish","4":"format-standard","5":"has-post-thumbnail","7":"category-nancy","8":"tag-actu","9":"tag-actualites","10":"tag-edition-nancy-et-agglomeration","11":"tag-education","12":"tag-eu","13":"tag-europe","14":"tag-fr","15":"tag-france","16":"tag-grand-est","17":"tag-maternelle-elementaire","18":"tag-metropole-du-grand-nancy-54b3","19":"tag-nancy","20":"tag-news","21":"tag-republique-francaise","22":"tag-seichamps"},"share_on_mastodon":{"url":"https:\/\/pubeurope.com\/@fr\/115368516906868105","error":""},"_links":{"self":[{"href":"https:\/\/www.europesays.com\/fr\/wp-json\/wp\/v2\/posts\/460598","targetHints":{"allow":["GET"]}}],"collection":[{"href":"https:\/\/www.europesays.com\/fr\/wp-json\/wp\/v2\/posts"}],"about":[{"href":"https:\/\/www.europesays.com\/fr\/wp-json\/wp\/v2\/types\/post"}],"author":[{"embeddable":true,"href":"https:\/\/www.europesays.com\/fr\/wp-json\/wp\/v2\/users\/2"}],"replies":[{"embeddable":true,"href":"https:\/\/www.europesays.com\/fr\/wp-json\/wp\/v2\/comments?post=460598"}],"version-history":[{"count":0,"href":"https:\/\/www.europesays.com\/fr\/wp-json\/wp\/v2\/posts\/460598\/revisions"}],"wp:featuredmedia":[{"embeddable":true,"href":"https:\/\/www.europesays.com\/fr\/wp-json\/wp\/v2\/media\/460599"}],"wp:attachment":[{"href":"https:\/\/www.europesays.com\/fr\/wp-json\/wp\/v2\/media?parent=460598"}],"wp:term":[{"taxonomy":"category","embeddable":true,"href":"https:\/\/www.europesays.com\/fr\/wp-json\/wp\/v2\/categories?post=460598"},{"taxonomy":"post_tag","embeddable":true,"href":"https:\/\/www.europesays.com\/fr\/wp-json\/wp\/v2\/tags?post=460598"}],"curies":[{"name":"wp","href":"https:\/\/api.w.org\/{rel}","templated":true}]}}