{"id":460603,"date":"2025-10-13T19:32:40","date_gmt":"2025-10-13T19:32:40","guid":{"rendered":"https:\/\/www.europesays.com\/fr\/460603\/"},"modified":"2025-10-13T19:32:40","modified_gmt":"2025-10-13T19:32:40","slug":"la-ligne-3-du-tram-interrompue-deux-semaines","status":"publish","type":"post","link":"https:\/\/www.europesays.com\/fr\/460603\/","title":{"rendered":"la ligne 3 du tram interrompue deux semaines"},"content":{"rendered":"<p><strong>La circulation du tramway sera interrompue entre Port Marianne, P\u00e9rols et Lattes, du 18 octobre au 2 novembre 2025. Une coupure n\u00e9cessaire pour la construction de la future station Boirargues.<\/strong><\/p>\n<p><img fetchpriority=\"high\" decoding=\"async\" width=\"1200\" height=\"675\" src=\"https:\/\/www.europesays.com\/fr\/wp-content\/uploads\/2025\/10\/tram-ligne-3.png\" alt=\"\u00c0 Montpellier, le tramway ligne 3 sera coup\u00e9 entre Port Marianne et P\u00e9rols pendant deux semaines en octobre.\"  \/><\/p>\n<p>La nouvelle station Boirargues ouvrira le 14 janvier 2026 et desservira la zone commerciale du Solis. \u00a9 Ludovic Severac \u2013 Ville et M\u00e9tropole de Montpellier<\/p>\n<p>Interruption partielle du tramway \u00e0 Montpellier. TaM annonce la<strong> suspension du service <\/strong>sur une portion de la <strong>ligne 3<\/strong>, <strong>du samedi 18 octobre au dimanche 2 novembre 2025<\/strong> inclus, entre la station <strong>Port Marianne<\/strong> et les terminus <strong>Lattes-Centre et P\u00e9rols \u00c9tang de l\u2019Or<\/strong>. Le tram circulera uniquement entre Juvignac et Port Marianne durant ces deux semaines <a href=\"https:\/\/www.lejournaltoulousain.fr\/occitanie\/herault\/montpellier\/ligne-3-tramway-chantier-nouvelle-station-boirargues-montpellier-335041\/\" data-type=\"post\" data-id=\"335041\" rel=\"nofollow noopener\" target=\"_blank\">pour des travaux<\/a>.<\/p>\n<p>Ligne 3 : une nouvelle station en construction<\/p>\n<p>Cette interruption est n\u00e9cessaire pour la construction de la <strong>nouvelle station Boirargues<\/strong>, situ\u00e9e<strong> entre les arr\u00eats Pablo Picasso et l\u2019actuelle Boirargues<\/strong>, qui sera renomm\u00e9e Soriech. Sa mise en service est pr\u00e9vue le 14 janvier 2026. Elle desservira<strong> la zone commerciale du Solis<\/strong>.<\/p>\n<p>Les op\u00e9rations porteront sur <strong>\u00ab\u00a0l\u2019installation des nez de quais, le d\u00e9ploiement des c\u00e2bles d\u2019alimentation \u00e9lectrique de la station, ainsi que des interventions sur la ligne a\u00e9rienne de contact et le levage de m\u00e2ts qui la soutiendront\u00a0\u00bb<\/strong>, explique TaM dans un communiqu\u00e9.<\/p>\n<p>Des stations de tramway non desservies<\/p>\n<p>Pendant les travaux, <strong>huit stations ne seront pas desservies\u00a0<\/strong>: Pablo Picasso, Boirargues, Cougourlude, Lattes-Centre, \u00c9coP\u00f4le, Parc Expo, P\u00e9rols-Centre et P\u00e9rols \u00c9tang de l\u2019Or.<\/p>\n<p><strong>Des navettes de bus <\/strong>remplaceront le tram afin de desservir ces stations <a href=\"https:\/\/www.tam-voyages.com\/horaires\/?rub_code=23\" target=\"_blank\" data-type=\"link\" data-id=\"https:\/\/www.tam-voyages.com\/horaires\/?rub_code=23\" rel=\"noopener nofollow\">aux m\u00eames horaires que la ligne 3<\/a>, selon les horaires des vacances scolaires. La station P\u00e9rols-Centre sera quant \u00e0 elle desservie par <strong>un transport \u00e0 la demande<\/strong>, disponible sur r\u00e9servation au 04\u00a067\u00a022\u00a087\u00a087, au plus tard une heure avant le d\u00e9part.<\/p>\n<p>Un impact limit\u00e9 pendant les vacances<\/p>\n<p>Les travaux ont \u00e9t\u00e9 programm\u00e9s \u00ab\u00a0durant les vacances scolaires afin de<strong> limiter la g\u00eane occasionn\u00e9e<\/strong>\u00a0\u00bb, pr\u00e9cise TaM. En parall\u00e8le, <strong>le chemin de Soriech sera rouvert \u00e0 la circulation automobile<\/strong> (hors poids lourds) dans le sens Montpellier vers Lattes, \u00e0 compter du 18 octobre.<\/p>\n","protected":false},"excerpt":{"rendered":"La circulation du tramway sera interrompue entre Port Marianne, P\u00e9rols et Lattes, du 18 octobre au 2 novembre&hellip;\n","protected":false},"author":2,"featured_media":460604,"comment_status":"","ping_status":"","sticky":false,"template":"","format":"standard","meta":{"footnotes":""},"categories":[9599],"tags":[1111,11,1777,674,1011,27,2208,58504,12,2680,25],"class_list":{"0":"post-460603","1":"post","2":"type-post","3":"status-publish","4":"format-standard","5":"has-post-thumbnail","7":"category-montpellier","8":"tag-actu","9":"tag-actualites","10":"tag-eu","11":"tag-europe","12":"tag-fr","13":"tag-france","14":"tag-montpellier","15":"tag-montpellier-la-ligne-3-du-tramway-interrompue-deux-semaines","16":"tag-news","17":"tag-occitanie","18":"tag-republique-francaise"},"share_on_mastodon":{"url":"https:\/\/pubeurope.com\/@fr\/115368528809488217","error":""},"_links":{"self":[{"href":"https:\/\/www.europesays.com\/fr\/wp-json\/wp\/v2\/posts\/460603","targetHints":{"allow":["GET"]}}],"collection":[{"href":"https:\/\/www.europesays.com\/fr\/wp-json\/wp\/v2\/posts"}],"about":[{"href":"https:\/\/www.europesays.com\/fr\/wp-json\/wp\/v2\/types\/post"}],"author":[{"embeddable":true,"href":"https:\/\/www.europesays.com\/fr\/wp-json\/wp\/v2\/users\/2"}],"replies":[{"embeddable":true,"href":"https:\/\/www.europesays.com\/fr\/wp-json\/wp\/v2\/comments?post=460603"}],"version-history":[{"count":0,"href":"https:\/\/www.europesays.com\/fr\/wp-json\/wp\/v2\/posts\/460603\/revisions"}],"wp:featuredmedia":[{"embeddable":true,"href":"https:\/\/www.europesays.com\/fr\/wp-json\/wp\/v2\/media\/460604"}],"wp:attachment":[{"href":"https:\/\/www.europesays.com\/fr\/wp-json\/wp\/v2\/media?parent=460603"}],"wp:term":[{"taxonomy":"category","embeddable":true,"href":"https:\/\/www.europesays.com\/fr\/wp-json\/wp\/v2\/categories?post=460603"},{"taxonomy":"post_tag","embeddable":true,"href":"https:\/\/www.europesays.com\/fr\/wp-json\/wp\/v2\/tags?post=460603"}],"curies":[{"name":"wp","href":"https:\/\/api.w.org\/{rel}","templated":true}]}}