{"id":460605,"date":"2025-10-13T19:33:14","date_gmt":"2025-10-13T19:33:14","guid":{"rendered":"https:\/\/www.europesays.com\/fr\/460605\/"},"modified":"2025-10-13T19:33:14","modified_gmt":"2025-10-13T19:33:14","slug":"montpellier-deux-personnes-interpellees-pour-avoir-menace-passants-et-policiers","status":"publish","type":"post","link":"https:\/\/www.europesays.com\/fr\/460605\/","title":{"rendered":"Montpellier : deux personnes interpell\u00e9es pour avoir menac\u00e9 passants et policiers"},"content":{"rendered":"<p>Le deuxi\u00e8me incident se d\u00e9roule le m\u00eame jour, \u00e0 18h25, place de la Com\u00e9die. Une patrouille de la police municipale est apostroph\u00e9e par une femme dans un \u00e9tat quasi second qui, \u00e0 plusieurs reprises, crie \u201cAllah Akbar\u201d et indique vouloir tuer des policiers, tout en gardant sa main plong\u00e9e dans un large sac. Les policiers parviennent \u00e0 l\u2019interpeller sans incident. Aucun objet dangereux n\u2019est retrouv\u00e9 dans son sac et elle refuse \u00e9galement de s\u2019expliquer sur les faits.\u00a0Dans le cadre de sa garde \u00e0 vue, elle a fait l\u2019objet d\u2019une analyse psychiatrique qui a men\u00e9 \u00e0 son hospitalisation d\u2019office \u00e0 l\u2019H\u00f4pital La Colombi\u00e8re<\/p>\n","protected":false},"excerpt":{"rendered":"Le deuxi\u00e8me incident se d\u00e9roule le m\u00eame jour, \u00e0 18h25, place de la Com\u00e9die. Une patrouille de la&hellip;\n","protected":false},"author":2,"featured_media":417342,"comment_status":"","ping_status":"","sticky":false,"template":"","format":"standard","meta":{"footnotes":""},"categories":[9599],"tags":[1111,11,1777,674,1011,27,2208,12,2680,25],"class_list":{"0":"post-460605","1":"post","2":"type-post","3":"status-publish","4":"format-standard","5":"has-post-thumbnail","7":"category-montpellier","8":"tag-actu","9":"tag-actualites","10":"tag-eu","11":"tag-europe","12":"tag-fr","13":"tag-france","14":"tag-montpellier","15":"tag-news","16":"tag-occitanie","17":"tag-republique-francaise"},"share_on_mastodon":{"url":"https:\/\/pubeurope.com\/@fr\/115368532826186464","error":""},"_links":{"self":[{"href":"https:\/\/www.europesays.com\/fr\/wp-json\/wp\/v2\/posts\/460605","targetHints":{"allow":["GET"]}}],"collection":[{"href":"https:\/\/www.europesays.com\/fr\/wp-json\/wp\/v2\/posts"}],"about":[{"href":"https:\/\/www.europesays.com\/fr\/wp-json\/wp\/v2\/types\/post"}],"author":[{"embeddable":true,"href":"https:\/\/www.europesays.com\/fr\/wp-json\/wp\/v2\/users\/2"}],"replies":[{"embeddable":true,"href":"https:\/\/www.europesays.com\/fr\/wp-json\/wp\/v2\/comments?post=460605"}],"version-history":[{"count":0,"href":"https:\/\/www.europesays.com\/fr\/wp-json\/wp\/v2\/posts\/460605\/revisions"}],"wp:featuredmedia":[{"embeddable":true,"href":"https:\/\/www.europesays.com\/fr\/wp-json\/wp\/v2\/media\/417342"}],"wp:attachment":[{"href":"https:\/\/www.europesays.com\/fr\/wp-json\/wp\/v2\/media?parent=460605"}],"wp:term":[{"taxonomy":"category","embeddable":true,"href":"https:\/\/www.europesays.com\/fr\/wp-json\/wp\/v2\/categories?post=460605"},{"taxonomy":"post_tag","embeddable":true,"href":"https:\/\/www.europesays.com\/fr\/wp-json\/wp\/v2\/tags?post=460605"}],"curies":[{"name":"wp","href":"https:\/\/api.w.org\/{rel}","templated":true}]}}