{"id":460606,"date":"2025-10-13T19:34:19","date_gmt":"2025-10-13T19:34:19","guid":{"rendered":"https:\/\/www.europesays.com\/fr\/460606\/"},"modified":"2025-10-13T19:34:19","modified_gmt":"2025-10-13T19:34:19","slug":"photos-60-gendarmes-et-des-milliers-de-vehicules-controles-sur-lautoroute-a-28-en-seine-maritime","status":"publish","type":"post","link":"https:\/\/www.europesays.com\/fr\/460606\/","title":{"rendered":"PHOTOS. 60 gendarmes et des milliers de v\u00e9hicules contr\u00f4l\u00e9s sur l\u2019autoroute A 28 en Seine-Maritime"},"content":{"rendered":"<p>            Par<br \/>\n        <strong><br \/>\n            <a href=\"https:\/\/actu.fr\/auteur\/sebastien-aliome\" title=\"Consulter tous les articles de S\u00e9bastien Aliome\" target=\"_blank\" rel=\"noopener\">S\u00e9bastien Aliome<\/a><br \/>\n        <\/strong><\/p>\n<p>        Publi\u00e9 le<\/p>\n<p>            13 oct. 2025 \u00e0 11h09        <\/p>\n<p>Une op\u00e9ration de <a href=\"https:\/\/actu.fr\/tag\/gendarmerie\" target=\"_blank\" rel=\"noopener\">gendarmerie<\/a> d\u2019envergure a \u00e9t\u00e9 r\u00e9alis\u00e9e ce lundi 13\u00a0octobre 2025 sur l\u2019autoroute A 28, au niveau de l\u2019aire du Bois du Coudroy entre <b>Blangy-sur-Bresle<\/b> et <a href=\"https:\/\/actu.fr\/normandie\/neufchatel-en-bray_76462\" target=\"_blank\" rel=\"noopener\">Neufch\u00e2tel-en-Bray<\/a> (<b>Seine-Maritime<\/b>). Plusieurs milliers de v\u00e9hicules ont \u00e9t\u00e9 contr\u00f4l\u00e9s.<\/p>\n<p>Contr\u00f4ler les flux qui entrent en Seine-Maritime<\/p>\n<p class=\" wall-content\"><a href=\"https:\/\/actu.fr\/tag\/permis-de-conduire\" target=\"_blank\" rel=\"noopener\">Permis de conduire<\/a>, cartes grises, alcool\u00e9mie, <b>contr\u00f4les de stup\u00e9fiants<\/b>, v\u00e9rification des coffres\u2026 Les <b>gendarmes<\/b>, mais aussi des agents de l\u2019Urssaf \u00e9taient mobilis\u00e9s d\u00e8s 7\u2009h du matin sur l\u2019<a href=\"https:\/\/actu.fr\/tag\/autoroute-28-a28\" target=\"_blank\" rel=\"noopener\">autoroute A 28<\/a> dans le sens Blangy-Rouen.<\/p>\n<p>    <img   decoding=\"async\" loading=\"lazy\" class=\"size-large\" src=\"https:\/\/www.europesays.com\/fr\/wp-content\/uploads\/2025\/10\/f419986ebce864919986ebce84d199v-960x640.jpg\" alt=\"Les v\u00e9hicules \u00e9taient d\u00e9vi\u00e9s sur cette aire de repos de l'autoroute A 28.\" width=\"960\" height=\"640\"\/><br \/>\n    Les v\u00e9hicules \u00e9taient d\u00e9vi\u00e9s sur cette aire de repos de l\u2019autoroute A 28. \u00a9Le R\u00e9veil<\/p>\n<p class=\" wall-content\">Pour cette op\u00e9ration de tr\u00e8s grande envergure, l\u2019autoroute avait \u00e9t\u00e9 d\u00e9vi\u00e9e \u00e0 la <b>circulation<\/b>. L\u2019ensemble des v\u00e9hicules devaient donc passer par l\u2019aire de repos o\u00f9 les attendaient pr\u00e8s de 60 gendarmes, dont des brigades cynophiles.<\/p>\n<p>    <img   decoding=\"async\" loading=\"lazy\" class=\"size-large\" src=\"https:\/\/www.europesays.com\/fr\/wp-content\/uploads\/2025\/10\/de2d486ebce86c23d486ebce8b63d4v-960x640.jpg\" alt=\"Les chiens de la brigade cinophile \u00e9taient pr\u00e9sents lors de l'intervention.\" width=\"960\" height=\"640\"\/><br \/>\n    Les chiens de la brigade cynophile \u00e9taient pr\u00e9sents lors de l\u2019intervention. \u00a9Le R\u00e9veil<\/p>\n<p class=\" wall-content\">\u00ab\u2009Ce grand d\u00e9ploiement est organis\u00e9 par le peloton d\u2019escadron d\u00e9partemental afin de contr\u00f4ler les flux qui entrent en Seine-Maritime. Une autre op\u00e9ration est men\u00e9e en m\u00eame temps sur l\u2019aire de Bolleville, pr\u00e8s du\u00a0Havre\u2009\u00bb nous expliquait <b>Paul Baylac-Choulet<\/b>, commandant de la compagnie de gendarmerie de Neufch\u00e2tel-en-Bray.<\/p>\n<p>Vid\u00e9os : en ce moment sur Actu<\/p>\n<p class=\" wall-content\">Camions, fourgonnettes, v\u00e9hicules l\u00e9gers, camping-cars, l\u2019ensemble des v\u00e9hicules faisaient l\u2019objet d\u2019un contr\u00f4le de la part des militaires qui pr\u00e9c\u00e9daient \u00e9galement \u00e0 des contr\u00f4les d\u2019<a href=\"https:\/\/actu.fr\/tag\/alcool\" target=\"_blank\" rel=\"noopener\">alcool\u00e9mie<\/a> et de consommation de stup\u00e9fiants.<\/p>\n<p>Votre r\u00e9gion, votre actu !<\/p>\n<p>Recevez chaque jour les infos qui comptent pour vous.<\/p>\n<p>\t<a href=\"https:\/\/actu.fr\/newsletter\" class=\"ac-btn ac-btn--corner ac-btn--medium ac-btn--blue800\" target=\"_blank\" rel=\"noopener\">S&rsquo;incrire<\/a><\/p>\n<p class=\" wall-content\">\u00ab\u2009N\u2019oublions jamais que la d\u00e9tention ou la prise de stup\u00e9fiants sont ill\u00e9gales et participent au narcotrafic\u2009\u00bb insistait la sous-pr\u00e9f\u00e8te de <a href=\"https:\/\/actu.fr\/normandie\/dieppe_76217\" target=\"_blank\" rel=\"noopener\">Dieppe<\/a>, Audrey Baconnais-Rosez.<\/p>\n<p>    <img   decoding=\"async\" loading=\"lazy\" class=\"size-large\" src=\"https:\/\/www.europesays.com\/fr\/wp-content\/uploads\/2025\/10\/1d6aa76ebce86f07aa76ebce8b47aav-960x640.jpg\" alt=\"Des contr\u00f4les d'alcool\u00e9mie ont \u00e9t\u00e9 r\u00e9alis\u00e9s par les gendarmes.\" width=\"960\" height=\"640\"\/><br \/>\n    Des contr\u00f4les d\u2019alcool\u00e9mie ont \u00e9t\u00e9 r\u00e9alis\u00e9s par les gendarmes. \u00a9Le R\u00e9veilLutter contre les comportements dangereux<\/p>\n<p class=\" wall-content\">D\u00e8s 7\u2009h du matin, un des conducteurs a d\u2019ailleurs \u00e9t\u00e9 contr\u00f4l\u00e9 positif au <b>test d\u2019alcool\u00e9mie<\/b>, tandis qu\u2019un autre \u00e9tait arr\u00eat\u00e9 pour d\u00e9tention de cannabis, h\u00e9ro\u00efne et ecstasy. Plus anecdotique, le <b>v\u00e9hicule de chasseurs<\/b> a aussi fait l\u2019objet d\u2019une attention toute particuli\u00e8re.<\/p>\n<p class=\" wall-content\">\u00ab\u2009On essaie d\u2019organiser ce genre d\u2019op\u00e9ration deux fois dans l\u2019ann\u00e9e, sachant que les patrouilles et tout le travail des gendarmes se poursuivent en m\u00eame temps sur l\u2019ensemble du territoire. C\u2019est tr\u00e8s important de mener \u00e0 bien \u00e0 ces actions et notamment aussi pour nos \u00e9quipes\u2009\u00bb soulignait le capitaine <b>Gilles Cherminier<\/b>, commandant en second de l\u2019escadron de contr\u00f4le des flux en <a href=\"https:\/\/actu.fr\/76actu\/\" target=\"_blank\" rel=\"noopener\">Seine-Maritime<\/a>.<\/p>\n<blockquote class=\"ac-article-quote wall-content\">\n<p>C\u2019est rassurant pour les automobilistes \u00e9galement et cela permet de lutter contre les comportements inacceptables sur la route et notamment sur un axe o\u00f9 \u00e7a roule beaucoup.<\/p>\n<p>Audrey Baconnais-Rosez<\/p><\/blockquote>\n<p>    <img   decoding=\"async\" loading=\"lazy\" class=\"size-large\" src=\"https:\/\/www.europesays.com\/fr\/wp-content\/uploads\/2025\/10\/4c546481cce8640646481cce844646v-960x640.jpg\" alt=\"L'op\u00e9ration de contr\u00f4le s'est d\u00e9roul\u00e9e sur l'ensemble de l'aire de repos de l'autoroute A 28.\" width=\"960\" height=\"640\"\/><br \/>\n    L\u2019op\u00e9ration de contr\u00f4le s\u2019est d\u00e9roul\u00e9e sur l\u2019ensemble de l\u2019aire de repos de l\u2019autoroute A 28. \u00a9Le R\u00e9veil<\/p>\n<p class=\" wall-content\">Les gendarmes \u00e9paul\u00e9s par des brigades cynophiles ou encore le peloton motoris\u00e9, mais aussi la direction des routes pour la d\u00e9viation temporaire de l\u2019autoroute, auront contr\u00f4l\u00e9 environ 1\u2009000 v\u00e9hicules par heure. \u00ab\u2009Nos chiens sont dress\u00e9s pour d\u00e9tecter les stup\u00e9fiants, les armes, les munitions et les billets de banque\u2009\u00bb nous d\u00e9taillait un agent de l\u2019\u00e9quipe sp\u00e9cialis\u00e9e d\u2019Evreux dans l\u2019Eure.<\/p>\n<p>    <img   decoding=\"async\" loading=\"lazy\" class=\"size-large\" src=\"https:\/\/www.europesays.com\/fr\/wp-content\/uploads\/2025\/10\/e16d686ebce86d56d686ebce8b96d6v-960x640.jpg\" alt=\"Touts types de v\u00e9hicules ont \u00e9t\u00e9 contr\u00f4l\u00e9s.\" width=\"960\" height=\"640\"\/><br \/>\n    Tous types de v\u00e9hicules ont \u00e9t\u00e9 contr\u00f4l\u00e9s. \u00a9Le R\u00e9veil<\/p>\n<p class=\" wall-content\">Viendra dans la foul\u00e9e l\u2019heure du bilan, m\u00eame si d\u00e9j\u00e0 sur place, plusieurs infractions, dont certaines importantes, ont \u00e9t\u00e9 constat\u00e9es.<\/p>\n<p class=\" wall-content\">Personnalisez votre actualit\u00e9 en ajoutant vos villes et m\u00e9dias en favori avec <a href=\"https:\/\/moncompte.actu.fr\" title=\"D\u00e9couvez Mon Actu\" rel=\"nofollow noopener\" data-trk=\"{&quot;cta&quot;:{&quot;action&quot;:&quot;https:\\\/\\\/moncompte.actu.fr&quot;,&quot;category&quot;:&quot;mon compte&quot;,&quot;from&quot;:&quot;article footer&quot;,&quot;name&quot;:&quot;Mon actu&quot;,&quot;type&quot;:&quot;cta&quot;}}\" target=\"_blank\">Mon Actu<\/a>.<\/p>\n","protected":false},"excerpt":{"rendered":"Par S\u00e9bastien Aliome Publi\u00e9 le 13 oct. 2025 \u00e0 11h09 Une op\u00e9ration de gendarmerie d\u2019envergure a \u00e9t\u00e9 r\u00e9alis\u00e9e&hellip;\n","protected":false},"author":2,"featured_media":460607,"comment_status":"","ping_status":"","sticky":false,"template":"","format":"standard","meta":{"footnotes":""},"categories":[9587],"tags":[1111,11,9611,1777,674,118,1011,27,3381,12,5161,10175,25,9590],"class_list":{"0":"post-460606","1":"post","2":"type-post","3":"status-publish","4":"format-standard","5":"has-post-thumbnail","7":"category-rouen","8":"tag-actu","9":"tag-actualites","10":"tag-autoroute-28-a28","11":"tag-eu","12":"tag-europe","13":"tag-faits-divers","14":"tag-fr","15":"tag-france","16":"tag-gendarmerie","17":"tag-news","18":"tag-normandie","19":"tag-pays-de-bray","20":"tag-republique-francaise","21":"tag-rouen"},"share_on_mastodon":{"url":"https:\/\/pubeurope.com\/@fr\/115368537682054337","error":""},"_links":{"self":[{"href":"https:\/\/www.europesays.com\/fr\/wp-json\/wp\/v2\/posts\/460606","targetHints":{"allow":["GET"]}}],"collection":[{"href":"https:\/\/www.europesays.com\/fr\/wp-json\/wp\/v2\/posts"}],"about":[{"href":"https:\/\/www.europesays.com\/fr\/wp-json\/wp\/v2\/types\/post"}],"author":[{"embeddable":true,"href":"https:\/\/www.europesays.com\/fr\/wp-json\/wp\/v2\/users\/2"}],"replies":[{"embeddable":true,"href":"https:\/\/www.europesays.com\/fr\/wp-json\/wp\/v2\/comments?post=460606"}],"version-history":[{"count":0,"href":"https:\/\/www.europesays.com\/fr\/wp-json\/wp\/v2\/posts\/460606\/revisions"}],"wp:featuredmedia":[{"embeddable":true,"href":"https:\/\/www.europesays.com\/fr\/wp-json\/wp\/v2\/media\/460607"}],"wp:attachment":[{"href":"https:\/\/www.europesays.com\/fr\/wp-json\/wp\/v2\/media?parent=460606"}],"wp:term":[{"taxonomy":"category","embeddable":true,"href":"https:\/\/www.europesays.com\/fr\/wp-json\/wp\/v2\/categories?post=460606"},{"taxonomy":"post_tag","embeddable":true,"href":"https:\/\/www.europesays.com\/fr\/wp-json\/wp\/v2\/tags?post=460606"}],"curies":[{"name":"wp","href":"https:\/\/api.w.org\/{rel}","templated":true}]}}