{"id":46061,"date":"2025-04-23T08:04:08","date_gmt":"2025-04-23T08:04:08","guid":{"rendered":"https:\/\/www.europesays.com\/fr\/46061\/"},"modified":"2025-04-23T08:04:08","modified_gmt":"2025-04-23T08:04:08","slug":"organisons-une-primaire-des-gauches-la-plus-large-possible-par-lucie-castets-liberation","status":"publish","type":"post","link":"https:\/\/www.europesays.com\/fr\/46061\/","title":{"rendered":"Organisons une primaire des gauches la plus large possible, par Lucie Castets \u2013 Lib\u00e9ration"},"content":{"rendered":"<p class=\"sc-cPiKLX AiZTS text-element\">Partout, en France, en Europe et dans le monde, la fascisation est rampante et les id\u00e9es d\u2019extr\u00eame droite gagnent du terrain, les digues sautent une \u00e0 une, tandis que les Fran\u00e7aises et les Fran\u00e7ais attendent des r\u00e9ponses \u00e0 leurs attentes l\u00e9gitimes de justice et de protection.<\/p>\n<p class=\"sc-cPiKLX AiZTS text-element\"><a href=\"https:\/\/www.liberation.fr\/idees-et-debats\/tribunes\/en-refusant-de-nommer-lucie-castets-macron-choisit-detre-lotage-du-rn-20240828_XHRLTFKLRBFE3OOXRFIAMUVD3E\/\" target=\"_self\" rel=\"noopener\" title=\"https:\/\/www.liberation.fr\/idees-et-debats\/tribunes\/en-refusant-de-nommer-lucie-castets-macron-choisit-detre-lotage-du-rn-20240828_XHRLTFKLRBFE3OOXRFIAMUVD3E\/\">En juillet dernier,<\/a> vous m\u2019avez d\u00e9sign\u00e9e pour devenir la Premi\u00e8re ministre issue du Nouveau Front populaire. Ce fut \u00e0 la fois un grand honneur et une immense responsabilit\u00e9, en premier lieu \u00e0 l\u2019\u00e9gard des \u00e9lectrices et \u00e9lecteurs qui ont vot\u00e9 pour vos partis lors des derni\u00e8res l\u00e9gislatives. C\u2019est aussi en pensant \u00e0 eux, et \u00e0 l\u2019ensemble des forces militantes qui se sont mobilis\u00e9es en juin dernier, que j\u2019\u00e9cris ces mots.<\/p>\n<p class=\"sc-cPiKLX AiZTS text-element\">A mon tour, je me tourne vers vous pour exercer une forme de \u00abdroit de suite\u00bb et porter un message que j\u2019entends, partout en France, de la part du peuple de gauche. La situation actuelle doit susciter un sursaut unitaire, car ce qui est en jeu d\u00e9sormais d\u00e9passe largement les querelles partisanes : il en va de notre mod\u00e8le de soci\u00e9t\u00e9, de la pr\u00e9servation des fondements m\u00eame de notre Etat de droit et de notre mod\u00e8le social, de l\u2019avenir de notr<\/p>\n","protected":false},"excerpt":{"rendered":"Partout, en France, en Europe et dans le monde, la fascisation est rampante et les id\u00e9es d\u2019extr\u00eame droite&hellip;\n","protected":false},"author":2,"featured_media":46062,"comment_status":"","ping_status":"","sticky":false,"template":"","format":"standard","meta":{"footnotes":""},"categories":[2],"tags":[11,1076,1011,27,13519,13520,12],"class_list":{"0":"post-46061","1":"post","2":"type-post","3":"status-publish","4":"format-standard","5":"has-post-thumbnail","7":"category-actualites","8":"tag-actualites","9":"tag-extreme-droite","10":"tag-fr","11":"tag-france","12":"tag-front-populaire","13":"tag-lucie-castets","14":"tag-news"},"share_on_mastodon":{"url":"https:\/\/pubeurope.com\/@fr\/114386243783350599","error":""},"_links":{"self":[{"href":"https:\/\/www.europesays.com\/fr\/wp-json\/wp\/v2\/posts\/46061","targetHints":{"allow":["GET"]}}],"collection":[{"href":"https:\/\/www.europesays.com\/fr\/wp-json\/wp\/v2\/posts"}],"about":[{"href":"https:\/\/www.europesays.com\/fr\/wp-json\/wp\/v2\/types\/post"}],"author":[{"embeddable":true,"href":"https:\/\/www.europesays.com\/fr\/wp-json\/wp\/v2\/users\/2"}],"replies":[{"embeddable":true,"href":"https:\/\/www.europesays.com\/fr\/wp-json\/wp\/v2\/comments?post=46061"}],"version-history":[{"count":0,"href":"https:\/\/www.europesays.com\/fr\/wp-json\/wp\/v2\/posts\/46061\/revisions"}],"wp:featuredmedia":[{"embeddable":true,"href":"https:\/\/www.europesays.com\/fr\/wp-json\/wp\/v2\/media\/46062"}],"wp:attachment":[{"href":"https:\/\/www.europesays.com\/fr\/wp-json\/wp\/v2\/media?parent=46061"}],"wp:term":[{"taxonomy":"category","embeddable":true,"href":"https:\/\/www.europesays.com\/fr\/wp-json\/wp\/v2\/categories?post=46061"},{"taxonomy":"post_tag","embeddable":true,"href":"https:\/\/www.europesays.com\/fr\/wp-json\/wp\/v2\/tags?post=46061"}],"curies":[{"name":"wp","href":"https:\/\/api.w.org\/{rel}","templated":true}]}}