{"id":460644,"date":"2025-10-13T19:56:11","date_gmt":"2025-10-13T19:56:11","guid":{"rendered":"https:\/\/www.europesays.com\/fr\/460644\/"},"modified":"2025-10-13T19:56:11","modified_gmt":"2025-10-13T19:56:11","slug":"lenquete-confiee-au-pole-antiterroriste","status":"publish","type":"post","link":"https:\/\/www.europesays.com\/fr\/460644\/","title":{"rendered":"l\u2019enqu\u00eate confi\u00e9e au p\u00f4le antiterroriste"},"content":{"rendered":"<p>\n    Influenceur chr\u00e9tien sur la toile, Ashur Sarnaya a \u00e9t\u00e9 tu\u00e9 le 10 septembre au pied de son immeuble. Arr\u00eat\u00e9 en Italie, un suspect alg\u00e9rien doit \u00eatre extrad\u00e9. Il s\u2019agit du troisi\u00e8me attentat islamiste en France en 2025.<\/p>\n<p class=\"fig-paragraph\">Chr\u00e9tien d\u2019Irak, Ashur Sarnaya, 45ans, avait fui la terreur de Daech et quitt\u00e9 son pays depuis de longues ann\u00e9es en esp\u00e9rant trouver la paix et la s\u00e9curit\u00e9 en France.\u00a0<a href=\"http:\/\/www.lefigaro.fr\/lyon\/qui-etait-ashur-sarnaya-ce-chretien-irakien-poignarde-a-mort-dans-son-fauteuil-roulant-durant-un-live-tiktok-a-lyon-20250912\" data-fig-type=\"NewsFlash\" data-gtm-custom-categorie=\"navigation\" data-gtm-custom-action=\"crossclick\" data-gtm-custom-label=\"Contextuel\" data-gtm-event=\"customEventSPE\" data-fig-domain=\"LEFIGARO\" rel=\"nofollow noopener\" target=\"_blank\">Le 10 septembre<\/a>, il est mort \u00e9gorg\u00e9 par un terroriste islamiste en bas de son immeuble lyonnais. Apr\u00e8s des semaines de soup\u00e7ons n\u00e9s d\u00e8s le d\u00e9but des investigations, il appara\u00eet bien en effet que cet handicap\u00e9 et influenceur chr\u00e9tien sur la toile a \u00e9t\u00e9 la victime du troisi\u00e8me attentat islamiste perp\u00e9tr\u00e9 en France en 2025 apr\u00e8s les\u00a0<a href=\"http:\/\/www.lefigaro.fr\/actualite-france\/derriere-l-attaque-au-couteau-d-apt-les-cas-psychiatriques-un-casse-tete-pour-l-antiterrorisme-20250126\" data-fig-type=\"Article\" data-gtm-custom-categorie=\"navigation\" data-gtm-custom-action=\"crossclick\" data-gtm-custom-label=\"Contextuel\" data-gtm-event=\"customEventSPE\" data-fig-domain=\"LEFIGARO\" rel=\"nofollow noopener\" target=\"_blank\">attaques d\u2019Apt<\/a>\u00a0le 25 janvier et\u00a0<a href=\"http:\/\/www.lefigaro.fr\/actualite-france\/attentat-de-mulhouse-brahim-abdessemed-s-est-dechaine-sur-ses-victimes-20250224\" data-fig-type=\"Article\" data-gtm-custom-categorie=\"navigation\" data-gtm-custom-action=\"crossclick\" data-gtm-custom-label=\"Contextuel\" data-gtm-event=\"customEventSPE\" data-fig-domain=\"LEFIGARO\" rel=\"nofollow noopener\" target=\"_blank\">de Mulhouse<\/a>\u00a0le 22 f\u00e9vrier.<\/p>\n<p class=\"fig-paragraph\">Le 9 octobre, le p\u00f4le antiterroriste de l\u2019instruction du tribunal judiciaire de Paris s\u2019est saisi de l\u2019affaire pour \u00ab assassinat en relation avec une entreprise terroriste\u00a0\u00bb et \u00ab association de malfaiteurs terroriste\u00a0\u00bb. Le 13 octobre, un communiqu\u00e9 commun du parquet de Lyon et du parquet national antiterroriste a \u00e9voqu\u00e9 les \u00abderni\u00e8res avanc\u00e9es intervenues sur commission rogatoire\u00bb.<\/p>\n<p>                                    <a class=\"fig-a11y-skip a11y-hidden\" href=\"#fig-a11y-skip-main-inarticle\"><br \/>\n        Passer la publicit\u00e9<br \/>\n    <\/a><\/p>\n<p class=\"fig-paragraph\">La justice fran\u00e7aise attend \u00e0 pr\u00e9sent l\u2019extradition du suspect de ce crime, un Alg\u00e9rien de 37 ans interpell\u00e9 le 2 octobre \u00e0 Andria (r\u00e9gion des Pouilles, au sud de la botte italienne) apr\u00e8s une cavale et une traque de plus de trois semaines. Identifi\u00e9 par des investigations techniques et rep\u00e9r\u00e9 aux environs imm\u00e9diats des lieux du drame, l\u2019homme, connu de la police et de la justice, \u00e9tait vis\u00e9 par un mandat d\u2019arr\u00eat europ\u00e9en pour meurtre avec pr\u00e9m\u00e9ditation en lien avec la religion de la victime. De source judiciaire, le suspect aurait d\u00e9lib\u00e9r\u00e9ment vis\u00e9 Ashur Sarnaya dans le but \u00ab\u00a0de troubler gravement l\u2019ordre public par l\u2019intimidation et la terreur\u00a0\u00bb ce qui explique la saisine de la justice antiterroriste.<\/p>\n<p>Frapp\u00e9 \u00e0 la gorge<\/p>\n<p class=\"fig-paragraph\">D\u00e8s l\u2019origine, les faits semblaient inqui\u00e9tants. Au soir du 10 septembre, dans l\u2019ouest de la capitale des Gaules, Ashur Sarnaya arrivait au bas de son immeuble dans son fauteuil roulant. Comme il en avait l\u2019habitude, il r\u00e9alisait une vid\u00e9o en direct sur l\u2019application TikTok, vid\u00e9o \u00e9voquant la religion chr\u00e9tienne. L\u2019Irakien \u00e9tait connu comme un influenceur parlant de sa foi et des \u00e9v\u00e9nements survenus dans son pays. Mais ce 10 septembre, un homme l\u2019attendait dans l\u2019ombre et l\u2019attaquait en plein direct, le frappant \u00e0 la gorge \u00e0 l\u2019aide d\u2019une arme blanche. L\u2019agresseur prenait la fuite \u00e0 pied. Selon sa s\u0153ur, l\u2019influenceur avait d\u00e9j\u00e0 \u00e9t\u00e9 vis\u00e9 par des menaces de mort sur la toile et \u00e9tait harcel\u00e9 sur les r\u00e9seaux.<\/p>\n<p class=\"fig-paragraph\">Au vu de la personnalit\u00e9 de la victime et des circonstances du crime, la th\u00e8se d\u2019un crime de r\u00f4deur ou de trafiquant de stup\u00e9fiants d\u00e9rang\u00e9 dans ses affaires semblait tr\u00e8s peu cr\u00e9dible. Ashur Sarnaya avait \u00e9t\u00e9 visiblement victime d\u2019un guet-apens et son assassinat avait tout d\u2019un \u00ab\u00a0message\u00a0\u00bb sanglant contre un \u00ab\u00a0m\u00e9cr\u00e9ant\u00a0\u00bb faisant l\u2019\u00e9loge du christianisme et d\u2019origine arabe et moyen-orientale de surcro\u00eet. D\u00e8s le d\u00e9but de l\u2019enqu\u00eate, le parquet national antiterroriste \u00e9tait en observation et la sous-direction antiterroriste de la police judiciaire suivait le dossier.<\/p>\n<p>Inqui\u00e9tudes des chr\u00e9tiens d\u2019Orient<\/p>\n<p class=\"fig-paragraph\">Le parcours de l\u2019assassin pr\u00e9sum\u00e9 \u00e9tait tout aussi \u00e9clairant. D\u00e8s apr\u00e8s les faits, cet Alg\u00e9rien prenait la route du sud. Des investigations techniques permettaient de rep\u00e9rer son passage \u00e0 Milan le 12 septembre \u00e0 bord d\u2019un bus, puis \u00e0 Rome o\u00f9 il restait jusqu\u2019au 24 septembre. Il \u00e9tait ensuite accueilli par un compatriote, dont le r\u00f4le doit \u00eatre clarifi\u00e9, \u00e0 Andria, non loin de Bari (Pouilles). Avant d\u2019y \u00eatre cueilli par la police italienne le 2 octobre.<\/p>\n<p class=\"fig-paragraph\">Ce drame avive encore le traumatisme des\u00a0<a href=\"http:\/\/www.lefigaro.fr\/international\/avec-douleur-je-pense-a-tant-de-cruaute-la-vive-inquietude-du-pape-pour-les-chretiens-d-orient-20241224\" data-fig-type=\"Article\" data-gtm-custom-categorie=\"navigation\" data-gtm-custom-action=\"crossclick\" data-gtm-custom-label=\"Contextuel\" data-gtm-event=\"customEventSPE\" data-fig-domain=\"LEFIGARO\" rel=\"nofollow noopener\" target=\"_blank\">chr\u00e9tiens d\u2019Orient<\/a>\u00a0r\u00e9fugi\u00e9s en France. Mais aussi leurs inqui\u00e9tudes car on rel\u00e8ve r\u00e9guli\u00e8rement des menaces ou des intimidations islamistes les visant dans les villes o\u00f9 ils demeurent. Le 28 septembre, un rassemblement \u00e0 la m\u00e9moire d\u2019Ashur Sarnaya et contre les pers\u00e9cutions des chr\u00e9tiens dans le monde a \u00e9t\u00e9 organis\u00e9 \u00e0 Paris.<\/p>\n","protected":false},"excerpt":{"rendered":"Influenceur chr\u00e9tien sur la toile, Ashur Sarnaya a \u00e9t\u00e9 tu\u00e9 le 10 septembre au pied de son immeuble.&hellip;\n","protected":false},"author":2,"featured_media":460645,"comment_status":"","ping_status":"","sticky":false,"template":"","format":"standard","meta":{"footnotes":""},"categories":[1889],"tags":[1111,11,4181,2430,1777,674,1011,27,2428,777,12,25],"class_list":{"0":"post-460644","1":"post","2":"type-post","3":"status-publish","4":"format-standard","5":"has-post-thumbnail","7":"category-lyon","8":"tag-actu","9":"tag-actualites","10":"tag-antiterrorisme","11":"tag-auvergne-rhone-alpes","12":"tag-eu","13":"tag-europe","14":"tag-fr","15":"tag-france","16":"tag-lyon","17":"tag-meurtre","18":"tag-news","19":"tag-republique-francaise"},"share_on_mastodon":{"url":"https:\/\/pubeurope.com\/@fr\/115368623083206194","error":""},"_links":{"self":[{"href":"https:\/\/www.europesays.com\/fr\/wp-json\/wp\/v2\/posts\/460644","targetHints":{"allow":["GET"]}}],"collection":[{"href":"https:\/\/www.europesays.com\/fr\/wp-json\/wp\/v2\/posts"}],"about":[{"href":"https:\/\/www.europesays.com\/fr\/wp-json\/wp\/v2\/types\/post"}],"author":[{"embeddable":true,"href":"https:\/\/www.europesays.com\/fr\/wp-json\/wp\/v2\/users\/2"}],"replies":[{"embeddable":true,"href":"https:\/\/www.europesays.com\/fr\/wp-json\/wp\/v2\/comments?post=460644"}],"version-history":[{"count":0,"href":"https:\/\/www.europesays.com\/fr\/wp-json\/wp\/v2\/posts\/460644\/revisions"}],"wp:featuredmedia":[{"embeddable":true,"href":"https:\/\/www.europesays.com\/fr\/wp-json\/wp\/v2\/media\/460645"}],"wp:attachment":[{"href":"https:\/\/www.europesays.com\/fr\/wp-json\/wp\/v2\/media?parent=460644"}],"wp:term":[{"taxonomy":"category","embeddable":true,"href":"https:\/\/www.europesays.com\/fr\/wp-json\/wp\/v2\/categories?post=460644"},{"taxonomy":"post_tag","embeddable":true,"href":"https:\/\/www.europesays.com\/fr\/wp-json\/wp\/v2\/tags?post=460644"}],"curies":[{"name":"wp","href":"https:\/\/api.w.org\/{rel}","templated":true}]}}