{"id":460648,"date":"2025-10-13T19:58:11","date_gmt":"2025-10-13T19:58:11","guid":{"rendered":"https:\/\/www.europesays.com\/fr\/460648\/"},"modified":"2025-10-13T19:58:11","modified_gmt":"2025-10-13T19:58:11","slug":"personnes-sans-domicile-augmentation-des-prix-acces-au-logement-social-les-chiffres-affolants-du-mal-logement-en-ile-de-france-liberation","status":"publish","type":"post","link":"https:\/\/www.europesays.com\/fr\/460648\/","title":{"rendered":"Personnes sans domicile, augmentation des prix, acc\u00e8s au logement social\u2026 les chiffres affolants du mal-logement en Ile-de-France \u2013 Lib\u00e9ration"},"content":{"rendered":"<p class=\"sc-cPiKLX AiZTS text-element\">Sur les 12,3 millions d\u2019habitants d\u2019Ile-de-France, 1,3 million sont victimes du mal-logement et pr\u00e8s de 2,9 millions sont \u00aben grande fragilit\u00e9 vis-\u00e0-vis du logement\u00bb. Une situation qui s\u2019aggrave \u00e0 mesure que la crise du secteur, qui frappe de plein fouet la r\u00e9gion la plus peupl\u00e9e et la plus riche de France, s\u2019exacerbe, alerte <a href=\"https:\/\/www.liberation.fr\/societe\/logement\/crise-du-logement-en-europe-le-besoin-il-est-sur-les-plus-modestes-et-les-plus-pauvres-20251009_D2DN5OJUHRHKBNRJ5ZA7NQKQZU\/\" target=\"_blank\" rel=\"noopener\" title=\"https:\/\/www.liberation.fr\/societe\/logement\/crise-du-logement-en-europe-le-besoin-il-est-sur-les-plus-modestes-et-les-plus-pauvres-20251009_D2DN5OJUHRHKBNRJ5ZA7NQKQZU\/\">la Fondation pour le logement des d\u00e9favoris\u00e9s<\/a> (ex-Fondation Abb\u00e9-Pierre) dans son \u00e9clairage r\u00e9gional sur l\u2019\u00e9tat du mal-logement rendu public ce lundi 13 octobre et qui fait un point sur des chiffres peu r\u00e9jouissants. Lib\u00e9ration en a compil\u00e9 certains parmi les plus \u00e9loquents. <\/p>\n<p class=\"sc-cPiKLX AiZTS text-element\">En 2025, au moins 125 600 Franciliens seraient \u00absans domicile personnel\u00bb, c\u2019est-\u00e0-dire totalement sans abri, accueillis dans des dispositifs d\u2019h\u00e9bergement, ou vivant dans des bidonvilles. Parmi eux, selon les derniers comptages effectu\u00e9s lors de <a href=\"https:\/\/www.liberation.fr\/societe\/nuit-de-la-solidarite-encore-2-600-personnes-sans-abri-recensees-a-paris-20220201_CS2KN6LBRJHYNLOQYZA3YON37M\/\" target=\"_blank\" rel=\"noopener\" title=\"https:\/\/www.liberation.fr\/societe\/nuit-de-la-solidarite-encore-2-600-personnes-sans-abri-recensees-a-paris-20220201_CS2KN6LBRJHYNLOQYZA3YON37M\/\">la Nuit de la solidarit\u00e9<\/a>, 4 275 personnes dormiraient \u00e0 la rue, dont 3 507 \u00e0 Paris \u2013 des chiffres forc\u00e9ment sous-estim\u00e9s au vu de la difficult\u00e9 de les comptabiliser. Dans la r\u00e9gion, chaque soir, ils sont environ 2 000 \u00e0 rester sans solution d\u2019h\u00e9bergement malgr\u00e9 leurs appels au 115. En 2024, parmi les demandeurs de logement social, 41 079 m\u00e9nages \u00e9taient sans abri ou vivaient dans des abris de fortune, et 207 392 \u00e9taient h\u00e9berg\u00e9s par des tiers \u2013 une hausse de 30 % depuis 2019. <\/p>\n<p class=\"sc-cPiKLX AiZTS text-element\">Pour qui n\u2019est pas en capacit\u00e9 de payer les loyers du parc priv\u00e9, acc\u00e9der au logement social en Ile-de-France rel\u00e8ve d\u00e9sormais du <a href=\"https:\/\/www.liberation.fr\/societe\/logement\/toute-la-chaine-est-grippee-parce-quon-narrive-pas-a-loger-les-plus-pauvres-les-prefets-dile-de-france-assignes-en-justice-par-des-assos-20250924_KRA2DG7OA5CXXN2W643C2AG4SE\/\" target=\"_blank\" rel=\"noopener\" title=\"https:\/\/www.liberation.fr\/societe\/logement\/toute-la-chaine-est-grippee-parce-quon-narrive-pas-a-loger-les-plus-pauvres-les-prefets-dile-de-france-assignes-en-justice-par-des-assos-20250924_KRA2DG7OA5CXXN2W643C2AG4SE\/\">\u00abparcours du combattant\u00bb<\/a> : fin 2024, 888 000 m\u00e9nages \u00e9taient en attente d\u2019un logement social dans la r\u00e9gion, soit un tiers de la demande nationale. Pour seulement 65 000 attributions, soit 93 % des demandeurs sans proposition, forc\u00e9s de refaire une demande pour l\u2019ann\u00e9e suivante. <\/p>\n<p class=\"sc-cPiKLX AiZTS text-element\">En vingt ans, souligne le rapport, les prix des appartements ont augment\u00e9 4,5 fois plus vite que les revenus des Franciliens, qui doivent de ce fait \u00abconsacrer une part croissante de leurs revenus \u00e0 se loger, au d\u00e9triment d\u2019autres besoins essentiels comme l\u2019alimentation ou la sant\u00e9\u00bb. Ce qui rend la propri\u00e9t\u00e9 de plus en plus inaccessible : \u00e0 Paris, moins de 6 % des couples sans enfants locataires du parc priv\u00e9 peuvent d\u00e9sormais se permettre d\u2019acheter un appartement. Dans le parc priv\u00e9, la part du loyer atteint pr\u00e8s de 35 % des ressources des m\u00e9nages les plus modestes, et <a href=\"https:\/\/www.liberation.fr\/societe\/logement\/treve-hivernale-avec-laugmentation-des-expulsions-de-personnes-agees-une-digue-a-cede-20241031_LIXXTRPUQZBU5L6MPVHKNWO4ZM\/\" target=\"_blank\" rel=\"noopener\" title=\"https:\/\/www.liberation.fr\/societe\/logement\/treve-hivernale-avec-laugmentation-des-expulsions-de-personnes-agees-une-digue-a-cede-20241031_LIXXTRPUQZBU5L6MPVHKNWO4ZM\/\">les expulsions locatives<\/a> explosent : 8 106 en Ile-de-France en 2024, un record. <\/p>\n<p class=\"sc-cPiKLX AiZTS text-element\">Pr\u00e8s d\u2019un million de Franciliens vivent \u00e0 l\u2019heure actuelle dans des conditions tr\u00e8s difficiles dans leur logement : soit la privation de confort (absence d\u2019eau courante, de douche, de WC int\u00e9rieurs, de coin cuisine, d\u2019un moyen de chauffage\u2026) soit la \u00absuroccupation accentu\u00e9e\u00bb, c\u2019est-\u00e0-dire un logement trop petit par rapport au nombre d\u2019occupants. Dans le priv\u00e9 et le social, 30 % des locataires franciliens sont dans cette situation de suroccupation, 2,2 fois plus que la moyenne nationale. En outre, 870 000 m\u00e9nages, soit 17 % des habitants de la r\u00e9gion, souffrent de pr\u00e9carit\u00e9 \u00e9nerg\u00e9tique. <\/p>\n","protected":false},"excerpt":{"rendered":"Sur les 12,3 millions d\u2019habitants d\u2019Ile-de-France, 1,3 million sont victimes du mal-logement et pr\u00e8s de 2,9 millions sont&hellip;\n","protected":false},"author":2,"featured_media":460649,"comment_status":"","ping_status":"","sticky":false,"template":"","format":"standard","meta":{"footnotes":""},"categories":[1592],"tags":[1111,11,1777,674,1011,27,662,28170,6459,12,626,25],"class_list":{"0":"post-460648","1":"post","2":"type-post","3":"status-publish","4":"format-standard","5":"has-post-thumbnail","7":"category-ile-de-france","8":"tag-actu","9":"tag-actualites","10":"tag-eu","11":"tag-europe","12":"tag-fr","13":"tag-france","14":"tag-ile-de-france","15":"tag-logement-crise","16":"tag-logements-sociaux","17":"tag-news","18":"tag-paris","19":"tag-republique-francaise"},"share_on_mastodon":{"url":"https:\/\/pubeurope.com\/@fr\/115368631085958989","error":""},"_links":{"self":[{"href":"https:\/\/www.europesays.com\/fr\/wp-json\/wp\/v2\/posts\/460648","targetHints":{"allow":["GET"]}}],"collection":[{"href":"https:\/\/www.europesays.com\/fr\/wp-json\/wp\/v2\/posts"}],"about":[{"href":"https:\/\/www.europesays.com\/fr\/wp-json\/wp\/v2\/types\/post"}],"author":[{"embeddable":true,"href":"https:\/\/www.europesays.com\/fr\/wp-json\/wp\/v2\/users\/2"}],"replies":[{"embeddable":true,"href":"https:\/\/www.europesays.com\/fr\/wp-json\/wp\/v2\/comments?post=460648"}],"version-history":[{"count":0,"href":"https:\/\/www.europesays.com\/fr\/wp-json\/wp\/v2\/posts\/460648\/revisions"}],"wp:featuredmedia":[{"embeddable":true,"href":"https:\/\/www.europesays.com\/fr\/wp-json\/wp\/v2\/media\/460649"}],"wp:attachment":[{"href":"https:\/\/www.europesays.com\/fr\/wp-json\/wp\/v2\/media?parent=460648"}],"wp:term":[{"taxonomy":"category","embeddable":true,"href":"https:\/\/www.europesays.com\/fr\/wp-json\/wp\/v2\/categories?post=460648"},{"taxonomy":"post_tag","embeddable":true,"href":"https:\/\/www.europesays.com\/fr\/wp-json\/wp\/v2\/tags?post=460648"}],"curies":[{"name":"wp","href":"https:\/\/api.w.org\/{rel}","templated":true}]}}