{"id":460650,"date":"2025-10-13T19:59:24","date_gmt":"2025-10-13T19:59:24","guid":{"rendered":"https:\/\/www.europesays.com\/fr\/460650\/"},"modified":"2025-10-13T19:59:24","modified_gmt":"2025-10-13T19:59:24","slug":"la-rive-droite-sera-bientot-totalement-isolee-quand-paris-simule-une-crue-centennale","status":"publish","type":"post","link":"https:\/\/www.europesays.com\/fr\/460650\/","title":{"rendered":"\u00ab\u00a0La rive droite sera bient\u00f4t totalement isol\u00e9e\u00a0\u00bb : quand Paris simule une crue centennale"},"content":{"rendered":"<ul class=\"jsx-862013697 ArticleChapo__List\">\n<li class=\"jsx-862013697 ArticleChapo__List_Item flex\">REPORTAGE &#8211; \u00c0 l&rsquo;occasion de la journ\u00e9e nationale de la r\u00e9silience, la ville de Paris a organis\u00e9 lundi un exercice de crise \u00ab\u00a0Paris inond\u00e9\u00a0\u00bb.<\/li>\n<li class=\"jsx-862013697 ArticleChapo__List_Item flex\">La simulation a mobilis\u00e9 les pompiers de Paris, la Croix-Rouge, la Protection civile, mais aussi des volontaires et une classe de CM2.<\/li>\n<li class=\"jsx-862013697 ArticleChapo__List_Item flex\">\u00c9vacuations, premiers secours, ateliers p\u00e9dagogiques\u2026 l&rsquo;objectif est de cr\u00e9er une culture du risque chez les Fran\u00e7ais.<\/li>\n<\/ul>\n<p><a href=\"https:\/\/www.tf1info.fr\/actualite\/notre-planete-l-offre-environnement-de-tf1-lci-pour-la-transition-ecologique-13098\/\" rel=\"noopener\" class=\"jsx-484472199 Link jsx-1428418400 jsx-1797245342\" target=\"_blank\"><\/p>\n<p style=\"font-weight:400\" class=\"jsx-1837267516\">Suivez la couverture compl\u00e8te<\/p>\n<p style=\"font-weight:800\" class=\"jsx-1837267516\">Notre plan\u00e8te<\/p>\n<p><\/a><\/p>\n<p data-module=\"article-paragraph\" class=\"jsx-3046738180 Paragraph\">13 mars 2026, 8h28. La cellule de crise est r\u00e9unie autour de Marie Villette, secr\u00e9taire g\u00e9n\u00e9rale de la Ville de Paris, et de P\u00e9n\u00e9lope Komit\u00e8s, adjointe de la maire Anne Hidalgo. Les mines sont graves. Et pour cause : Paris vit au rythme d&rsquo;une crue centennale. Depuis deux mois, la Seine d\u00e9borde, mais dans la nuit, la situation s&rsquo;est aggrav\u00e9e apr\u00e8s un nouvel \u00e9pisode orageux : le fleuve a franchi les 7,10 m\u00e8tres. D\u00e9j\u00e0 300.000 Parisiens ont \u00e9t\u00e9 \u00e9vacu\u00e9s. Dans toutes les t\u00eates, une crainte : que le seuil historique de 8,62 m\u00e8tres, atteint en 1910, ne soit franchi.\u00a0<\/p>\n<p data-module=\"article-paragraph\" class=\"jsx-3046738180 Paragraph Paragraph__End\">Tel est le sc\u00e9nario qui s&rsquo;est jou\u00e9 lundi \u00e0 l&rsquo;occasion d&rsquo;un exercice de crise grandeur nature baptis\u00e9 \u00ab\u00a0Paris inond\u00e9\u00a0\u00bb et organis\u00e9 par la Ville de Paris.\u00a0<\/p>\n<p><img decoding=\"async\" src=\"https:\/\/www.europesays.com\/fr\/wp-content\/uploads\/2025\/10\/l-exercice-simule-une-crue-centennale-a-paris-e6b38d-0@1x.jpeg\" alt=\"Marianne Enault\" loading=\"lazy\" importance=\"low\" fetchpriority=\"low\" class=\"\" data-module=\"article-image\"\/>Marianne EnaultLa crainte des effets dominos au-del\u00e0 de 7 m\u00e8tres de crue<\/p>\n<p data-module=\"article-paragraph\" class=\"jsx-3046738180 Paragraph\">\u00ab\u00a0Jusqu\u2019\u00e0\u00a0\u00bb7 m\u00e8tres, on sait g\u00e9rer, m\u00eame si bien s\u00fbr, on rencontre des difficult\u00e9s, au-del\u00e0, on a des plans, des cartes, des id\u00e9es, mais pas la pratique, explique Ziad Touat, chez Crisotech, l\u2019entreprise sp\u00e9cialiste de la gestion de crise qui a aid\u00e9 la Ville de Paris \u00e0 monter cet exercice. Au-del\u00e0 de 7 m\u00e8tres, on a des effets dominos et les inondations peuvent impacter jusqu\u2019\u00e0 un million de personnes.\u00a0\u00bb<\/p>\n<p data-module=\"article-paragraph\" class=\"jsx-3046738180 Paragraph\">Voil\u00e0 pourquoi la ville s\u2019entra\u00eene. Et avec elle, la Brigade des sapeurs-pompiers de Paris (BSPP), la Croix-Rouge, la Protection civile, la police municipale, mais aussi des femmes et des hommes membres des Volontaires de Paris. Pour l\u2019occasion, une classe de CM2 a m\u00eame \u00e9t\u00e9 mobilis\u00e9e : les 23 \u00e9l\u00e8ves de l\u2019\u00e9cole Poulletier, situ\u00e9e sur l\u2019\u00eele Saint-Louis, jouent leur propre r\u00f4le, d\u2019enfants \u00e9vacu\u00e9s. Au total, 80 personnes sont mobilis\u00e9es.\u00a0<\/p>\n<p data-module=\"article-paragraph\" class=\"jsx-3046738180 Paragraph\">\u00ab\u00a0L\u2019objectif est de renforcer la sensibilisation des Parisiens au risque d\u2019inondations\u00a0\u00bb, a rappel\u00e9 en pr\u00e9ambule P\u00e9n\u00e9lope Komit\u00e8s, adjointe \u00e0 la maire de Paris, charg\u00e9e de l\u2019innovation, de l\u2019attractivit\u00e9, de la prospective Paris 2030 et de la r\u00e9silience, mais aussi de tester sur le terrain les mesures pr\u00e9vues en cas de crue et d\u2019am\u00e9liorer la coordination entre les diff\u00e9rents acteurs.\u00a0<\/p>\n<p data-module=\"article-paragraph\" class=\"jsx-3046738180 Paragraph Paragraph__End\">Ce n\u2019est pas une premi\u00e8re, la ville avait d\u00e9j\u00e0 organis\u00e9 \u00ab\u00a0Paris \u00e0 50 degr\u00e9s\u00a0\u00bb pour simuler une vague de chaleur extr\u00eame et ses cons\u00e9quences en cascade.\u00a0<\/p>\n<p>Pas de gaz ni d&rsquo;\u00e9lectricit\u00e9, pas de transports ni de chauffage<\/p>\n<p data-module=\"article-paragraph\" class=\"jsx-3046738180 Paragraph\">Malgr\u00e9 le soleil d&rsquo;automne, qui contraste avec un lendemain d&rsquo;orage, tous les participants jouent leur r\u00f4le avec le plus grand s\u00e9rieux. Dans la salle de la cellule de crise, un faux journal t\u00e9l\u00e9vis\u00e9 est diffus\u00e9 sur grand \u00e9cran, d\u00e9crivant la situation difficile dans un Paris priv\u00e9 de tout ou presque. Autour de la table, tout le monde sait que c\u2019est faux, mais les images et le ton inquiet de la pr\u00e9sentatrice donnent tout de m\u00eame la chair de poule. Tour \u00e0 tour, les responsables des diff\u00e9rentes directions de la ville prennent la parole pour partager leurs probl\u00e9matiques.<\/p>\n<p data-module=\"article-paragraph\" class=\"jsx-3046738180 Paragraph Paragraph__End\">Coupures de gaz, d\u2019\u00e9lectricit\u00e9, de chauffage urbain, lignes de m\u00e9tro totalement ou partiellement interrompues, ascenseurs bloqu\u00e9s, gymnases transform\u00e9s en lieux d\u2019accueil, collecte des d\u00e9chets \u00e0 l\u2019arr\u00eat, remont\u00e9e de nappes, coupure des r\u00e9seaux, commerces ferm\u00e9s, activit\u00e9s \u00e9conomiques stopp\u00e9es\u2026 la liste est longue.\u00a0<\/p>\n<blockquote class=\"jsx-2786790838 Quote__Text\"><p>Concr\u00e8tement, on ne peut plus vivre dans Paris, m\u00eame quand on vit loin de la Seine.<\/p><\/blockquote>\n<p>P\u00e9n\u00e9lope Komit\u00e8s, maire adjointe de Paris<\/p>\n<p data-module=\"article-paragraph\" class=\"jsx-3046738180 Paragraph\">Aux probl\u00e9matiques mat\u00e9rielles et humaines, li\u00e9es pour l\u2019essentiel aux \u00e9vacuations, s\u2019ajoute l\u2019inqui\u00e9tude sanitaire : les \u00e9gouts menacent de d\u00e9border et de mettre \u00e0 terre tout le r\u00e9seau d\u2019assainissement. \u00ab\u00a0La rive droite sera bient\u00f4t totalement isol\u00e9e\u00a0\u00bb, entend-on dans la salle. Le risque de p\u00e9nurie alimentaire s\u2019installe. C\u2019est le fameux \u00ab\u00a0effet domino\u00a0\u00bb, redout\u00e9 par tous. \u00ab\u00a0Concr\u00e8tement, on ne peut plus vivre dans Paris, m\u00eame quand on vit loin de la Seine\u00a0\u00bb, commente en apart\u00e9 P\u00e9n\u00e9lope Komit\u00e8s.\u00a0<\/p>\n<p data-module=\"article-paragraph\" class=\"jsx-3046738180 Paragraph Paragraph__End\">En cas de crue centennale, c\u2019est la pr\u00e9fecture de Paris qui donne l\u2019ordre d\u2019\u00e9vacuation aux personnes concern\u00e9es, via notamment l\u2019application FR-ALERT. Mais les services de secours et de la ville savent aussi qu\u2019il faut g\u00e9rer les auto-\u00e9vacuations. M\u00eame les Parisiens qui vivent loin du fleuve sont concern\u00e9s, priv\u00e9s de toilettes par exemple.<\/p>\n<p><img decoding=\"async\" src=\"https:\/\/www.europesays.com\/fr\/wp-content\/uploads\/2025\/10\/les-enfants-evacues-passent-par-le-centre-de-triage-69d57e-0@1x.jpeg\" alt=\"Marianne Enault\" loading=\"lazy\" importance=\"low\" fetchpriority=\"low\" class=\"\" data-module=\"article-image\"\/>Marianne EnaultUn immeuble \u00ab\u00a0bac \u00e0 sable\u00a0\u00bb<\/p>\n<p data-module=\"article-paragraph\" class=\"jsx-3046738180 Paragraph\">Lundi, les 23 \u00e9l\u00e8ves de l\u2019\u00e9cole primaire, accompagn\u00e9s de leur directeur, ont simul\u00e9 \u00eatre des habitants du 109 rue de l\u2019H\u00f4tel de Ville, \u00e9vacu\u00e9 ce jour-l\u00e0 par les pompiers, la Protection civile et la Croix-Rouge. Une pancarte autour de leur cou indique leur r\u00f4le d\u2019un jour : mineur isol\u00e9, enfant bless\u00e9 \u00e0 la main, personne sans-abri\u2026 tous les cas de figure sont pr\u00e9sents.<\/p>\n<p data-module=\"article-paragraph\" class=\"jsx-3046738180 Paragraph\">\u00ab\u00a0On a choisi cet immeuble que l\u2019on appelle immeuble &lsquo;bac \u00e0 sable&rsquo; car c\u2019est un lieu dans lequel on va rencontrer toutes les probl\u00e9matiques que l\u2019on peut rencontrer dans un immeuble parisien, qu\u2019on soit dans le XVIe ou dans le XIXe\u00a0\u00bb, explique le sp\u00e9cialiste des crises Ziad Touat.<\/p>\n<p data-module=\"article-paragraph\" class=\"jsx-3046738180 Paragraph\">Par petits groupes de trois ou quatre, les enfants, couverture de survie sur les \u00e9paules, sont \u00e9vacu\u00e9s par les membres de la Croix-Rouge, dirig\u00e9s vers une tente de triage o\u00f9 les b\u00e9n\u00e9voles prennent leur identit\u00e9 et s\u2019enqui\u00e8rent de leur \u00e9tat de sant\u00e9. \u00ab\u00a0Est-ce que tu peux marcher ?\u00a0\u00bb, demande l\u2019un des secouristes \u00e0 un enfant. \u00ab\u00a0Je ne sais pas\u00a0\u00bb, r\u00e9pond ce dernier.\u00a0<\/p>\n<p data-module=\"article-paragraph\" class=\"jsx-3046738180 Paragraph Paragraph__End\">Consigne a \u00e9t\u00e9 donn\u00e9e aux nombreux journalistes pr\u00e9sents de ne pas perturber l\u2019exercice, enfants et adultes sont donc interrog\u00e9s comme si la crue centennale \u00e9tait une r\u00e9alit\u00e9. \u00ab\u00a0J\u2019ai mal au genou\u00a0\u00bb, dit une petite fille, \u00ab\u00a0j\u2019ai vraiment tr\u00e8s froid\u00a0\u00bb, grelotte une autre sous sa couverture dor\u00e9e. \u00ab\u00a0On a eu tr\u00e8s froid, c\u2019\u00e9tait atroce\u00a0\u00bb, confirme le directeur de l\u2019\u00e9cole qui pour l\u2019occasion joue le p\u00e8re de famille.\u00a0<\/p>\n<p>Hypothermie, blessures et traumatismes <\/p>\n<p data-module=\"article-paragraph\" class=\"jsx-3046738180 Paragraph\">\u00ab\u00a0L\u2019hypothermie fait partie des pathologies les plus fr\u00e9quentes en cas d\u2019inondations, explique un secouriste. Mais les personnes peuvent s\u2019\u00eatre aussi bless\u00e9es avec un d\u00e9bris dans l\u2019eau ou avoir un traumatisme.\u00a0\u00bb Les bless\u00e9s les plus graves sont \u00e9vacu\u00e9s en ambulance, les autres sont guid\u00e9s vers l\u2019Acad\u00e9mie du Climat, o\u00f9 une salle de premiers secours a \u00e9t\u00e9 mont\u00e9e pour les bless\u00e9s l\u00e9gers. Les enfants et les adultes en bonne sant\u00e9 sont, eux, conduits dans une autre pi\u00e8ce, dite salle des \u00ab\u00a0impliqu\u00e9s\u00a0\u00bb, o\u00f9 ils peuvent se reposer, boire une boisson chaude et manger quelque chose.<\/p>\n<p data-module=\"article-paragraph\" class=\"jsx-3046738180 Paragraph Paragraph__End\">\u00ab\u00a0J\u2019\u00e9tais stress\u00e9\u00a0\u00bb, t\u00e9moigne Basile, 10 ans, une fois l\u2019exercice pass\u00e9. \u00ab\u00a0Mais c\u2019est important de s&rsquo;entra\u00eener, comme \u00e7a, on sait quoi faire si \u00e7a arrive\u00a0\u00bb, poursuit son copain Nils, \u00e0 ses c\u00f4t\u00e9s. Tous deux jouaient des mineurs isol\u00e9s. \u00ab\u00a0\u00c7a veut dire des enfants dont les parents ne sont pas l\u00e0\u00a0\u00bb, expliquent-ils en ch\u0153ur.\u00a0<\/p>\n<p><img decoding=\"async\" src=\"https:\/\/www.europesays.com\/fr\/wp-content\/uploads\/2025\/10\/une-habitante-est-evacuee-par-civiere-8c6f91-0@1x.jpeg\" alt=\"Marianne Enault\" loading=\"lazy\" importance=\"low\" fetchpriority=\"low\" class=\"\" data-module=\"article-image\"\/>Marianne Enault<\/p>\n<blockquote class=\"jsx-2786790838 Quote__Text\"><p>Si c&rsquo;est pour sauver des vies, \u00e7a vaut le coup.<\/p><\/blockquote>\n<p>Une habitante de l&rsquo;immeuble \u00e9vacu\u00e9<\/p>\n<p data-module=\"article-paragraph\" class=\"jsx-3046738180 Paragraph\">\u00c0 l\u2019ext\u00e9rieur, la Brigade des sapeurs-pompiers de Paris est \u00e0 pied d\u2019\u0153uvre pour sortir une habitante du troisi\u00e8me \u00e9tage. Son \u00e9tat n\u2019est pas compatible avec un transport par les escaliers, elle devra donc \u00eatre \u00e9vacu\u00e9e par la fen\u00eatre, dans une civi\u00e8re. L\u2019op\u00e9ration est d\u00e9licate, car les pompiers n\u2019ont pas acc\u00e8s aux appartements voisins.\u00a0<\/p>\n<p data-module=\"article-paragraph\" class=\"jsx-3046738180 Paragraph\">Trois militaires se harnachent et d\u00e9ploient un triangle de m\u00e9tal, permettant de faire glisser la civi\u00e8re le long du mur. La locataire de l\u2019appartement regarde, inqui\u00e8te, les hommes d\u00e9ployer, chez elle, beaucoup de mat\u00e9riel. \u00ab\u00a0J\u2019esp\u00e8re qu\u2019ils ne vont rien casser\u00a0\u00bb, dit-elle, avant de se reprendre : \u00ab\u00a0Si c\u2019est pour sauver des vies, \u00e7a vaut toujours le coup.\u00a0\u00bb Elle-m\u00eame a \u00e9t\u00e9 form\u00e9e au sein de son entreprise pour secourir un coll\u00e8gue bless\u00e9.<\/p>\n<p data-module=\"article-paragraph\" class=\"jsx-3046738180 Paragraph Paragraph__End\">Charl\u00e8ne, la jeune femme bless\u00e9e dans la civi\u00e8re, touche terre. Des applaudissements accueillent la fin de la man\u0153uvre, rappelant qu\u2019il s\u2019agit simplement d\u2019un exercice. \u00ab\u00a0Ce dispositif peut \u00eatre utilis\u00e9 selon deux sc\u00e9narios d\u2019\u00e9vacuation, explique le lieutenant-colonel Nicolas Belain. Cela fonctionne par voie terrestre, tant que les rues sont encore praticables, mais aussi sur une embarcation, s\u2019il y a trop d\u2019eau pour faire rouler le camion.\u00a0\u00bb<\/p>\n<p><img decoding=\"async\" src=\"https:\/\/www.europesays.com\/fr\/wp-content\/uploads\/2025\/10\/des-enfants-sont-evacues-a-l-aide-d-un-bras-elevateur-219db1-0@1x.jpeg\" alt=\"Marianne Enault\" loading=\"lazy\" importance=\"low\" fetchpriority=\"low\" class=\"\" data-module=\"article-image\"\/>Marianne EnaultDes passerelles et des batardeaux <\/p>\n<p data-module=\"article-paragraph\" class=\"jsx-3046738180 Paragraph\">Peu apr\u00e8s, un v\u00e9hicule des pompiers, \u00e9quip\u00e9 d\u2019un bras \u00e9l\u00e9vateur arm\u00e9, se d\u00e9ploie pour secourir des enfants \u00e0 la fen\u00eatre. Ceux-ci montent \u00e0 bord d\u2019une nacelle, \u00e0 la fois impressionn\u00e9s et ravis de l\u2019exp\u00e9rience. \u00ab\u00a0J\u2019ai mal au pied\u00a0\u00bb, dit l\u2019un d\u2019entre eux en descendant. Sa fiche indiquait une blessure au bras, peu importe, l\u2019\u00e9motion de la descente est pass\u00e9e par l\u00e0.<\/p>\n<p data-module=\"article-paragraph\" class=\"jsx-3046738180 Paragraph\">Un peu plus loin, l\u2019architecte Pierre de Montigny fait une d\u00e9monstration de sa \u00ab\u00a0passerelle pi\u00e9tonne d\u2019urgence inondation\u00a0\u00bb, PPUI dans son jargon. \u00ab\u00a0Ce sont des passerelles qui se montent tr\u00e8s rapidement, sans outil et par des personnes pas forc\u00e9ment entra\u00een\u00e9es, explique-t-il. Trois personnes peuvent monter 100 m\u00e8tres par heure.\u00a0\u00bb Con\u00e7ues par Mutations Architectes et Metal passion, elles permettent, comme un Lego g\u00e9ant, de construire un labyrinthe de m\u00e9tal que les Parisiens pourraient emprunter pour \u00e9vacuer.\u00a0La Ville envisage d&rsquo;en faire l&rsquo;acquisition.<\/p>\n<p data-module=\"article-paragraph\" class=\"jsx-3046738180 Paragraph\">Enfin, la ville poss\u00e8de 80 batardeaux, des sortes de barri\u00e8res ultra-\u00e9tanches, qu\u2019elle peut d\u00e9ployer le long de la Seine, l\u00e0 o\u00f9 il n\u2019y a ni rambarde ni barri\u00e8re. Chacun est fait sur mesure en fonction de la partie qu\u2019il vient colmater.<\/p>\n<p data-module=\"article-paragraph\" class=\"jsx-3046738180 Paragraph Paragraph__End\">\u00ab\u00a0On le voit, on est beaucoup mieux prot\u00e9g\u00e9 qu\u2019en 1910, on a fait beaucoup d\u2019am\u00e9nagements, rel\u00e8ve P\u00e9n\u00e9lope Komit\u00e8s. Mais en m\u00eame temps, on est aujourd\u2019hui tributaire de bien plus de r\u00e9seaux qu\u2019avant.\u00a0\u00bb D\u2019o\u00f9 l\u2019int\u00e9r\u00eat de r\u00e9p\u00e9ter, m\u00eame s\u2019il y a parfois quelques approximations ou moments de flottement. C\u2019est tout l\u2019int\u00e9r\u00eat de l\u2019exercice, servir de r\u00e9p\u00e9tition g\u00e9n\u00e9rale et acculturer les Fran\u00e7ais au risque.<\/p>\n<p>La culture des \u00ab\u00a0bons gestes\u00a0\u00bb<\/p>\n<p data-module=\"article-paragraph\" class=\"jsx-3046738180 Paragraph\">Si des progr\u00e8s ont \u00e9t\u00e9 faits, par exemple avec les exercices d\u2019alerte anti-intrusion dans les \u00e9coles, beaucoup reste \u00e0 faire, par rapport aux pays d\u2019Asie. Beaucoup de Fran\u00e7ais ont encore les mauvais comportements en cas d\u2019incendie ou en cas d\u2019inondations.\u00a0<\/p>\n<p data-module=\"article-paragraph\" class=\"jsx-3046738180 Paragraph Paragraph__End\">\u00ab\u00a0Ce n\u2019est pas que fran\u00e7ais, souligne l\u2019adjointe d&rsquo;Anne Hidalgo. On l\u2019a vu aussi \u00e0 Valence, en Espagne, pendant les inondations. Les habitants sont descendus dans leurs parkings pour r\u00e9cup\u00e9rer leurs voitures et beaucoup se sont noy\u00e9s.\u00a0\u00bb L\u2019\u00e9lue cite encore cet habitant d\u2019une tour \u00e0 Beaugrenelle, dans le 15e arrondissement de Paris, qui lui a dit \u00eatre \u00e0 l\u2019abri des inondations. \u00ab\u00a0Il n\u2019a pas pens\u00e9 \u00e0 l\u2019ascenseur, \u00e0 l\u2019\u00e9lectricit\u00e9, aux toilettes !\u00a0\u00bb<\/p>\n<p><img decoding=\"async\" src=\"https:\/\/www.europesays.com\/fr\/wp-content\/uploads\/2025\/10\/un-batardeau-installe-pour-empecher-la-seine-de-passer-7ef3cd-0@1x.jpeg\" alt=\"Marianne Enault\" loading=\"lazy\" importance=\"low\" fetchpriority=\"low\" class=\"\" data-module=\"article-image\"\/>Marianne Enault<a href=\"https:\/\/www.tf1info.fr\/regions\/reportage-video-je-vis-toujours-dans-l-angoisse-des-travaux-spectaculaires-pour-prevenir-les-inondations-sur-les-bords-de-loire-2396338.html\" rel=\"noopener\" class=\"jsx-3308031228 Link flex\" target=\"_blank\"><img decoding=\"async\" src=\"https:\/\/www.europesays.com\/fr\/wp-content\/uploads\/2025\/10\/jt13h-travaux-loire-inondations-046b5a-0@1x.jpeg\" alt=\"TF1\" loading=\"lazy\" importance=\"low\" fetchpriority=\"low\" class=\"\" aria-hidden=\"true\"\/><\/p>\n<p class=\"jsx-3657663356 ReadMoreArticle__Title\">Lire aussi<\/p>\n<p class=\"jsx-3657663356\">\u00ab\u00a0Je vis toujours dans l&rsquo;angoisse\u00a0\u00bb : des travaux spectaculaires pour pr\u00e9venir les inondations sur les bords de Loire <\/p>\n<p><\/a><\/p>\n<p data-module=\"article-paragraph\" class=\"jsx-3046738180 Paragraph\">\u00ab\u00a0Il n\u2019y a pas de secret : il faut r\u00e9p\u00e9ter et r\u00e9p\u00e9ter encore, explique Ziad Touat. En formant les enfants, on forme aussi les parents.\u00a0\u00bb<\/p>\n<p data-module=\"article-paragraph\" class=\"jsx-3046738180 Paragraph\">L\u2019un des messages cl\u00e9s de la matin\u00e9e est la n\u00e9cessit\u00e9 d\u2019avoir une solution de relogement en cas de crise. \u00ab\u00a0Chaque Parisien devrait s\u2019\u00eatre pos\u00e9 la question : o\u00f9 vais-je en cas de crue ?\u00a0\u00bb, insiste Daphn\u00e9 Maurel, directrice g\u00e9n\u00e9rale de la Protection civile Paris Seine.<\/p>\n<p data-module=\"article-paragraph\" class=\"jsx-3046738180 Paragraph Paragraph__End\">La m\u00eame logique pr\u00e9vaut pour les kits d\u2019urgence, tr\u00e8s peu d\u00e9ploy\u00e9s en France. \u00ab\u00a0C\u2019est le sac que l\u2019on prend quand on nous dit qu\u2019on a dix minutes pour \u00e9vacuer, explique P\u00e9n\u00e9lope Komit\u00e8s. On y met une cl\u00e9 USB avec les documents importants, ses papiers, sa carte vitale, son contrat d\u2019assurance, ses ordonnances et ses m\u00e9dicaments, une radio avec des piles\u2026\u00a0\u00bb P\u00e9n\u00e9lope Komit\u00e8s y a aussi mis les croquettes pour son chat.<\/p>\n<p>Marianne ENAULT<\/p>\n","protected":false},"excerpt":{"rendered":"REPORTAGE &#8211; \u00c0 l&rsquo;occasion de la journ\u00e9e nationale de la r\u00e9silience, la ville de Paris a organis\u00e9 lundi&hellip;\n","protected":false},"author":2,"featured_media":460651,"comment_status":"","ping_status":"","sticky":false,"template":"","format":"standard","meta":{"footnotes":""},"categories":[1888],"tags":[1111,1928,11,1927,1921,4734,1777,674,1011,27,1922,2839,12,1926,5736,626,1925,5735,25,13527,133,11009],"class_list":{"0":"post-460650","1":"post","2":"type-post","3":"status-publish","4":"format-standard","5":"has-post-thumbnail","7":"category-paris","8":"tag-actu","9":"tag-actu-paris","10":"tag-actualites","11":"tag-actualites-paris","12":"tag-article-video","13":"tag-changement-climatique","14":"tag-eu","15":"tag-europe","16":"tag-fr","17":"tag-france","18":"tag-info","19":"tag-inondations","20":"tag-news","21":"tag-news-paris","22":"tag-notre-planete","23":"tag-paris","24":"tag-paris-news","25":"tag-protection-de-lenvironnement","26":"tag-republique-francaise","27":"tag-seine","28":"tag-video","29":"tag-video-meteo-et-intemperies"},"share_on_mastodon":{"url":"https:\/\/pubeurope.com\/@fr\/115368635862845352","error":""},"_links":{"self":[{"href":"https:\/\/www.europesays.com\/fr\/wp-json\/wp\/v2\/posts\/460650","targetHints":{"allow":["GET"]}}],"collection":[{"href":"https:\/\/www.europesays.com\/fr\/wp-json\/wp\/v2\/posts"}],"about":[{"href":"https:\/\/www.europesays.com\/fr\/wp-json\/wp\/v2\/types\/post"}],"author":[{"embeddable":true,"href":"https:\/\/www.europesays.com\/fr\/wp-json\/wp\/v2\/users\/2"}],"replies":[{"embeddable":true,"href":"https:\/\/www.europesays.com\/fr\/wp-json\/wp\/v2\/comments?post=460650"}],"version-history":[{"count":0,"href":"https:\/\/www.europesays.com\/fr\/wp-json\/wp\/v2\/posts\/460650\/revisions"}],"wp:featuredmedia":[{"embeddable":true,"href":"https:\/\/www.europesays.com\/fr\/wp-json\/wp\/v2\/media\/460651"}],"wp:attachment":[{"href":"https:\/\/www.europesays.com\/fr\/wp-json\/wp\/v2\/media?parent=460650"}],"wp:term":[{"taxonomy":"category","embeddable":true,"href":"https:\/\/www.europesays.com\/fr\/wp-json\/wp\/v2\/categories?post=460650"},{"taxonomy":"post_tag","embeddable":true,"href":"https:\/\/www.europesays.com\/fr\/wp-json\/wp\/v2\/tags?post=460650"}],"curies":[{"name":"wp","href":"https:\/\/api.w.org\/{rel}","templated":true}]}}