{"id":460654,"date":"2025-10-13T20:01:15","date_gmt":"2025-10-13T20:01:15","guid":{"rendered":"https:\/\/www.europesays.com\/fr\/460654\/"},"modified":"2025-10-13T20:01:15","modified_gmt":"2025-10-13T20:01:15","slug":"entre-onirisme-et-philosophie-decouvrez-cette-etonnante-exposition-de-sculptures-monochromes-a-paris-paris-zigzag","status":"publish","type":"post","link":"https:\/\/www.europesays.com\/fr\/460654\/","title":{"rendered":"Entre onirisme et philosophie, d\u00e9couvrez cette \u00e9tonnante exposition de sculptures monochromes \u00e0 Paris \u2013 Paris ZigZag"},"content":{"rendered":"<p>                <img loading=\"lazy\" width=\"1200\" height=\"700\" src=\"https:\/\/www.europesays.com\/fr\/wp-content\/uploads\/2025\/10\/on-vanishingparis-zigzag-1-1.jpg\" class=\"attachment-post-thumbnail size-post-thumbnail wp-post-image\" alt=\"On Vanishing expo \u00a9 @lesnecroromantiques et @guyboyer58\" decoding=\"async\"  \/><\/p>\n<p>Jusqu\u2019au 31 octobre, deux galeries prestigieuses du 3e arrondissement se transforment en pays des merveilles. Au c\u0153ur des <strong>galeries Templon<\/strong>, <strong>Paris<\/strong> n\u2019est plus celle que l\u2019on conna\u00eet, mais prend les visages, les formes et les allures des sculptures de l\u2019artiste <strong>Hans Op de Beeck<\/strong>.<\/p>\n<p><strong>\u00c0 Paris\u2026 et dans le monde\u00a0!<\/strong><\/p>\n<p>L\u2019expo gratuite \u00ab\u00a0On Vanishing\u00a0\u00bb d\u2019<strong>Hans Op de Beeck<\/strong> ne sera pas uniquement un passe-temps pour vous. D\u00e9couvrir le monde onirique de cet artiste Belge vous offrira la possibilit\u00e9 d\u2019admirer des \u0153uvres qui ont d\u00e9j\u00e0 fait le tour du monde. <strong>Hans Op de Beeck<\/strong> est tr\u00e8s c\u00e9l\u00e8bre dans le milieu de la sculpture : entre 1999 et 2017, on lui compte cinq prix artistiques \u00e0 son actif. Si sa reconnaissance vous intrigue, nous vous encourageons \u00e0 d\u00e9couvrir <a href=\"https:\/\/www.templon.com\/fr\/artistes\/hans-op-de-beeck\/\" target=\"_blank\" rel=\"noopener nofollow\">la frise chronologique de ses expositions<\/a> \u00e0 travers le globe.<\/p>\n<p><img decoding=\"async\" loading=\"lazy\" class=\"size-full wp-image-241456\" src=\"https:\/\/www.europesays.com\/fr\/wp-content\/uploads\/2025\/10\/on-vanishing3paris-zigzag-1-1.jpg\" alt=\"On Vanishing expo \u00a9 @natgdmp et @guyboyer58\" width=\"1200\" height=\"700\"  \/><strong>On Vanishing expo \u00a9 @natgdmp et @guyboyer58<\/strong><\/p>\n<p>Ses cr\u00e9ations se d\u00e9finissent par de grandes installations, que ce soit par des sculptures, des courts-m\u00e9trages, des photographies, des textes et des peintures. En l\u2019occurrence, l\u2019expo parisienne \u00ab On Vanishing \u00bb met davantage en valeur les sculptures d\u2019<strong>Hans Op de Beeck<\/strong>. Pour cet artiste de renom, l\u2019art doit servir de stimulateur au spectateur, pour qu\u2019il vive ses propres exp\u00e9riences du monde qui l\u2019entoure. Pour lui, la \u00ab fiction visuelle \u00bb permet de s\u2019\u00e9vader, et, parfois, de mieux se comprendre. Si le pays des merveilles s\u2019\u00e9veille au c\u0153ur de<strong> Paris<\/strong>, c\u2019est parce que les sculptures d\u2019<strong>Hans Op de Beeck<\/strong> forment une r\u00e9alit\u00e9 parall\u00e8le ; une r\u00e9alit\u00e9 qui vous fera peut-\u00eatre remettre en question votre propre identit\u00e9. Vous l\u2019avez compris : entre onirisme et philosophie, il n\u2019y a qu\u2019un pas !<\/p>\n<p><img decoding=\"async\" loading=\"lazy\" class=\"size-full wp-image-241455\" src=\"https:\/\/www.europesays.com\/fr\/wp-content\/uploads\/2025\/10\/on-vanishing2paris-zigzag-1-1.jpg\" alt=\"On Vanishing expo \u00a9 @natgdmp et @guyboyer58\" width=\"1200\" height=\"700\"  \/><strong>On Vanishing expo \u00a9 @natgdmp et @guyboyer58<\/strong><br \/>\n<strong>Un voyage onirique<\/strong><\/p>\n<p>Cette exposition gratuite se d\u00e9couvre au sein de deux espaces diff\u00e9rents des <strong><a href=\"https:\/\/www.templon.com\/fr\/expositions\/on-vanishing\/\" target=\"_blank\" rel=\"noopener nofollow\">galeries Templon<\/a><\/strong>. Celles-ci se trouvent \u00e0 deux pas du <a href=\"https:\/\/www.pariszigzag.fr\/insolite\/balades-excursions\/jardin-anne-franck-paris-3\" target=\"_blank\" rel=\"noopener nofollow\">Jardin <strong>Anne Frank<\/strong><\/a>, dans le 3e arrondissement. Notez \u00e9galement qu\u2019\u00ab On Vanishing \u00bb garde de nombreuses surprises en r\u00e9serve, comme des aquarelles de l\u2019artiste et un film d\u2019animation.<\/p>\n<p><strong>Pays des merveilles<\/strong><\/p>\n<p>Plus pr\u00e9cis\u00e9ment, \u00ab On Vanishing \u00bb \u00e9voque un \u00ab\u00a0effacement\u00a0\u00bb\u00a0; ces moments o\u00f9, selon <strong>Hans Op de Beeck<\/strong>, l\u2019\u00eatre humain devient intemporel. L\u2019expo des <strong>galeries Templon<\/strong> symbolise donc l\u2019intemporalit\u00e9 de l\u2019existence, ce que nous laissons derri\u00e8re, ou ce que nous ne laissons pas. Tout cela, \u00e0 travers des sculptures merveilleuses, inqui\u00e9tantes, ou myst\u00e9rieuses. De plus, le fait que ces cr\u00e9ations soient monochromes et non color\u00e9es montre qu\u2019elles incarnent des souvenirs, des silences, des introspections. Puis, face \u00e0 chaque sculpture, une histoire reste \u00e0 \u00eatre invent\u00e9e : l\u2019objectif \u00e9tant que votre imagination continue de faire vivre l\u2019\u0153uvre, avant qu\u2019elle ne s\u2019efface de votre m\u00e9moire. Or, pour l\u2019heure, il est encore temps de vivre \u00ab On Vanishing \u00bb au pr\u00e9sent, avant la fin du mois d\u2019octobre !<\/p>\n<blockquote class=\"instagram-media\" style=\"background: #FFF; border: 0; border-radius: 3px; box-shadow: 0 0 1px 0 rgba(0,0,0,0.5),0 1px 10px 0 rgba(0,0,0,0.15); margin: 1px; max-width: 540px; min-width: 326px; padding: 0; width: calc(100% - 2px);\" data-instgrm-captioned=\"\" data-instgrm-permalink=\"https:\/\/www.instagram.com\/reel\/DPBn9YTCNb4\/?utm_source=ig_embed&amp;utm_campaign=loading\" data-instgrm-version=\"14\">\n<\/blockquote>\n<p>30 rue beaubourg, 75003<br \/>28 rue du Grenier Saint-Lazare, 75003<\/p>\n<p>M11 Rambuteau<br \/>Du mar. au sam. 10h-19h<br \/>Entr\u00e9e gratuite.<\/p>\n<p>              <script async src=\"\/\/www.instagram.com\/embed.js\"><\/script><\/p>\n","protected":false},"excerpt":{"rendered":"Jusqu\u2019au 31 octobre, deux galeries prestigieuses du 3e arrondissement se transforment en pays des merveilles. Au c\u0153ur des&hellip;\n","protected":false},"author":2,"featured_media":460655,"comment_status":"","ping_status":"","sticky":false,"template":"","format":"standard","meta":{"footnotes":""},"categories":[1888],"tags":[11,1777,674,1011,27,12,626,25],"class_list":{"0":"post-460654","1":"post","2":"type-post","3":"status-publish","4":"format-standard","5":"has-post-thumbnail","7":"category-paris","8":"tag-actualites","9":"tag-eu","10":"tag-europe","11":"tag-fr","12":"tag-france","13":"tag-news","14":"tag-paris","15":"tag-republique-francaise"},"share_on_mastodon":{"url":"https:\/\/pubeurope.com\/@fr\/115368643425106492","error":""},"_links":{"self":[{"href":"https:\/\/www.europesays.com\/fr\/wp-json\/wp\/v2\/posts\/460654","targetHints":{"allow":["GET"]}}],"collection":[{"href":"https:\/\/www.europesays.com\/fr\/wp-json\/wp\/v2\/posts"}],"about":[{"href":"https:\/\/www.europesays.com\/fr\/wp-json\/wp\/v2\/types\/post"}],"author":[{"embeddable":true,"href":"https:\/\/www.europesays.com\/fr\/wp-json\/wp\/v2\/users\/2"}],"replies":[{"embeddable":true,"href":"https:\/\/www.europesays.com\/fr\/wp-json\/wp\/v2\/comments?post=460654"}],"version-history":[{"count":0,"href":"https:\/\/www.europesays.com\/fr\/wp-json\/wp\/v2\/posts\/460654\/revisions"}],"wp:featuredmedia":[{"embeddable":true,"href":"https:\/\/www.europesays.com\/fr\/wp-json\/wp\/v2\/media\/460655"}],"wp:attachment":[{"href":"https:\/\/www.europesays.com\/fr\/wp-json\/wp\/v2\/media?parent=460654"}],"wp:term":[{"taxonomy":"category","embeddable":true,"href":"https:\/\/www.europesays.com\/fr\/wp-json\/wp\/v2\/categories?post=460654"},{"taxonomy":"post_tag","embeddable":true,"href":"https:\/\/www.europesays.com\/fr\/wp-json\/wp\/v2\/tags?post=460654"}],"curies":[{"name":"wp","href":"https:\/\/api.w.org\/{rel}","templated":true}]}}