{"id":460668,"date":"2025-10-13T20:08:13","date_gmt":"2025-10-13T20:08:13","guid":{"rendered":"https:\/\/www.europesays.com\/fr\/460668\/"},"modified":"2025-10-13T20:08:13","modified_gmt":"2025-10-13T20:08:13","slug":"a-un-mois-de-la-cop30-la-peur-dune-europe-sans-leadership-climatique","status":"publish","type":"post","link":"https:\/\/www.europesays.com\/fr\/460668\/","title":{"rendered":"\u00c0 un mois de la COP30, la peur d\u2019une Europe sans leadership climatique"},"content":{"rendered":"<p>Moins d\u2019un mois avant la 30e conf\u00e9rence climat de l\u2019ONU, de nombreux experts et ONG s\u2019inqui\u00e8tent de voir l\u2019Union europ\u00e9enne perdre son \u00ab leadership climatique \u00bb. Un atout cl\u00e9 qui, ces derni\u00e8res ann\u00e9es, lui a permis d\u2019avoir du poids dans les n\u00e9gociations des COP.<\/p>\n<p>Les derni\u00e8res tractations pour doter l&rsquo;Europe d\u2019une nouvelle \u00ab\u2009NDC\u2009\u00bb, soit un nouvel objectif de baisse d\u2019\u00e9missions de gaz \u00e0 effet de serre, suscitent en effet toutes les inqui\u00e9tudes. Alors que chaque pays ou blocs de pays est cens\u00e9 rendre sa copie avant la COP, l\u2019UE, jusqu\u2019ici exemplaire, est cette ann\u00e9e \u00e0 la tra\u00eene.<\/p>\n<p>Min\u00e9s par des divisions internes, les Vingt-Sept n&rsquo;ont pas encore act\u00e9 ce nouvel engagement commun, cens\u00e9 \u00eatre fourni en f\u00e9vrier dernier. Les pays membres ont pour l\u2019instant donn\u00e9 une \u00ab\u00a0fourchette de baisse d\u2019\u00e9mission indicative\u00a0\u00bb entre -66,25 % et -72,5 % de CO2 d\u2019ici \u00e0 2035. En sachant que la cible propos\u00e9e par la Commission est \u00e0 l\u2019origine de 90 %, d&rsquo;ici 2040.<\/p>\n","protected":false},"excerpt":{"rendered":"Moins d\u2019un mois avant la 30e conf\u00e9rence climat de l\u2019ONU, de nombreux experts et ONG s\u2019inqui\u00e8tent de voir&hellip;\n","protected":false},"author":2,"featured_media":460669,"comment_status":"","ping_status":"","sticky":false,"template":"","format":"standard","meta":{"footnotes":""},"categories":[1586],"tags":[17,11,1129,53082,4440,1777,674,1011,27,58512,2561,12,12819,25,4561],"class_list":{"0":"post-460668","1":"post","2":"type-post","3":"status-publish","4":"format-standard","5":"has-post-thumbnail","7":"category-europe","8":"tag-17","9":"tag-actualites","10":"tag-climat","11":"tag-cop30","12":"tag-dune","13":"tag-eu","14":"tag-europe","15":"tag-fr","16":"tag-france","17":"tag-leadership","18":"tag-mois","19":"tag-news","20":"tag-peur","21":"tag-republique-francaise","22":"tag-sans"},"share_on_mastodon":{"url":"https:\/\/pubeurope.com\/@fr\/115368670307661313","error":""},"_links":{"self":[{"href":"https:\/\/www.europesays.com\/fr\/wp-json\/wp\/v2\/posts\/460668","targetHints":{"allow":["GET"]}}],"collection":[{"href":"https:\/\/www.europesays.com\/fr\/wp-json\/wp\/v2\/posts"}],"about":[{"href":"https:\/\/www.europesays.com\/fr\/wp-json\/wp\/v2\/types\/post"}],"author":[{"embeddable":true,"href":"https:\/\/www.europesays.com\/fr\/wp-json\/wp\/v2\/users\/2"}],"replies":[{"embeddable":true,"href":"https:\/\/www.europesays.com\/fr\/wp-json\/wp\/v2\/comments?post=460668"}],"version-history":[{"count":0,"href":"https:\/\/www.europesays.com\/fr\/wp-json\/wp\/v2\/posts\/460668\/revisions"}],"wp:featuredmedia":[{"embeddable":true,"href":"https:\/\/www.europesays.com\/fr\/wp-json\/wp\/v2\/media\/460669"}],"wp:attachment":[{"href":"https:\/\/www.europesays.com\/fr\/wp-json\/wp\/v2\/media?parent=460668"}],"wp:term":[{"taxonomy":"category","embeddable":true,"href":"https:\/\/www.europesays.com\/fr\/wp-json\/wp\/v2\/categories?post=460668"},{"taxonomy":"post_tag","embeddable":true,"href":"https:\/\/www.europesays.com\/fr\/wp-json\/wp\/v2\/tags?post=460668"}],"curies":[{"name":"wp","href":"https:\/\/api.w.org\/{rel}","templated":true}]}}