{"id":460679,"date":"2025-10-13T20:16:11","date_gmt":"2025-10-13T20:16:11","guid":{"rendered":"https:\/\/www.europesays.com\/fr\/460679\/"},"modified":"2025-10-13T20:16:11","modified_gmt":"2025-10-13T20:16:11","slug":"nick-kyrgios-parle-avec-emotion-de-son-futur","status":"publish","type":"post","link":"https:\/\/www.europesays.com\/fr\/460679\/","title":{"rendered":"Nick Kyrgios parle avec \u00e9motion de son futur"},"content":{"rendered":"<p>                <img decoding=\"async\" src=\"https:\/\/www.europesays.com\/fr\/wp-content\/uploads\/2025\/10\/uq2R.jpg\" fetchpriority=\"high\" alt=\"\u00ab Je ne veux pas finir en d\u00e9testant le tennis \u00bb : Nick Kyrgios parle avec \u00e9motion de son futur\"\/><\/p>\n<p>\u00c0 30 ans, Nick Kyrgios regarde d\u00e9j\u00e0 vers la sortie. L\u2019Australien, qui n\u2019a plus jou\u00e9 depuis le printemps, confie se pr\u00e9parer \u00ab pour ses derniers tournois \u00bb, avec un ultime objectif en t\u00eate : dire au revoir \u00e0 Melbourne.<\/p>\n<p>Nick Kyrgios n\u2019a plus \u00e9t\u00e9 aper\u00e7u sur un court de tennis depuis le Masters 1000 de Miami en mars et une \u00e9limination au deuxi\u00e8me tour. G\u00ean\u00e9 par un poignet douloureux et hors de forme sur le plan physique, l\u2019Australien ne se fait pas d\u2019illusions quant \u00e0 son avenir sur le circuit.<\/p>\n<p>C\u2019est en tout cas ce qu\u2019il a admis dans le podcast Unscripted, \u00e9voquant sa condition physique et une possible retraite \u00e0 l\u2019Open d\u2019Australie :<\/p>\n<p>\u00ab Je m\u2019entra\u00eene et joue pratiquement chaque jour. Je ne fais simplement pas de comp\u00e9tition. Le calendrier est presque termin\u00e9 en termes de tournois, mais je me pr\u00e9pare pour certains \u00e9v\u00e8nements.<\/p>\n<p>Je suis conscient que j\u2019arrive vers la fin de ma carri\u00e8re. Je ne peux pas subir une nouvelle op\u00e9ration qui m\u2019\u00e9loignerait des courts six \u00e0 neuf mois.<\/p>\n<p>Tu ne veux pas en arriver au point o\u00f9 tu commences \u00e0 d\u00e9tester ton m\u00e9tier ou ce que tu fais. Quand tu entres sur le court et que tu ne peux pas t\u2019entra\u00eener sans douleur ou autre, \u00e7a te laisse un go\u00fbt amer dans la bouche. [\u2026]<\/p>\n<p>Je jouerai certainement l\u2019Open d\u2019Australie. Je ne sais pas encore exactement \u00e0 quels tournois je participerai, mais je ferai mes adieux \u00e0 l\u2019Open d\u2019Australie une fois de plus. Je ne sais pas si ce sera ma derni\u00e8re saison. C\u2019est difficile, parce que je sais ce qu\u2019il faut pour atteindre ce niveau et si tu peux encha\u00eener ces journ\u00e9es ou non. \u00bb<\/p>\n","protected":false},"excerpt":{"rendered":"\u00c0 30 ans, Nick Kyrgios regarde d\u00e9j\u00e0 vers la sortie. L\u2019Australien, qui n\u2019a plus jou\u00e9 depuis le printemps,&hellip;\n","protected":false},"author":2,"featured_media":460680,"comment_status":"","ping_status":"","sticky":false,"template":"","format":"standard","meta":{"footnotes":""},"categories":[1415],"tags":[1011,27,60,1467],"class_list":{"0":"post-460679","1":"post","2":"type-post","3":"status-publish","4":"format-standard","5":"has-post-thumbnail","7":"category-tennis","8":"tag-fr","9":"tag-france","10":"tag-sports","11":"tag-tennis"},"share_on_mastodon":{"url":"https:\/\/pubeurope.com\/@fr\/115368702204929293","error":""},"_links":{"self":[{"href":"https:\/\/www.europesays.com\/fr\/wp-json\/wp\/v2\/posts\/460679","targetHints":{"allow":["GET"]}}],"collection":[{"href":"https:\/\/www.europesays.com\/fr\/wp-json\/wp\/v2\/posts"}],"about":[{"href":"https:\/\/www.europesays.com\/fr\/wp-json\/wp\/v2\/types\/post"}],"author":[{"embeddable":true,"href":"https:\/\/www.europesays.com\/fr\/wp-json\/wp\/v2\/users\/2"}],"replies":[{"embeddable":true,"href":"https:\/\/www.europesays.com\/fr\/wp-json\/wp\/v2\/comments?post=460679"}],"version-history":[{"count":0,"href":"https:\/\/www.europesays.com\/fr\/wp-json\/wp\/v2\/posts\/460679\/revisions"}],"wp:featuredmedia":[{"embeddable":true,"href":"https:\/\/www.europesays.com\/fr\/wp-json\/wp\/v2\/media\/460680"}],"wp:attachment":[{"href":"https:\/\/www.europesays.com\/fr\/wp-json\/wp\/v2\/media?parent=460679"}],"wp:term":[{"taxonomy":"category","embeddable":true,"href":"https:\/\/www.europesays.com\/fr\/wp-json\/wp\/v2\/categories?post=460679"},{"taxonomy":"post_tag","embeddable":true,"href":"https:\/\/www.europesays.com\/fr\/wp-json\/wp\/v2\/tags?post=460679"}],"curies":[{"name":"wp","href":"https:\/\/api.w.org\/{rel}","templated":true}]}}