{"id":460689,"date":"2025-10-13T20:22:14","date_gmt":"2025-10-13T20:22:14","guid":{"rendered":"https:\/\/www.europesays.com\/fr\/460689\/"},"modified":"2025-10-13T20:22:14","modified_gmt":"2025-10-13T20:22:14","slug":"il-nest-pas-revenu-depuis-laurent-ruquier-annonce-le-retour-prochain-dun-membre-emblematique-des-grosses-tetes-sur-rtl","status":"publish","type":"post","link":"https:\/\/www.europesays.com\/fr\/460689\/","title":{"rendered":"\u00ab\u00a0Il n&rsquo;est pas revenu depuis&#8230;\u00a0\u00bb : Laurent Ruquier annonce le retour prochain d&rsquo;un membre embl\u00e9matique des Grosses T\u00eates sur RTL"},"content":{"rendered":"<p>            <img loading=\"lazy\" decoding=\"async\" src=\"https:\/\/www.europesays.com\/fr\/wp-content\/uploads\/2025\/04\/70-60dc2d431f18d-35x35-1.jpg\" class=\"author-article-picture\" width=\"35\" height=\"35\"\/><\/p>\n<p>                Par<br \/>\n                                    <a class=\"author-article-bio-link\" href=\"https:\/\/www.purepeople.com\/auteur\/liane-lazaar_a70\" target=\"_blank\" rel=\"noopener\">Liane Lazaar<\/a><br \/>\n                                                    | R\u00e9dactrice<\/p>\n<p>\n                Liane Lazaar est r\u00e9dactrice web rattach\u00e9e au p\u00f4le TV de Purepeople.com. Elle conna\u00eet autant le parcours de Jean-Pierre Pernaut sur TF1 que les derniers rebondissements des candidats de t\u00e9l\u00e9-r\u00e9alit\u00e9 et a un go\u00fbt prononc\u00e9 pour les histoires de coeur.\n            <\/p>\n<p>\n    Voil\u00e0 une bonne nouvelle qui a \u00e9t\u00e9 annonc\u00e9e dans \u00ab\u00a0Les Grosses T\u00eates\u00a0\u00bb ce lundi 13 octobre ! Laurent Ruquier a fait savoir qu&rsquo;un soci\u00e9taire embl\u00e9matique ferait prochainement son retour dans l&rsquo;\u00e9mission de RTL, apr\u00e8s plusieurs semaines d&rsquo;absence.\n<\/p>\n<p>                            <img loading=\"lazy\" decoding=\"async\" class=\"player-thumbnail\" src=\"https:\/\/www.europesays.com\/fr\/wp-content\/uploads\/2025\/10\/6639390f12dd16a4-580x326-1.jpg\" width=\"580\" height=\"326\"\/><\/p>\n<p>                    \u00ab\u00a0Il n&rsquo;est pas revenu depuis&#8230;\u00a0\u00bb : Laurent Ruquier annonce le retour prochain d&rsquo;un membre embl\u00e9matique des Grosses T\u00eates sur RTL<\/p>\n<p>La suite apr\u00e8s la publicit\u00e9<\/p>\n<p>Ce lundi 13 octobre, <a href=\"https:\/\/www.purepeople.com\/people\/laurent-ruquier_p200\" target=\"_blank\" rel=\"noopener\">Laurent Ruquier<\/a> \u00e9tait de nouveau diffus\u00e9 sur les ondes de RTL, dans son \u00e9mission <strong>Les Grosses T\u00eates<\/strong>. Entour\u00e9 de sa bande, le journaliste qui officie aussi sur <a href=\"https:\/\/www.purepeople.com\/article\/personne-ne-le-savait-laurent-ruquier-annonce-larrivee-dune-animatrice-star-sur-t18_a539055\/1\" target=\"_blank\" rel=\"noopener\">la nouvelle cha\u00eene T18 o\u00f9 il pr\u00e9sente Chez Ruquier<\/a> chaque samedi a comme toujours propos\u00e9 une petite devinette. Cette fois, il fallait trouver le nom de la personnalit\u00e9 ayant d\u00e9j\u00e0 d\u00e9clar\u00e9 : \u00ab\u00a0un radar, c&rsquo;est un appareil qui fait des photos floues et hors de prix\u00a0\u00bb.<\/p>\n<p>Pour aider ses soci\u00e9taires, Laurent Ruquier a pr\u00e9cis\u00e9 que cette personne conduisait un deux-roues et qu&rsquo;il s&rsquo;agissait surtout d&rsquo;un membre embl\u00e9matique des Grosses T\u00eates. Un membre qui fera m\u00eame prochainement son grand retour dans le programme radio. \u00ab\u00a0<strong>C&rsquo;est une grosse t\u00eate d&rsquo;ailleurs, c&rsquo;est quelqu&rsquo;un qui va revenir. Il n&rsquo;est pas revenu depuis la rentr\u00e9e, mais il \u00e9tait tr\u00e8s occup\u00e9<\/strong>\u00ab\u00a0, a d\u00e9clar\u00e9 l&rsquo;animateur, permettant \u00e0 Philippe Boxho de trouver la bonne r\u00e9ponse : <a href=\"https:\/\/www.purepeople.com\/people\/laurent-baffie_p174\" target=\"_blank\" rel=\"noopener\">Laurent Baffie<\/a>.<\/p>\n<p>Laurent Baffie sur tous les fronts<\/p>\n<p>La date du retour de Laurent Baffie n&rsquo;a pas \u00e9t\u00e9 pr\u00e9cis\u00e9e mais, en effet, ce dernier se consacre \u00e0 d&rsquo;autres projets en parall\u00e8le. Il a notamment lanc\u00e9 un podcast appel\u00e9 Coloscopie. L&rsquo;ancien sniper de Salut les terriens et grand ami de <a href=\"https:\/\/www.purepeople.com\/people\/thierry-ardisson_p176\" target=\"_blank\" rel=\"noopener\">Thierry Ardisson<\/a> (<a href=\"https:\/\/www.purepeople.com\/article\/je-voulais-rectifier-des-choses-audrey-crespo-mara-dans-quotidien-pour-evoquer-le-depart-tres-commente-de-thierry-ardisson_a542068\/1\" target=\"_blank\" rel=\"noopener\">disparu le 14 juillet dernier<\/a>) y re\u00e7oit des artistes, com\u00e9diens, personnalit\u00e9s diverses et les interview \u00e0 sa fa\u00e7on avec au programme des jeux, canulars, quizz d\u00e9jant\u00e9s et autres surprises.<\/p>\n<p>Il se produit aussi en outre au th\u00e9\u00e2tre avec son spectacle Oh putain Laurent !, dans lequel il parle de sa vie, de ses ann\u00e9es t\u00e9l\u00e9 avec Ardisson ou encore des moments o\u00f9 il est peut \u00eatre all\u00e9 trop loin&#8230; Le tout en gardant son ton sans filtre bien s\u00fbr. Un spectacle qu&rsquo;il a pr\u00e9vu de d\u00e9fendre jusqu&rsquo;au moins le d\u00e9but de l&rsquo;ann\u00e9e 2026.<\/p>\n","protected":false},"excerpt":{"rendered":"Par Liane Lazaar | R\u00e9dactrice Liane Lazaar est r\u00e9dactrice web rattach\u00e9e au p\u00f4le TV de Purepeople.com. Elle conna\u00eet&hellip;\n","protected":false},"author":2,"featured_media":460690,"comment_status":"","ping_status":"","sticky":false,"template":"","format":"standard","meta":{"footnotes":""},"categories":[1359],"tags":[58,59,1011,27,973],"class_list":{"0":"post-460689","1":"post","2":"type-post","3":"status-publish","4":"format-standard","5":"has-post-thumbnail","7":"category-people","8":"tag-divertissement","9":"tag-entertainment","10":"tag-fr","11":"tag-france","12":"tag-people"},"share_on_mastodon":{"url":"https:\/\/pubeurope.com\/@fr\/115368726299790265","error":""},"_links":{"self":[{"href":"https:\/\/www.europesays.com\/fr\/wp-json\/wp\/v2\/posts\/460689","targetHints":{"allow":["GET"]}}],"collection":[{"href":"https:\/\/www.europesays.com\/fr\/wp-json\/wp\/v2\/posts"}],"about":[{"href":"https:\/\/www.europesays.com\/fr\/wp-json\/wp\/v2\/types\/post"}],"author":[{"embeddable":true,"href":"https:\/\/www.europesays.com\/fr\/wp-json\/wp\/v2\/users\/2"}],"replies":[{"embeddable":true,"href":"https:\/\/www.europesays.com\/fr\/wp-json\/wp\/v2\/comments?post=460689"}],"version-history":[{"count":0,"href":"https:\/\/www.europesays.com\/fr\/wp-json\/wp\/v2\/posts\/460689\/revisions"}],"wp:featuredmedia":[{"embeddable":true,"href":"https:\/\/www.europesays.com\/fr\/wp-json\/wp\/v2\/media\/460690"}],"wp:attachment":[{"href":"https:\/\/www.europesays.com\/fr\/wp-json\/wp\/v2\/media?parent=460689"}],"wp:term":[{"taxonomy":"category","embeddable":true,"href":"https:\/\/www.europesays.com\/fr\/wp-json\/wp\/v2\/categories?post=460689"},{"taxonomy":"post_tag","embeddable":true,"href":"https:\/\/www.europesays.com\/fr\/wp-json\/wp\/v2\/tags?post=460689"}],"curies":[{"name":"wp","href":"https:\/\/api.w.org\/{rel}","templated":true}]}}