{"id":460695,"date":"2025-10-13T20:25:15","date_gmt":"2025-10-13T20:25:15","guid":{"rendered":"https:\/\/www.europesays.com\/fr\/460695\/"},"modified":"2025-10-13T20:25:15","modified_gmt":"2025-10-13T20:25:15","slug":"cyril-hanouna-et-ses-chroniqueurs-raillent-les-ventes-du-livre-de-jean-michel-aphatie","status":"publish","type":"post","link":"https:\/\/www.europesays.com\/fr\/460695\/","title":{"rendered":"Cyril Hanouna et ses chroniqueurs raillent les ventes du livre de Jean-Michel Aphatie"},"content":{"rendered":"<p>    Cyril Hanouna raille les ventes du livre de Jean-Michel Aphatie<br \/>\n                Captures \u00e9cran<\/p>\n<p>\n    Le journaliste qui officie chaque soir dans \u00abQuotidien\u00bb a publi\u00e9 une enqu\u00eate au mois de septembre sur le trublion du PAF. Pour le plus grand plaisir de l\u2019animateur de \u00abTout beau tout neuf\u00bb et malgr\u00e9 une belle promotion, l\u2019ouvrage ne se vend pas.<\/p>\n<p class=\"fig-paragraph\"><a href=\"http:\/\/tvmag.lefigaro.fr\/programme-tv\/people\/je-n-aime-pas-la-mechancete-gratuite-lola-dewaere-tacle-cyril-hanouna-20251013\" target=\"_blank\" data-fig-type=\"Article\" rel=\"noopener\" data-gtm-custom-categorie=\"navigation\" data-gtm-custom-action=\"crossclick\" data-gtm-custom-label=\"Contextuel\" data-gtm-event=\"customEventSPE\" data-fig-domain=\"TVMAG\"><strong>Cyril Hanouna<\/strong><\/a> \u00a0jubile ce lundi 13 octobre. \u00ab\u00c0 mon avis, il va s\u2019acheter une maison Playmobil\u00bb avec les recettes de son livre, ironise l\u2019animateur de \u00abTout beau tout neuf\u00bb en faisant r\u00e9f\u00e9rence \u00e0\u00a0<a href=\"http:\/\/tvmag.lefigaro.fr\/programme-tv\/actu-tele\/j-ai-ete-utilise-jacques-cardoze-temoigne-dans-le-livre-a-charge-contre-cyril-hanouna-ecrit-par-jean-michel-aphatie-20250921\" target=\"_blank\" data-fig-type=\"Article\" rel=\"noopener\" data-gtm-custom-categorie=\"navigation\" data-gtm-custom-action=\"crossclick\" data-gtm-custom-label=\"Contextuel\" data-gtm-event=\"customEventSPE\" data-fig-domain=\"TVMAG\"><strong>Jean-Michel Aphatie<\/strong><\/a> . Le chroniqueur de \u00abQuotidien\u00bb a publi\u00e9 le 18 septembre dernier aux \u00e9ditions Robert Laffont\u00a0<a href=\"http:\/\/tvmag.lefigaro.fr\/programme-tv\/actu-tele\/t-es-une-merde-frere-le-livre-explosif-de-jean-michel-aphatie-sur-cyril-hanouna-20250906\" target=\"_blank\" data-fig-type=\"Article\" rel=\"noopener\" data-gtm-custom-categorie=\"navigation\" data-gtm-custom-action=\"crossclick\" data-gtm-custom-label=\"Contextuel\" data-gtm-event=\"customEventSPE\" data-fig-domain=\"TVMAG\">T\u2019es une merde fr\u00e8re<\/a> . Un ouvrage qu\u2019il d\u00e9crit comme une \u00abenqu\u00eate sur celui qui a cr\u00e9\u00e9 la Trump t\u00e9l\u00e9 \u00e0 la fran\u00e7aise\u00bb.<\/p>\n<p class=\"fig-paragraph\">Tir\u00e9 \u00e0 15 000 exemplaires, le livre ne s\u2019est \u00e9coul\u00e9 qu\u2019\u00e0 1.611 exemplaires entre le jour de sa sortie et le 5 octobre, selon les chiffres de l\u2019institut GfK. \u00abUn fiasco absolu, un bide monumental\u00bb, estime\u00a0<a href=\"http:\/\/tvmag.lefigaro.fr\/programme-tv\/actu-tele\/matthieu-delormeau-presente-ses-excuses-a-gilles-verdez-apres-l-avoir-accuse-d-etre-homophobe-et-antisemite-20250915\" target=\"_blank\" data-fig-type=\"Article\" rel=\"noopener\" data-gtm-custom-categorie=\"navigation\" data-gtm-custom-action=\"crossclick\" data-gtm-custom-label=\"Contextuel\" data-gtm-event=\"customEventSPE\" data-fig-domain=\"TVMAG\">Gilles Verdez<\/a>\u00a0sur le plateau du talk-show de W9.<\/p>\n<p>                                    <a class=\"fig-a11y-skip a11y-hidden\" href=\"#fig-a11y-skip-main-inarticle\"><br \/>\n        Passer la publicit\u00e9<br \/>\n    <\/a><\/p>\n<p>Un titre inspir\u00e9 d\u2019un SMS de Cyril Hanouna<\/p>\n<p class=\"fig-paragraph\">Le titre \u00e9tait pourtant percutant. Jean-Michel Aphatie s\u2019est inspir\u00e9 d\u2019un SMS qu\u2019aurait envoy\u00e9 Cyril Hanouna quand le journaliste lui a propos\u00e9 de r\u00e9pondre \u00e0 ses questions pendant sa r\u00e9daction. \u00ab Tout le monde s\u2019en balec\u2019 de ton livre. T\u2019es une demer fr\u00e8re\u00bb, lui aurait r\u00e9pondu l\u2019animateur de \u00abTBT9\u00bb. \u00abLe seul truc qui \u00e9tait bon, c\u2019\u00e9tait le titre, mais ce n\u2019\u00e9tait pas de lui\u00bb, ironise ce soir le chroniqueur Olivier Dartigolles.<\/p>\n<p class=\"fig-paragraph\">\u00abPour Jean-Michel Aphatie c\u2019est une catastrophe puisqu\u2019il misait \u00e9norm\u00e9ment l\u00e0-dessus. Il tombe de haut, de dix \u00e9tages. Il a compl\u00e8tement foir\u00e9 son projet. \u00c0 un moment il faut se regarder dans le miroir et faire face \u00e0 ses \u00e9checs\u00bb, poursuit Gilles Verdez. \u00abOn l\u2019avait dit\u00bb, conclut de son c\u00f4t\u00e9 Cyril Hanouna.<\/p>\n<p class=\"fig-paragraph\">Entre Jean-Michel Aphatie et le trublion de PAF, l\u2019\u00e9change d\u2019amabilit\u00e9s est un ping-pong sans fin. Chacun usant de sa notori\u00e9t\u00e9 en plateau ou sur les r\u00e9seaux sociaux pour critiquer l\u2019autre. \u00abIl se m\u00eale de tout, c\u2019est incroyable. C\u2019est un pauvre gars, il me fait de la peine. Il n\u2019existe plus, on le fait exister pour rien. On va le laisser faire ses trucs, il est content de tweeter\u00bb,<a href=\"http:\/\/tvmag.lefigaro.fr\/programme-tv\/actu-tele\/c-est-un-pauvre-gars-il-me-fait-de-la-peine-cyril-hanouna-repond-a-jean-michel-aphatie-apres-ses-critiques-contre-christine-kelly-20241016\" target=\"_blank\" data-fig-type=\"Article\" rel=\"noopener\" data-gtm-custom-categorie=\"navigation\" data-gtm-custom-action=\"crossclick\" data-gtm-custom-label=\"Contextuel\" data-gtm-event=\"customEventSPE\" data-fig-domain=\"TVMAG\">\u00a0d\u00e9clarait encore<\/a>\u00a0Cyril Hanouna l\u2019ann\u00e9e derni\u00e8re sur feu C8.<\/p>\n","protected":false},"excerpt":{"rendered":"Cyril Hanouna raille les ventes du livre de Jean-Michel Aphatie Captures \u00e9cran Le journaliste qui officie chaque soir&hellip;\n","protected":false},"author":2,"featured_media":460696,"comment_status":"","ping_status":"","sticky":false,"template":"","format":"standard","meta":{"footnotes":""},"categories":[1356],"tags":[1083,58,59,1011,27,45795,252,1364],"class_list":{"0":"post-460695","1":"post","2":"type-post","3":"status-publish","4":"format-standard","5":"has-post-thumbnail","7":"category-television","8":"tag-cyril-hanouna","9":"tag-divertissement","10":"tag-entertainment","11":"tag-fr","12":"tag-france","13":"tag-jean-michel-aphatie","14":"tag-television","15":"tag-tv"},"share_on_mastodon":{"url":"https:\/\/pubeurope.com\/@fr\/115368737184131222","error":""},"_links":{"self":[{"href":"https:\/\/www.europesays.com\/fr\/wp-json\/wp\/v2\/posts\/460695","targetHints":{"allow":["GET"]}}],"collection":[{"href":"https:\/\/www.europesays.com\/fr\/wp-json\/wp\/v2\/posts"}],"about":[{"href":"https:\/\/www.europesays.com\/fr\/wp-json\/wp\/v2\/types\/post"}],"author":[{"embeddable":true,"href":"https:\/\/www.europesays.com\/fr\/wp-json\/wp\/v2\/users\/2"}],"replies":[{"embeddable":true,"href":"https:\/\/www.europesays.com\/fr\/wp-json\/wp\/v2\/comments?post=460695"}],"version-history":[{"count":0,"href":"https:\/\/www.europesays.com\/fr\/wp-json\/wp\/v2\/posts\/460695\/revisions"}],"wp:featuredmedia":[{"embeddable":true,"href":"https:\/\/www.europesays.com\/fr\/wp-json\/wp\/v2\/media\/460696"}],"wp:attachment":[{"href":"https:\/\/www.europesays.com\/fr\/wp-json\/wp\/v2\/media?parent=460695"}],"wp:term":[{"taxonomy":"category","embeddable":true,"href":"https:\/\/www.europesays.com\/fr\/wp-json\/wp\/v2\/categories?post=460695"},{"taxonomy":"post_tag","embeddable":true,"href":"https:\/\/www.europesays.com\/fr\/wp-json\/wp\/v2\/tags?post=460695"}],"curies":[{"name":"wp","href":"https:\/\/api.w.org\/{rel}","templated":true}]}}