{"id":46070,"date":"2025-04-23T08:10:11","date_gmt":"2025-04-23T08:10:11","guid":{"rendered":"https:\/\/www.europesays.com\/fr\/46070\/"},"modified":"2025-04-23T08:10:11","modified_gmt":"2025-04-23T08:10:11","slug":"le-porte-avions-charles-de-gaulle-bientot-de-retour-a-toulon","status":"publish","type":"post","link":"https:\/\/www.europesays.com\/fr\/46070\/","title":{"rendered":"Le porte-avions Charles de Gaulle bient\u00f4t de retour \u00e0 Toulon"},"content":{"rendered":"<p><img loading=\"lazy\" decoding=\"async\" alt=\"Marine nationale - Le porte-avions Charles-de-Gaulle en Mer Eg\u00e9e, pour une op\u00e9ration en lien avec la marine nationale Grecque.\" data-zoom-src=\"https:\/\/www.europesays.com\/fr\/wp-content\/uploads\/2025\/04\/initial-porte-avions-charles-de-gaulle.jpg\" data-zoomable=\"\" height=\"702\" src=\"https:\/\/www.europesays.com\/fr\/wp-content\/uploads\/2025\/04\/initial-porte-avions-charles-de-gaulle.jpg\" width=\"1248\"\/>  <\/p>\n<p class=\"article-desc\">Marine nationale &#8211; Le porte-avions Charles-de-Gaulle en Mer Eg\u00e9e, pour une op\u00e9ration en lien avec la marine nationale Grecque. <\/p>\n<p>Le <strong>retour \u00e0 Toulon du groupe a\u00e9ronaval fran\u00e7ais<\/strong>, autour du <strong>Charles-de-Gaulle<\/strong>, se fait progressivement. Une fr\u00e9gate d&rsquo;escorte du porte-avions est d\u00e9j\u00e0 rentr\u00e9e dans la rade de Toulon. Selon nos confr\u00e8res de <a href=\"https:\/\/www.meretmarine.com\/fr\/defense\/le-groupe-aeronaval-francais-rentre-progressivement-a-toulon\" rel=\"noopener nofollow\" target=\"_blank\">Mer et Marine<\/a>, la FREMM La Provence est revenue le 15 avril. <\/p>\n<p>Le porte avion Charles-de-Gaulle en M\u00e9diterran\u00e9e <\/p>\n<p>Le porte-avions Charles-de-Gaulle est en M\u00e9diterran\u00e9e. Il a franchi le canal de Suez <a href=\"https:\/\/mesinfos.fr\/83000-toulon\/le-charles-de-gaulle-quitte-toulon-pour-une-mission-sensible-de-4-mois-211561.html\" rel=\"noopener nofollow\" target=\"_blank\">le 9 avril, ce qui a marqu\u00e9 la fin de son d\u00e9ploiement dans l&rsquo;oc\u00e9an Indien, apr\u00e8s Cl\u00e9menceau 25, une longue mission de pr\u00e9s de cinq mois en indo-pacifique<\/a>. <\/p>\n<blockquote class=\"twitter-tweet\">\n<p dir=\"ltr\" lang=\"fr\">Le groupe a\u00e9ronaval, compos\u00e9 du porte-avions Charles De Gaulle et de ses escorteurs, a franchi le canal de Suez, marquant la fin de son d\u00e9ploiement en oc\u00e9an Indien et le d\u00e9but d&rsquo;une nouvelle phase de la mission <a href=\"https:\/\/twitter.com\/hashtag\/CLEMENCEAU25?src=hash&amp;ref_src=twsrc%5Etfw\" rel=\"nofollow noopener\" target=\"_blank\">#CLEMENCEAU25<\/a> en mer M\u00e9diterran\u00e9e. <a href=\"https:\/\/t.co\/KsYLms9tFN\" rel=\"nofollow\">pic.twitter.com\/KsYLms9tFN<\/a><\/p>\n<p> \u2014 Cecmed (@Cecmed_Off) <a href=\"https:\/\/twitter.com\/Cecmed_Off\/status\/1909903508725194942?ref_src=twsrc%5Etfw\" rel=\"nofollow noopener\" target=\"_blank\">April 9, 2025<\/a><\/p><\/blockquote>\n<p>Apr\u00e8s les op\u00e9rations Varuna, <a href=\"https:\/\/mesinfos.fr\/83000-toulon\/le-charles-de-gaulle-en-manoeuvre-en-mer-de-philippines-216140.html\" rel=\"noopener nofollow\" target=\"_blank\">La P\u00e9rouse <\/a>et Pacific Steller, puis une contribution op\u00e9rationnelle en Mer Rouge, le Charles-de-Gaulle a poursuivi sa mission en M\u00e9diterran\u00e9e, sur les flancs Sud-Est des limites de l&rsquo;Europe. Son groupe a\u00e9rien embarqu\u00e9 a \u00e9t\u00e9 projet\u00e9 au-dessus de la mer Noire pour contribuer au renforcement de <strong>la posture d\u00e9fensive de l\u2019OTAN<\/strong>.<\/p>\n<p>Sur la route du retour <strong>des missions de coop\u00e9ration op\u00e9rationnelle<\/strong> ont aussi \u00e9t\u00e9 r\u00e9alis\u00e9es, notamment avec les forces de d\u00e9fense chypriotes et avec la marine grecque. Le 14 avril, en Mer Eg\u00e9e, des simulations de <strong>combats a\u00e9riens<\/strong> ont \u00e9t\u00e9 men\u00e9es entre Rafales de la Marine nationale fran\u00e7aise et de la force a\u00e9rienne grecque. Le 14 avril, la FREMM Alsace, en escale au port du Pir\u00e9e a eu la visite de S\u00e9bastien Lecornu, le ministre de la D\u00e9fense. <\/p>\n<p> Le groupe a\u00e9ronaval se rapproche de Toulon <\/p>\n<p>Mais cette derni\u00e8re mission du groupe a\u00e9ronaval fran\u00e7ais s&rsquo;ach\u00e8ve. Le <strong>porte-avions Charles-de-Gaulle<\/strong> serait attendu en rade de Toulon en fin de semaine. Les familles de marins et les toulonnais devraient suivre sa rentr\u00e9e en rade de Toulon depuis <strong>les digues du Mourillon.<\/strong><\/p>\n<p><script async src=\"https:\/\/platform.twitter.com\/widgets.js\" charset=\"utf-8\"><\/script><\/p>\n","protected":false},"excerpt":{"rendered":"Marine nationale &#8211; Le porte-avions Charles-de-Gaulle en Mer Eg\u00e9e, pour une op\u00e9ration en lien avec la marine nationale&hellip;\n","protected":false},"author":2,"featured_media":46071,"comment_status":"","ping_status":"","sticky":false,"template":"","format":"standard","meta":{"footnotes":""},"categories":[9619],"tags":[1111,11,1777,674,1011,27,12,13521,882,25,2310],"class_list":{"0":"post-46070","1":"post","2":"type-post","3":"status-publish","4":"format-standard","5":"has-post-thumbnail","7":"category-toulon","8":"tag-actu","9":"tag-actualites","10":"tag-eu","11":"tag-europe","12":"tag-fr","13":"tag-france","14":"tag-news","15":"tag-porte-avions-charles-de-gaulle","16":"tag-provence-alpes-cote-dazur","17":"tag-republique-francaise","18":"tag-toulon"},"share_on_mastodon":{"url":"https:\/\/pubeurope.com\/@fr\/114386267413240911","error":""},"_links":{"self":[{"href":"https:\/\/www.europesays.com\/fr\/wp-json\/wp\/v2\/posts\/46070","targetHints":{"allow":["GET"]}}],"collection":[{"href":"https:\/\/www.europesays.com\/fr\/wp-json\/wp\/v2\/posts"}],"about":[{"href":"https:\/\/www.europesays.com\/fr\/wp-json\/wp\/v2\/types\/post"}],"author":[{"embeddable":true,"href":"https:\/\/www.europesays.com\/fr\/wp-json\/wp\/v2\/users\/2"}],"replies":[{"embeddable":true,"href":"https:\/\/www.europesays.com\/fr\/wp-json\/wp\/v2\/comments?post=46070"}],"version-history":[{"count":0,"href":"https:\/\/www.europesays.com\/fr\/wp-json\/wp\/v2\/posts\/46070\/revisions"}],"wp:featuredmedia":[{"embeddable":true,"href":"https:\/\/www.europesays.com\/fr\/wp-json\/wp\/v2\/media\/46071"}],"wp:attachment":[{"href":"https:\/\/www.europesays.com\/fr\/wp-json\/wp\/v2\/media?parent=46070"}],"wp:term":[{"taxonomy":"category","embeddable":true,"href":"https:\/\/www.europesays.com\/fr\/wp-json\/wp\/v2\/categories?post=46070"},{"taxonomy":"post_tag","embeddable":true,"href":"https:\/\/www.europesays.com\/fr\/wp-json\/wp\/v2\/tags?post=46070"}],"curies":[{"name":"wp","href":"https:\/\/api.w.org\/{rel}","templated":true}]}}